{"id":4216,"date":"2019-01-03T10:37:30","date_gmt":"2019-01-03T12:37:30","guid":{"rendered":"http:\/\/www.metagal.com.br\/blog\/?p=4216"},"modified":"2019-01-03T10:37:30","modified_gmt":"2019-01-03T12:37:30","slug":"desafios-da-industria-automotiva","status":"publish","type":"post","link":"https:\/\/www.metagal.com.br\/blog\/desafios-da-industria-automotiva\/","title":{"rendered":"Os desafios da ind\u00fastria automotiva depois da crise"},"content":{"rendered":"<p><span style=\"font-weight: 400;\">Superar os estragos causados pelo per\u00edodo de recess\u00e3o n\u00e3o \u00e9 tarefa f\u00e1cil para a <\/span><b>ind\u00fastria automotiva,<\/b><span style=\"font-weight: 400;\"> especialmente quando se tem a <\/span><b>pol\u00edtica econ\u00f4mica<\/b><span style=\"font-weight: 400;\"> de governos anteriores como grande respons\u00e1vel por agravar ainda mais a falta de estrutura, burocracia do sistema tribut\u00e1rio e inseguran\u00e7a jur\u00eddica presente no pa\u00eds.<\/span><\/p>\n<p><span style=\"font-weight: 400;\">Para entender o cen\u00e1rio completo, \u00e9 interessante nos situarmos quanto a ind\u00fastria nacional como um todo. Em 2017, o <\/span><b>setor industrial brasileiro <\/b><span style=\"font-weight: 400;\">representou apenas 1,98% dos manufaturados produzidos no mundo, de acordo com a Confedera\u00e7\u00e3o Nacional da Ind\u00fastria. <\/span><\/p>\n<p><span style=\"font-weight: 400;\">Essa perda de espa\u00e7o acontece desde 1995, quando ainda det\u00ednhamos 3,98% do total mundial, mas acentuou-se consideravelmente, j\u00e1 que, em 30 anos, \u00e9 a primeira vez que o \u00edndice fica <\/span><b>abaixo de 2%.<\/b><\/p>\n<p><span style=\"font-weight: 400;\">No entanto, apesar do panorama geral, alguns n\u00fameros da ind\u00fastria automotiva em espec\u00edfico s\u00e3o considerados <\/span><b>animadores<\/b><span style=\"font-weight: 400;\"> e, aliados \u00e0 mudan\u00e7as estruturais e financeiras necess\u00e1rias, podem significar novas oportunidades para o setor!<\/span><\/p>\n<h2><b>Ind\u00fastria automotiva<\/b><\/h2>\n<p><span style=\"font-weight: 400;\">O <\/span><b>segmento automobil\u00edstico <\/b><span style=\"font-weight: 400;\">passou por transforma\u00e7\u00f5es intensas desde ent\u00e3o e, embora ainda menor do que foi at\u00e9 2014, tem se desdobrado para vencer dificuldades como altos impostos, falta de investimento em tecnologia e, consequentemente, falta de competitividade.<\/span><\/p>\n<p><span style=\"font-weight: 400;\">O setor fechou o ano de 2018 com <\/span><b>crescimento de 15 a 16%, <\/b><span style=\"font-weight: 400;\">e a expectativa de montadoras como a Ford \u00e9 que ocorra uma nova expans\u00e3o, de 10 a 12%, em 2019.<\/span><\/p>\n<p><span style=\"font-weight: 400;\">Para que estes n\u00fameros possam refletir um progresso real, \u00e9 preciso melhorar a <\/span><b>qualidade dos produtos e servi\u00e7os e buscar programas que incentivem esse avan\u00e7o.<\/b><\/p>\n<p><span style=\"font-weight: 400;\">Quanto a termos internos, \u00e9 necess\u00e1ria a retomada da <\/span><b>moderniza\u00e7\u00e3o de processos <\/b><span style=\"font-weight: 400;\">produtivos e investimentos em tend\u00eancias estrat\u00e9gicas, alinhadas com o que acontece no exterior &#8211; al\u00e9m, claro, de <\/span><b>pesquisas<\/b><span style=\"font-weight: 400;\"> focadas em novas tecnologias.<\/span><\/p>\n<p><span style=\"font-weight: 400;\">O mercado tamb\u00e9m precisa de mais<\/span><b> fornecedores nacionais <\/b><span style=\"font-weight: 400;\">que desenvolvam tecnologia de ponta, o que n\u00e3o ocorre em todas as \u00e1reas ou com todas as pe\u00e7as.<\/span><\/p>\n<p><span style=\"font-weight: 400;\">J\u00e1 em termos externos, o governo deve elaborar<\/span><b> programas de incentivo.<\/b><span style=\"font-weight: 400;\"> Nos dias atuais, existem especifica\u00e7\u00f5es inerentes somente ao Brasil &#8211; ou seja, custos e prazos que simplesmente n\u00e3o existem em outros pa\u00edses, seja em impostos ou nos procedimentos lentos.<\/span><\/p>\n<h2><b>Rota 2030: uma nova esperan\u00e7a para a ind\u00fastria automotiva<\/b><\/h2>\n<p><span style=\"font-weight: 400;\">O programa governamental Rota 2030 deixa a ind\u00fastria automotiva bem otimista quanto ao futuro. Ele define as regras para a<\/span><b> produ\u00e7\u00e3o de ve\u00edculos <\/b><span style=\"font-weight: 400;\">no Brasil nos pr\u00f3ximos 15 anos (divididos em tr\u00eas per\u00edodos de cinco anos cada).<\/span><\/p>\n<p><span style=\"font-weight: 400;\">Nele, est\u00e1 estabelecido o quanto os fabricantes precisar\u00e3o <\/span><b>investir. <\/b><span style=\"font-weight: 400;\">A partir deste ano, as empresas devem usar 0,8% de seu faturamento (esse percentual aumentar\u00e1 gradativamente, at\u00e9 alcan\u00e7ar 1,22% em 2022) para investimentos em pesquisa e desenvolvimento <\/span><b>no Brasil<\/b><span style=\"font-weight: 400;\">. Como recompensa, poder\u00e3o abater de 10,2% a 12% do valor em imposto de renda.<\/span><\/p>\n<p><span style=\"font-weight: 400;\">Isso determina o quanto os modelos ser\u00e3o inovadores, seguros e custosos no futuro. O regime estruturante traz uma <\/span><b>previsibilidade de mercado<\/b><span style=\"font-weight: 400;\"> que nunca foi vista em solo brasileiro, o que auxilia o desenvolvimento de projetos econ\u00f4micos!<\/span><\/p>\n<p><span style=\"font-weight: 400;\">Os<\/span><b> compromissos <\/b><span style=\"font-weight: 400;\">do programa tamb\u00e9m incluem maior efici\u00eancia energ\u00e9tica (uma meta de 11% nos primeiros cinco anos) e avan\u00e7os expressivos na seguran\u00e7a veicular. Ainda, ele deve estimular a cria\u00e7\u00e3o de solu\u00e7\u00f5es de mobilidade, propuls\u00e3o, dire\u00e7\u00e3o aut\u00f4noma, Big Data e maior capacita\u00e7\u00e3o profissional.<\/span><\/p>\n<p><span style=\"font-weight: 400;\">Essas s\u00e3o perspectivas que podem efetivamente trazer um <\/span><b>crescimento expressivo<\/b><span style=\"font-weight: 400;\"> a este mercado.<\/span><\/p>\n<h2><b>Representatividade do setor<\/b><\/h2>\n<p><span style=\"font-weight: 400;\">O segmento tem grande <\/span><b>representatividade<\/b><span style=\"font-weight: 400;\"> no cen\u00e1rio nacional, e seu desempenho afeta o resto do mercado diretamente. Um bom exemplo disso s\u00e3o as estat\u00edsticas do<\/span><b> IBGE <\/b><span style=\"font-weight: 400;\">para o ano<\/span> <span style=\"font-weight: 400;\">de 2017, que apontam a guinada na produ\u00e7\u00e3o de carros como respons\u00e1vel por 49% da <\/span><b>expans\u00e3o industrial.<\/b><\/p>\n<p><span style=\"font-weight: 400;\">At\u00e9 outubro de 2018, as montadoras tiveram um aumento de 15,8% na produ\u00e7\u00e3o, o que representou<\/span><b> 70% da alta <\/b><span style=\"font-weight: 400;\">de 1,8% da ind\u00fastria como um todo.<\/span><\/p>\n<p><span style=\"font-weight: 400;\">Estes n\u00fameros significam que, al\u00e9m de ter uma <strong>perspectiva de crescimento<\/strong>, caso ela se concretize, a ind\u00fastria automotiva pode tamb\u00e9m alavancar o resto do setor. Agora, resta saber como o programa funcionar\u00e1 na pr\u00e1tica, e que inova\u00e7\u00f5es e tecnologias ele pode incentivar.<\/span><\/p>\n<p><span style=\"font-weight: 400;\">A <\/span><b><a href=\"http:\/\/www.metagal.com.br\/\">Metagal<\/a>,<\/b><span style=\"font-weight: 400;\"> l\u00edder no mercado de espelhos retrovisores e no desenvolvimento de c\u00e2meras para monitoramento veicular, \u00e9 um exemplo da constante busca por inova\u00e7\u00e3o. H\u00e1 mais de 50 anos de no setor, a empresa investe pesado em pesquisas, capacita\u00e7\u00e3o de seus profissionais e novas tecnologias.<\/span><\/p>\n","protected":false},"excerpt":{"rendered":"<p>Superar os estragos causados pelo per\u00edodo de recess\u00e3o n\u00e3o \u00e9 tarefa f\u00e1cil para a ind\u00fastria automotiva, especialmente quando se tem&#8230;<\/p>\n","protected":false},"author":1,"featured_media":4217,"comment_status":"open","ping_status":"open","sticky":false,"template":"","format":"standard","meta":{"footnotes":""},"categories":[113],"tags":[252,230,246],"class_list":["post-4216","post","type-post","status-publish","format-standard","has-post-thumbnail","hentry","category-mercado","tag-crise-na-industria","tag-industria-automotiva","tag-setor-automotivo"],"yoast_head":"<!-- This site is optimized with the Yoast SEO plugin v25.9 - https:\/\/yoast.com\/wordpress\/plugins\/seo\/ -->\n<title>Os desafios da ind\u00fastria automotiva depois da crise - Blog Metagal<\/title>\n<meta name=\"description\" content=\"Depois de uma forte recess\u00e3o, a ind\u00fastria automotiva ainda caminha mais lenta. Conhe\u00e7a quais s\u00e3o seus desafios em nosso blog.\" \/>\n<meta name=\"robots\" content=\"index, follow, max-snippet:-1, max-image-preview:large, max-video-preview:-1\" \/>\n<link rel=\"canonical\" href=\"https:\/\/www.metagal.com.br\/blog\/desafios-da-industria-automotiva\/\" \/>\n<meta property=\"og:locale\" content=\"pt_BR\" \/>\n<meta property=\"og:type\" content=\"article\" \/>\n<meta property=\"og:title\" content=\"Os desafios da ind\u00fastria automotiva depois da crise - Blog Metagal\" \/>\n<meta property=\"og:description\" content=\"Depois de uma forte recess\u00e3o, a ind\u00fastria automotiva ainda caminha mais lenta. Conhe\u00e7a quais s\u00e3o seus desafios em nosso blog.\" \/>\n<meta property=\"og:url\" content=\"https:\/\/www.metagal.com.br\/blog\/desafios-da-industria-automotiva\/\" \/>\n<meta property=\"og:site_name\" content=\"Blog Metagal\" \/>\n<meta property=\"article:published_time\" content=\"2019-01-03T12:37:30+00:00\" \/>\n<meta property=\"og:image\" content=\"https:\/\/www.metagal.com.br\/blog\/wp-content\/uploads\/2019\/01\/BPS_SIT_METAGAL_19-12-18-1024x349.png\" \/>\n\t<meta property=\"og:image:width\" content=\"1024\" \/>\n\t<meta property=\"og:image:height\" content=\"349\" \/>\n\t<meta property=\"og:image:type\" content=\"image\/png\" \/>\n<meta name=\"author\" content=\"Metagal\" \/>\n<meta name=\"twitter:card\" content=\"summary_large_image\" \/>\n<meta name=\"twitter:label1\" content=\"Escrito por\" \/>\n\t<meta name=\"twitter:data1\" content=\"Metagal\" \/>\n\t<meta name=\"twitter:label2\" content=\"Est. tempo de leitura\" \/>\n\t<meta name=\"twitter:data2\" content=\"4 minutos\" \/>\n<script type=\"application\/ld+json\" class=\"yoast-schema-graph\">{\"@context\":\"https:\/\/schema.org\",\"@graph\":[{\"@type\":\"Article\",\"@id\":\"https:\/\/www.metagal.com.br\/blog\/desafios-da-industria-automotiva\/#article\",\"isPartOf\":{\"@id\":\"https:\/\/www.metagal.com.br\/blog\/desafios-da-industria-automotiva\/\"},\"author\":{\"name\":\"Metagal\",\"@id\":\"https:\/\/www.metagal.com.br\/blog\/#\/schema\/person\/86708538b26ec57abb56975e5bc3f3bf\"},\"headline\":\"Os desafios da ind\u00fastria automotiva depois da crise\",\"datePublished\":\"2019-01-03T12:37:30+00:00\",\"mainEntityOfPage\":{\"@id\":\"https:\/\/www.metagal.com.br\/blog\/desafios-da-industria-automotiva\/\"},\"wordCount\":755,\"commentCount\":0,\"publisher\":{\"@id\":\"https:\/\/www.metagal.com.br\/blog\/#organization\"},\"image\":{\"@id\":\"https:\/\/www.metagal.com.br\/blog\/desafios-da-industria-automotiva\/#primaryimage\"},\"thumbnailUrl\":\"https:\/\/www.metagal.com.br\/blog\/wp-content\/uploads\/2019\/01\/BPS_SIT_METAGAL_19-12-18.png\",\"keywords\":[\"crise na ind\u00fastria\",\"ind\u00fastria automotiva\",\"setor automotivo\"],\"articleSection\":[\"Mercado\"],\"inLanguage\":\"pt-BR\",\"potentialAction\":[{\"@type\":\"CommentAction\",\"name\":\"Comment\",\"target\":[\"https:\/\/www.metagal.com.br\/blog\/desafios-da-industria-automotiva\/#respond\"]}]},{\"@type\":\"WebPage\",\"@id\":\"https:\/\/www.metagal.com.br\/blog\/desafios-da-industria-automotiva\/\",\"url\":\"https:\/\/www.metagal.com.br\/blog\/desafios-da-industria-automotiva\/\",\"name\":\"Os desafios da ind\u00fastria automotiva depois da crise - Blog Metagal\",\"isPartOf\":{\"@id\":\"https:\/\/www.metagal.com.br\/blog\/#website\"},\"primaryImageOfPage\":{\"@id\":\"https:\/\/www.metagal.com.br\/blog\/desafios-da-industria-automotiva\/#primaryimage\"},\"image\":{\"@id\":\"https:\/\/www.metagal.com.br\/blog\/desafios-da-industria-automotiva\/#primaryimage\"},\"thumbnailUrl\":\"https:\/\/www.metagal.com.br\/blog\/wp-content\/uploads\/2019\/01\/BPS_SIT_METAGAL_19-12-18.png\",\"datePublished\":\"2019-01-03T12:37:30+00:00\",\"description\":\"Depois de uma forte recess\u00e3o, a ind\u00fastria automotiva ainda caminha mais lenta. Conhe\u00e7a quais s\u00e3o seus desafios em nosso blog.\",\"breadcrumb\":{\"@id\":\"https:\/\/www.metagal.com.br\/blog\/desafios-da-industria-automotiva\/#breadcrumb\"},\"inLanguage\":\"pt-BR\",\"potentialAction\":[{\"@type\":\"ReadAction\",\"target\":[\"https:\/\/www.metagal.com.br\/blog\/desafios-da-industria-automotiva\/\"]}]},{\"@type\":\"ImageObject\",\"inLanguage\":\"pt-BR\",\"@id\":\"https:\/\/www.metagal.com.br\/blog\/desafios-da-industria-automotiva\/#primaryimage\",\"url\":\"https:\/\/www.metagal.com.br\/blog\/wp-content\/uploads\/2019\/01\/BPS_SIT_METAGAL_19-12-18.png\",\"contentUrl\":\"https:\/\/www.metagal.com.br\/blog\/wp-content\/uploads\/2019\/01\/BPS_SIT_METAGAL_19-12-18.png\",\"width\":1920,\"height\":655,\"caption\":\"Depois de uma forte recess\u00e3o, a ind\u00fastria automotiva ainda caminha mais lenta. Conhe\u00e7a quais s\u00e3o seus desafios em nosso blog.\"},{\"@type\":\"BreadcrumbList\",\"@id\":\"https:\/\/www.metagal.com.br\/blog\/desafios-da-industria-automotiva\/#breadcrumb\",\"itemListElement\":[{\"@type\":\"ListItem\",\"position\":1,\"name\":\"In\u00edcio\",\"item\":\"https:\/\/www.metagal.com.br\/blog\/\"},{\"@type\":\"ListItem\",\"position\":2,\"name\":\"Os desafios da ind\u00fastria automotiva depois da crise\"}]},{\"@type\":\"WebSite\",\"@id\":\"https:\/\/www.metagal.com.br\/blog\/#website\",\"url\":\"https:\/\/www.metagal.com.br\/blog\/\",\"name\":\"Blog Metagal\",\"description\":\"Metagal | L\u00edder no desenvolvimento e produ\u00e7\u00e3o de espelhos retrovisores\",\"publisher\":{\"@id\":\"https:\/\/www.metagal.com.br\/blog\/#organization\"},\"potentialAction\":[{\"@type\":\"SearchAction\",\"target\":{\"@type\":\"EntryPoint\",\"urlTemplate\":\"https:\/\/www.metagal.com.br\/blog\/?s={search_term_string}\"},\"query-input\":{\"@type\":\"PropertyValueSpecification\",\"valueRequired\":true,\"valueName\":\"search_term_string\"}}],\"inLanguage\":\"pt-BR\"},{\"@type\":\"Organization\",\"@id\":\"https:\/\/www.metagal.com.br\/blog\/#organization\",\"name\":\"Metagal - L\u00edder em Desenvolvimento e Produ\u00e7\u00e3o de Espelhos Retrovisores\",\"url\":\"https:\/\/www.metagal.com.br\/blog\/\",\"logo\":{\"@type\":\"ImageObject\",\"inLanguage\":\"pt-BR\",\"@id\":\"https:\/\/www.metagal.com.br\/blog\/#\/schema\/logo\/image\/\",\"url\":\"https:\/\/www.metagal.com.br\/blog\/wp-content\/uploads\/2018\/11\/Favicon.png\",\"contentUrl\":\"https:\/\/www.metagal.com.br\/blog\/wp-content\/uploads\/2018\/11\/Favicon.png\",\"width\":100,\"height\":100,\"caption\":\"Metagal - L\u00edder em Desenvolvimento e Produ\u00e7\u00e3o de Espelhos Retrovisores\"},\"image\":{\"@id\":\"https:\/\/www.metagal.com.br\/blog\/#\/schema\/logo\/image\/\"}},{\"@type\":\"Person\",\"@id\":\"https:\/\/www.metagal.com.br\/blog\/#\/schema\/person\/86708538b26ec57abb56975e5bc3f3bf\",\"name\":\"Metagal\",\"image\":{\"@type\":\"ImageObject\",\"inLanguage\":\"pt-BR\",\"@id\":\"https:\/\/www.metagal.com.br\/blog\/#\/schema\/person\/image\/\",\"url\":\"https:\/\/secure.gravatar.com\/avatar\/5b99f1b1706488192643fded2a661508?s=96&d=mm&r=g\",\"contentUrl\":\"https:\/\/secure.gravatar.com\/avatar\/5b99f1b1706488192643fded2a661508?s=96&d=mm&r=g\",\"caption\":\"Metagal\"},\"url\":\"https:\/\/www.metagal.com.br\/blog\/autor\/layerup\/\"}]}<\/script>\n<!-- \/ Yoast SEO plugin. -->","yoast_head_json":{"title":"Os desafios da ind\u00fastria automotiva depois da crise - Blog Metagal","description":"Depois de uma forte recess\u00e3o, a ind\u00fastria automotiva ainda caminha mais lenta. Conhe\u00e7a quais s\u00e3o seus desafios em nosso blog.","robots":{"index":"index","follow":"follow","max-snippet":"max-snippet:-1","max-image-preview":"max-image-preview:large","max-video-preview":"max-video-preview:-1"},"canonical":"https:\/\/www.metagal.com.br\/blog\/desafios-da-industria-automotiva\/","og_locale":"pt_BR","og_type":"article","og_title":"Os desafios da ind\u00fastria automotiva depois da crise - Blog Metagal","og_description":"Depois de uma forte recess\u00e3o, a ind\u00fastria automotiva ainda caminha mais lenta. Conhe\u00e7a quais s\u00e3o seus desafios em nosso blog.","og_url":"https:\/\/www.metagal.com.br\/blog\/desafios-da-industria-automotiva\/","og_site_name":"Blog Metagal","article_published_time":"2019-01-03T12:37:30+00:00","og_image":[{"width":1024,"height":349,"url":"https:\/\/www.metagal.com.br\/blog\/wp-content\/uploads\/2019\/01\/BPS_SIT_METAGAL_19-12-18-1024x349.png","type":"image\/png"}],"author":"Metagal","twitter_card":"summary_large_image","twitter_misc":{"Escrito por":"Metagal","Est. tempo de leitura":"4 minutos"},"schema":{"@context":"https:\/\/schema.org","@graph":[{"@type":"Article","@id":"https:\/\/www.metagal.com.br\/blog\/desafios-da-industria-automotiva\/#article","isPartOf":{"@id":"https:\/\/www.metagal.com.br\/blog\/desafios-da-industria-automotiva\/"},"author":{"name":"Metagal","@id":"https:\/\/www.metagal.com.br\/blog\/#\/schema\/person\/86708538b26ec57abb56975e5bc3f3bf"},"headline":"Os desafios da ind\u00fastria automotiva depois da crise","datePublished":"2019-01-03T12:37:30+00:00","mainEntityOfPage":{"@id":"https:\/\/www.metagal.com.br\/blog\/desafios-da-industria-automotiva\/"},"wordCount":755,"commentCount":0,"publisher":{"@id":"https:\/\/www.metagal.com.br\/blog\/#organization"},"image":{"@id":"https:\/\/www.metagal.com.br\/blog\/desafios-da-industria-automotiva\/#primaryimage"},"thumbnailUrl":"https:\/\/www.metagal.com.br\/blog\/wp-content\/uploads\/2019\/01\/BPS_SIT_METAGAL_19-12-18.png","keywords":["crise na ind\u00fastria","ind\u00fastria automotiva","setor automotivo"],"articleSection":["Mercado"],"inLanguage":"pt-BR","potentialAction":[{"@type":"CommentAction","name":"Comment","target":["https:\/\/www.metagal.com.br\/blog\/desafios-da-industria-automotiva\/#respond"]}]},{"@type":"WebPage","@id":"https:\/\/www.metagal.com.br\/blog\/desafios-da-industria-automotiva\/","url":"https:\/\/www.metagal.com.br\/blog\/desafios-da-industria-automotiva\/","name":"Os desafios da ind\u00fastria automotiva depois da crise - Blog Metagal","isPartOf":{"@id":"https:\/\/www.metagal.com.br\/blog\/#website"},"primaryImageOfPage":{"@id":"https:\/\/www.metagal.com.br\/blog\/desafios-da-industria-automotiva\/#primaryimage"},"image":{"@id":"https:\/\/www.metagal.com.br\/blog\/desafios-da-industria-automotiva\/#primaryimage"},"thumbnailUrl":"https:\/\/www.metagal.com.br\/blog\/wp-content\/uploads\/2019\/01\/BPS_SIT_METAGAL_19-12-18.png","datePublished":"2019-01-03T12:37:30+00:00","description":"Depois de uma forte recess\u00e3o, a ind\u00fastria automotiva ainda caminha mais lenta. Conhe\u00e7a quais s\u00e3o seus desafios em nosso blog.","breadcrumb":{"@id":"https:\/\/www.metagal.com.br\/blog\/desafios-da-industria-automotiva\/#breadcrumb"},"inLanguage":"pt-BR","potentialAction":[{"@type":"ReadAction","target":["https:\/\/www.metagal.com.br\/blog\/desafios-da-industria-automotiva\/"]}]},{"@type":"ImageObject","inLanguage":"pt-BR","@id":"https:\/\/www.metagal.com.br\/blog\/desafios-da-industria-automotiva\/#primaryimage","url":"https:\/\/www.metagal.com.br\/blog\/wp-content\/uploads\/2019\/01\/BPS_SIT_METAGAL_19-12-18.png","contentUrl":"https:\/\/www.metagal.com.br\/blog\/wp-content\/uploads\/2019\/01\/BPS_SIT_METAGAL_19-12-18.png","width":1920,"height":655,"caption":"Depois de uma forte recess\u00e3o, a ind\u00fastria automotiva ainda caminha mais lenta. Conhe\u00e7a quais s\u00e3o seus desafios em nosso blog."},{"@type":"BreadcrumbList","@id":"https:\/\/www.metagal.com.br\/blog\/desafios-da-industria-automotiva\/#breadcrumb","itemListElement":[{"@type":"ListItem","position":1,"name":"In\u00edcio","item":"https:\/\/www.metagal.com.br\/blog\/"},{"@type":"ListItem","position":2,"name":"Os desafios da ind\u00fastria automotiva depois da crise"}]},{"@type":"WebSite","@id":"https:\/\/www.metagal.com.br\/blog\/#website","url":"https:\/\/www.metagal.com.br\/blog\/","name":"Blog Metagal","description":"Metagal | L\u00edder no desenvolvimento e produ\u00e7\u00e3o de espelhos retrovisores","publisher":{"@id":"https:\/\/www.metagal.com.br\/blog\/#organization"},"potentialAction":[{"@type":"SearchAction","target":{"@type":"EntryPoint","urlTemplate":"https:\/\/www.metagal.com.br\/blog\/?s={search_term_string}"},"query-input":{"@type":"PropertyValueSpecification","valueRequired":true,"valueName":"search_term_string"}}],"inLanguage":"pt-BR"},{"@type":"Organization","@id":"https:\/\/www.metagal.com.br\/blog\/#organization","name":"Metagal - L\u00edder em Desenvolvimento e Produ\u00e7\u00e3o de Espelhos Retrovisores","url":"https:\/\/www.metagal.com.br\/blog\/","logo":{"@type":"ImageObject","inLanguage":"pt-BR","@id":"https:\/\/www.metagal.com.br\/blog\/#\/schema\/logo\/image\/","url":"https:\/\/www.metagal.com.br\/blog\/wp-content\/uploads\/2018\/11\/Favicon.png","contentUrl":"https:\/\/www.metagal.com.br\/blog\/wp-content\/uploads\/2018\/11\/Favicon.png","width":100,"height":100,"caption":"Metagal - L\u00edder em Desenvolvimento e Produ\u00e7\u00e3o de Espelhos Retrovisores"},"image":{"@id":"https:\/\/www.metagal.com.br\/blog\/#\/schema\/logo\/image\/"}},{"@type":"Person","@id":"https:\/\/www.metagal.com.br\/blog\/#\/schema\/person\/86708538b26ec57abb56975e5bc3f3bf","name":"Metagal","image":{"@type":"ImageObject","inLanguage":"pt-BR","@id":"https:\/\/www.metagal.com.br\/blog\/#\/schema\/person\/image\/","url":"https:\/\/secure.gravatar.com\/avatar\/5b99f1b1706488192643fded2a661508?s=96&d=mm&r=g","contentUrl":"https:\/\/secure.gravatar.com\/avatar\/5b99f1b1706488192643fded2a661508?s=96&d=mm&r=g","caption":"Metagal"},"url":"https:\/\/www.metagal.com.br\/blog\/autor\/layerup\/"}]}},"_links":{"self":[{"href":"https:\/\/www.metagal.com.br\/blog\/wp-json\/wp\/v2\/posts\/4216","targetHints":{"allow":["GET"]}}],"collection":[{"href":"https:\/\/www.metagal.com.br\/blog\/wp-json\/wp\/v2\/posts"}],"about":[{"href":"https:\/\/www.metagal.com.br\/blog\/wp-json\/wp\/v2\/types\/post"}],"author":[{"embeddable":true,"href":"https:\/\/www.metagal.com.br\/blog\/wp-json\/wp\/v2\/users\/1"}],"replies":[{"embeddable":true,"href":"https:\/\/www.metagal.com.br\/blog\/wp-json\/wp\/v2\/comments?post=4216"}],"version-history":[{"count":1,"href":"https:\/\/www.metagal.com.br\/blog\/wp-json\/wp\/v2\/posts\/4216\/revisions"}],"predecessor-version":[{"id":4218,"href":"https:\/\/www.metagal.com.br\/blog\/wp-json\/wp\/v2\/posts\/4216\/revisions\/4218"}],"wp:featuredmedia":[{"embeddable":true,"href":"https:\/\/www.metagal.com.br\/blog\/wp-json\/wp\/v2\/media\/4217"}],"wp:attachment":[{"href":"https:\/\/www.metagal.com.br\/blog\/wp-json\/wp\/v2\/media?parent=4216"}],"wp:term":[{"taxonomy":"category","embeddable":true,"href":"https:\/\/www.metagal.com.br\/blog\/wp-json\/wp\/v2\/categories?post=4216"},{"taxonomy":"post_tag","embeddable":true,"href":"https:\/\/www.metagal.com.br\/blog\/wp-json\/wp\/v2\/tags?post=4216"}],"curies":[{"name":"wp","href":"https:\/\/api.w.org\/{rel}","templated":true}]}}