{"id":4275,"date":"2019-07-11T14:28:29","date_gmt":"2019-07-11T17:28:29","guid":{"rendered":"http:\/\/www.metagal.com.br\/blog\/?p=4275"},"modified":"2019-10-24T17:52:13","modified_gmt":"2019-10-24T19:52:13","slug":"a-kombi-do-futuro","status":"publish","type":"post","link":"https:\/\/www.metagal.com.br\/blog\/a-kombi-do-futuro\/","title":{"rendered":"A Kombi do futuro: como \u00e9 o novo carro el\u00e9trico da Volkswagen"},"content":{"rendered":"<p><span style=\"font-weight: 400;\">Vers\u00e1til, pr\u00e1tica e com um design que conquistou os motoristas de sua \u00e9poca. A ic\u00f4nica van deixou de ser fabricada no Brasil em 2013, ap\u00f3s 56 anos de produ\u00e7\u00e3o. Agora, para a felicidade dos entusiastas, sua forte marca rendeu uma <\/span><b>releitura<\/b><span style=\"font-weight: 400;\">. Conhe\u00e7a a <\/span><b>I.D. Buzz <\/b><span style=\"font-weight: 400;\">e a<\/span><b> I.D. Buzz Cargo<\/b><span style=\"font-weight: 400;\">, duas vers\u00f5es da <\/span><b>Kombi do futuro.<\/b><\/p>\n<p><span style=\"font-weight: 400;\">O conceito <\/span><b>I.D. Buzz <\/b><span style=\"font-weight: 400;\">foi apresentado durante o Sal\u00e3o de Detroit, em 2017. Era a vers\u00e3o el\u00e9trica e parcialmente aut\u00f4noma da famosa perua.\u00a0<\/span><\/p>\n<p><span style=\"font-weight: 400;\">Em 2018, a Volkswagen anunciou uma nova varia\u00e7\u00e3o para uso comercial, a<\/span><b> I.D. Buzz Cargo. <\/b><span style=\"font-weight: 400;\">Montada com a nova <\/span><b>plataforma modular <\/b><span style=\"font-weight: 400;\">para carros el\u00e9tricos, deve ser lan\u00e7ada na Europa e Estados Unidos at\u00e9<\/span><b> 2022.<\/b><\/p>\n<h2><b>A inspira\u00e7\u00e3o para os novos modelos<\/b><\/h2>\n<p><span style=\"font-weight: 400;\">Ambos os projetos s\u00e3o inspirados na primeira gera\u00e7\u00e3o da Kombi, lan\u00e7ada em 1950. O pr\u00f3prio nome \u00e9 uma refer\u00eancia ao modelo original: \u201cBuzz\u201d faz alus\u00e3o \u00e0 \u201cbus\u201d, apelido da Kombi nos EUA.<\/span><\/p>\n<h2><b>Quais s\u00e3o os diferenciais da Kombi do futuro?<\/b><\/h2>\n<h3><b>I.D. Buzz<\/b><\/h3>\n<p><span style=\"font-weight: 400;\">O modelo oferece diferentes op\u00e7\u00f5es para<\/span><b> tamanho de bateria<\/b><span style=\"font-weight: 400;\">, o que \u00e9 chamado de <\/span><i><span style=\"font-weight: 400;\">Modular Electric Drive Kit<\/span><\/i><span style=\"font-weight: 400;\"> no exterior. Gra\u00e7as a essa diferen\u00e7a, fatores como <\/span><b>tempo de tr\u00e1fego aut\u00f4nomo<\/b><span style=\"font-weight: 400;\"> e o pr\u00f3prio pre\u00e7o variam.\u00a0<\/span><\/p>\n<p><span style=\"font-weight: 400;\">Com<\/span><b> dois motores<\/b><span style=\"font-weight: 400;\"> divididos entre os eixos, vai de zero a 100 em<\/span><b> cinco segundos, <\/b><span style=\"font-weight: 400;\">de acordo com a VW.<\/span><\/p>\n<p><span style=\"font-weight: 400;\">Sua velocidade m\u00e1xima fica em torno dos <\/span><b>160 quil\u00f4metros por hora<\/b><span style=\"font-weight: 400;\">, permitindo a condu\u00e7\u00e3o do ve\u00edculo em estradas e rodovias.<\/span><\/p>\n<p><span style=\"font-weight: 400;\">Ainda segundo dados da montadora, para modelos com bateria mais potente, \u00e9 poss\u00edvel realizar o carregamento de at\u00e9 <\/span><b>80% da carga <\/b><span style=\"font-weight: 400;\">em menos de <\/span><b>30 minutos.<\/b><\/p>\n<p><span style=\"font-weight: 400;\">Quando no <\/span><b>modo aut\u00f4nomo<\/b><span style=\"font-weight: 400;\">, o ve\u00edculo poder\u00e1 realizar um trajeto de <\/span><b>320 <\/b><span style=\"font-weight: 400;\">at\u00e9<\/span><b> 540 quil\u00f4metros<\/b> <b>sem interven\u00e7\u00f5es <\/b><span style=\"font-weight: 400;\">humanas, por meio do sistema I.D. Pilot.<\/span><\/p>\n<p><span style=\"font-weight: 400;\">Portanto, o volante \u00e9 um fator dispens\u00e1vel, podendo ser ocultado no painel de acordo com a necessidade. J\u00e1 os<\/span><b> retrovisores<\/b><span style=\"font-weight: 400;\"> foram substitu\u00eddos por um sistema com c\u00e2meras externas.<\/span><\/p>\n<p><span style=\"font-weight: 400;\">Para acompanhar o <\/span><b>design, <\/b><span style=\"font-weight: 400;\">que \u00e9 moderno com toques retr\u00f4, o teto forma uma borda em cima do para-brisa, relembrando os <\/span><b>modelos antigos.\u00a0<\/b><\/p>\n<p><span style=\"font-weight: 400;\">Este mesmo teto guarda chapas de <\/span><b>energia solar <\/b><span style=\"font-weight: 400;\">que ampliam a autonomia do ve\u00edculo em at\u00e9 150 quil\u00f4metros ao dia. A <\/span><b>pintura <\/b><span style=\"font-weight: 400;\">tamb\u00e9m \u00e9 uma homenagem \u00e0 van original.<\/span><\/p>\n<p><span style=\"font-weight: 400;\">E, como \u00faltimo toque especial da Kombi do futuro, o pedal do acelerador exibe o s\u00edmbolo do<\/span><i><span style=\"font-weight: 400;\"> play<\/span><\/i><span style=\"font-weight: 400;\">, enquanto o freio representa o <\/span><i><span style=\"font-weight: 400;\">pause<\/span><\/i><span style=\"font-weight: 400;\">.<\/span><\/p>\n<h3><b>I.D. Buzz Cargo<\/b><\/h3>\n<p><span style=\"font-weight: 400;\">J\u00e1 a alternativa para transporte de cargas ou uso comercial \u00e9 um pouco maior do que a Buzz, com<\/span><b> cinco metros <\/b><span style=\"font-weight: 400;\">de comprimento e maior <\/span><b>balan\u00e7o traseiro.<\/b><\/p>\n<p><span style=\"font-weight: 400;\">A <\/span><b>capacidade m\u00e1xima<\/b><span style=\"font-weight: 400;\"> de carga \u00e9 de <\/span><b>800 quilos <\/b><span style=\"font-weight: 400;\">e o embarque \u00e9 facilitado pela l\u00f3gica das portas: ambas s\u00e3o deslizantes e abrem eletricamente por meio de um sensor. Este sensor fica<\/span><b> conectado ao smartphone<\/b><span style=\"font-weight: 400;\"> do usu\u00e1rio, permitindo um uso seguro e pr\u00e1tico.<\/span><\/p>\n<p><span style=\"font-weight: 400;\">A <\/span><b>carga transportada<\/b><span style=\"font-weight: 400;\"> tamb\u00e9m pode ser gerida de dentro do autom\u00f3vel. Isso porque seu sistema de <\/span><b>prateleiras conectadas<\/b><span style=\"font-weight: 400;\">, que utiliza <\/span><a href=\"http:\/\/www.metagal.com.br\/blog\/futuro-mercado-automotivo\/?utm_medium=blogpost&amp;utm_source=blog&amp;utm_campaign=kombi-do-futuro\"><span style=\"font-weight: 400;\">internet das coisas<\/span><\/a><span style=\"font-weight: 400;\">, informa o estoque por ordem de entrega, al\u00e9m de planejar rotas.<\/span><\/p>\n<p><span style=\"font-weight: 400;\">Em outras palavras, se o condutor precisar receber mensagens, se comunicar com a empresa ou mesmo verificar seu estoque durante o trajeto, pode acionar o modo aut\u00f4nomo, dando conta de organiza\u00e7\u00e3o enquanto a Kombi do futuro se movimenta.<\/span><\/p>\n<h2><b>O projeto abre caminho para novos modelos?<\/b><\/h2>\n<p><span style=\"font-weight: 400;\">Sim! De acordo com afirma\u00e7\u00f5es da pr\u00f3pria <a href=\"https:\/\/www.vw.com.br\/pt.html\">Volkswagen<\/a>, estima-se que a montadora poder\u00e1 produzir os primeiros modelos <\/span><b>totalmente aut\u00f4nomos<\/b><span style=\"font-weight: 400;\"> a partir de <\/span><b>2025. <\/b><span style=\"font-weight: 400;\">At\u00e9 l\u00e1, muito mais inova\u00e7\u00f5es ser\u00e3o estudadas e aplicadas \u00e0 produ\u00e7\u00e3o.<\/span><\/p>\n<p style=\"text-align: center;\"><span style=\"font-weight: 400;\">*<\/span><\/p>\n<p><span style=\"font-weight: 400;\">A <\/span><b><a href=\"http:\/\/metagal.com.br\">Metagal<\/a>,<\/b><span style=\"font-weight: 400;\"> l\u00edder no mercado de espelhos retrovisores e no desenvolvimento de c\u00e2meras para monitoramento veicular, \u00e9 um exemplo da constante busca por inova\u00e7\u00e3o. H\u00e1 mais de 50 anos no setor, a empresa investe pesado em pesquisas, capacita\u00e7\u00e3o de seus profissionais e novas tecnologias.<\/span><\/p>\n<p>&nbsp;<\/p>\n","protected":false},"excerpt":{"rendered":"<p>Vers\u00e1til, pr\u00e1tica e com um design que conquistou os motoristas de sua \u00e9poca. A ic\u00f4nica van deixou de ser fabricada&#8230;<\/p>\n","protected":false},"author":1,"featured_media":4333,"comment_status":"open","ping_status":"open","sticky":false,"template":"","format":"standard","meta":{"footnotes":""},"categories":[113,112],"tags":[275,276,274,277],"class_list":["post-4275","post","type-post","status-publish","format-standard","has-post-thumbnail","hentry","category-mercado","category-tecnologia","tag-i-d-buzz","tag-i-d-buzz-cargo","tag-kombi-do-futuro","tag-volkswagen"],"yoast_head":"<!-- This site is optimized with the Yoast SEO plugin v25.9 - https:\/\/yoast.com\/wordpress\/plugins\/seo\/ -->\n<title>A Kombi do futuro: o novo carro el\u00e9trico da Volkswagen | Metagal<\/title>\n<meta name=\"description\" content=\"Em nosso blog, conhe\u00e7a o projeto que promete reformular o modelo que marcou hist\u00f3ria. Descubra tudo sobre a Kombi do futuro:\" \/>\n<meta name=\"robots\" content=\"index, follow, max-snippet:-1, max-image-preview:large, max-video-preview:-1\" \/>\n<link rel=\"canonical\" href=\"https:\/\/www.metagal.com.br\/blog\/a-kombi-do-futuro\/\" \/>\n<meta property=\"og:locale\" content=\"pt_BR\" \/>\n<meta property=\"og:type\" content=\"article\" \/>\n<meta property=\"og:title\" content=\"A Kombi do futuro: o novo carro el\u00e9trico da Volkswagen | Metagal\" \/>\n<meta property=\"og:description\" content=\"Em nosso blog, conhe\u00e7a o projeto que promete reformular o modelo que marcou hist\u00f3ria. Descubra tudo sobre a Kombi do futuro:\" \/>\n<meta property=\"og:url\" content=\"https:\/\/www.metagal.com.br\/blog\/a-kombi-do-futuro\/\" \/>\n<meta property=\"og:site_name\" content=\"Blog Metagal\" \/>\n<meta property=\"article:published_time\" content=\"2019-07-11T17:28:29+00:00\" \/>\n<meta property=\"article:modified_time\" content=\"2019-10-24T19:52:13+00:00\" \/>\n<meta property=\"og:image\" content=\"https:\/\/www.metagal.com.br\/blog\/wp-content\/uploads\/2019\/07\/Metagal_Postlink_24_10_2019.png\" \/>\n\t<meta property=\"og:image:width\" content=\"1200\" \/>\n\t<meta property=\"og:image:height\" content=\"628\" \/>\n\t<meta property=\"og:image:type\" content=\"image\/png\" \/>\n<meta name=\"author\" content=\"Metagal\" \/>\n<meta name=\"twitter:card\" content=\"summary_large_image\" \/>\n<meta name=\"twitter:label1\" content=\"Escrito por\" \/>\n\t<meta name=\"twitter:data1\" content=\"Metagal\" \/>\n\t<meta name=\"twitter:label2\" content=\"Est. tempo de leitura\" \/>\n\t<meta name=\"twitter:data2\" content=\"3 minutos\" \/>\n<script type=\"application\/ld+json\" class=\"yoast-schema-graph\">{\"@context\":\"https:\/\/schema.org\",\"@graph\":[{\"@type\":\"Article\",\"@id\":\"https:\/\/www.metagal.com.br\/blog\/a-kombi-do-futuro\/#article\",\"isPartOf\":{\"@id\":\"https:\/\/www.metagal.com.br\/blog\/a-kombi-do-futuro\/\"},\"author\":{\"name\":\"Metagal\",\"@id\":\"https:\/\/www.metagal.com.br\/blog\/#\/schema\/person\/86708538b26ec57abb56975e5bc3f3bf\"},\"headline\":\"A Kombi do futuro: como \u00e9 o novo carro el\u00e9trico da Volkswagen\",\"datePublished\":\"2019-07-11T17:28:29+00:00\",\"dateModified\":\"2019-10-24T19:52:13+00:00\",\"mainEntityOfPage\":{\"@id\":\"https:\/\/www.metagal.com.br\/blog\/a-kombi-do-futuro\/\"},\"wordCount\":677,\"commentCount\":0,\"publisher\":{\"@id\":\"https:\/\/www.metagal.com.br\/blog\/#organization\"},\"image\":{\"@id\":\"https:\/\/www.metagal.com.br\/blog\/a-kombi-do-futuro\/#primaryimage\"},\"thumbnailUrl\":\"https:\/\/www.metagal.com.br\/blog\/wp-content\/uploads\/2019\/07\/Metagal_Postlink_24_10_2019.png\",\"keywords\":[\"I.D. Buzz\",\"I.D. Buzz Cargo\",\"kombi do futuro\",\"Volkswagen\"],\"articleSection\":[\"Mercado\",\"Tecnologia\"],\"inLanguage\":\"pt-BR\",\"potentialAction\":[{\"@type\":\"CommentAction\",\"name\":\"Comment\",\"target\":[\"https:\/\/www.metagal.com.br\/blog\/a-kombi-do-futuro\/#respond\"]}]},{\"@type\":\"WebPage\",\"@id\":\"https:\/\/www.metagal.com.br\/blog\/a-kombi-do-futuro\/\",\"url\":\"https:\/\/www.metagal.com.br\/blog\/a-kombi-do-futuro\/\",\"name\":\"A Kombi do futuro: o novo carro el\u00e9trico da Volkswagen | Metagal\",\"isPartOf\":{\"@id\":\"https:\/\/www.metagal.com.br\/blog\/#website\"},\"primaryImageOfPage\":{\"@id\":\"https:\/\/www.metagal.com.br\/blog\/a-kombi-do-futuro\/#primaryimage\"},\"image\":{\"@id\":\"https:\/\/www.metagal.com.br\/blog\/a-kombi-do-futuro\/#primaryimage\"},\"thumbnailUrl\":\"https:\/\/www.metagal.com.br\/blog\/wp-content\/uploads\/2019\/07\/Metagal_Postlink_24_10_2019.png\",\"datePublished\":\"2019-07-11T17:28:29+00:00\",\"dateModified\":\"2019-10-24T19:52:13+00:00\",\"description\":\"Em nosso blog, conhe\u00e7a o projeto que promete reformular o modelo que marcou hist\u00f3ria. Descubra tudo sobre a Kombi do futuro:\",\"breadcrumb\":{\"@id\":\"https:\/\/www.metagal.com.br\/blog\/a-kombi-do-futuro\/#breadcrumb\"},\"inLanguage\":\"pt-BR\",\"potentialAction\":[{\"@type\":\"ReadAction\",\"target\":[\"https:\/\/www.metagal.com.br\/blog\/a-kombi-do-futuro\/\"]}]},{\"@type\":\"ImageObject\",\"inLanguage\":\"pt-BR\",\"@id\":\"https:\/\/www.metagal.com.br\/blog\/a-kombi-do-futuro\/#primaryimage\",\"url\":\"https:\/\/www.metagal.com.br\/blog\/wp-content\/uploads\/2019\/07\/Metagal_Postlink_24_10_2019.png\",\"contentUrl\":\"https:\/\/www.metagal.com.br\/blog\/wp-content\/uploads\/2019\/07\/Metagal_Postlink_24_10_2019.png\",\"width\":1200,\"height\":628,\"caption\":\"Kombi do futuro\"},{\"@type\":\"BreadcrumbList\",\"@id\":\"https:\/\/www.metagal.com.br\/blog\/a-kombi-do-futuro\/#breadcrumb\",\"itemListElement\":[{\"@type\":\"ListItem\",\"position\":1,\"name\":\"In\u00edcio\",\"item\":\"https:\/\/www.metagal.com.br\/blog\/\"},{\"@type\":\"ListItem\",\"position\":2,\"name\":\"A Kombi do futuro: como \u00e9 o novo carro el\u00e9trico da Volkswagen\"}]},{\"@type\":\"WebSite\",\"@id\":\"https:\/\/www.metagal.com.br\/blog\/#website\",\"url\":\"https:\/\/www.metagal.com.br\/blog\/\",\"name\":\"Blog Metagal\",\"description\":\"Metagal | L\u00edder no desenvolvimento e produ\u00e7\u00e3o de espelhos retrovisores\",\"publisher\":{\"@id\":\"https:\/\/www.metagal.com.br\/blog\/#organization\"},\"potentialAction\":[{\"@type\":\"SearchAction\",\"target\":{\"@type\":\"EntryPoint\",\"urlTemplate\":\"https:\/\/www.metagal.com.br\/blog\/?s={search_term_string}\"},\"query-input\":{\"@type\":\"PropertyValueSpecification\",\"valueRequired\":true,\"valueName\":\"search_term_string\"}}],\"inLanguage\":\"pt-BR\"},{\"@type\":\"Organization\",\"@id\":\"https:\/\/www.metagal.com.br\/blog\/#organization\",\"name\":\"Metagal - L\u00edder em Desenvolvimento e Produ\u00e7\u00e3o de Espelhos Retrovisores\",\"url\":\"https:\/\/www.metagal.com.br\/blog\/\",\"logo\":{\"@type\":\"ImageObject\",\"inLanguage\":\"pt-BR\",\"@id\":\"https:\/\/www.metagal.com.br\/blog\/#\/schema\/logo\/image\/\",\"url\":\"https:\/\/www.metagal.com.br\/blog\/wp-content\/uploads\/2018\/11\/Favicon.png\",\"contentUrl\":\"https:\/\/www.metagal.com.br\/blog\/wp-content\/uploads\/2018\/11\/Favicon.png\",\"width\":100,\"height\":100,\"caption\":\"Metagal - L\u00edder em Desenvolvimento e Produ\u00e7\u00e3o de Espelhos Retrovisores\"},\"image\":{\"@id\":\"https:\/\/www.metagal.com.br\/blog\/#\/schema\/logo\/image\/\"}},{\"@type\":\"Person\",\"@id\":\"https:\/\/www.metagal.com.br\/blog\/#\/schema\/person\/86708538b26ec57abb56975e5bc3f3bf\",\"name\":\"Metagal\",\"image\":{\"@type\":\"ImageObject\",\"inLanguage\":\"pt-BR\",\"@id\":\"https:\/\/www.metagal.com.br\/blog\/#\/schema\/person\/image\/\",\"url\":\"https:\/\/secure.gravatar.com\/avatar\/5b99f1b1706488192643fded2a661508?s=96&d=mm&r=g\",\"contentUrl\":\"https:\/\/secure.gravatar.com\/avatar\/5b99f1b1706488192643fded2a661508?s=96&d=mm&r=g\",\"caption\":\"Metagal\"},\"url\":\"https:\/\/www.metagal.com.br\/blog\/autor\/layerup\/\"}]}<\/script>\n<!-- \/ Yoast SEO plugin. -->","yoast_head_json":{"title":"A Kombi do futuro: o novo carro el\u00e9trico da Volkswagen | Metagal","description":"Em nosso blog, conhe\u00e7a o projeto que promete reformular o modelo que marcou hist\u00f3ria. Descubra tudo sobre a Kombi do futuro:","robots":{"index":"index","follow":"follow","max-snippet":"max-snippet:-1","max-image-preview":"max-image-preview:large","max-video-preview":"max-video-preview:-1"},"canonical":"https:\/\/www.metagal.com.br\/blog\/a-kombi-do-futuro\/","og_locale":"pt_BR","og_type":"article","og_title":"A Kombi do futuro: o novo carro el\u00e9trico da Volkswagen | Metagal","og_description":"Em nosso blog, conhe\u00e7a o projeto que promete reformular o modelo que marcou hist\u00f3ria. Descubra tudo sobre a Kombi do futuro:","og_url":"https:\/\/www.metagal.com.br\/blog\/a-kombi-do-futuro\/","og_site_name":"Blog Metagal","article_published_time":"2019-07-11T17:28:29+00:00","article_modified_time":"2019-10-24T19:52:13+00:00","og_image":[{"width":1200,"height":628,"url":"https:\/\/www.metagal.com.br\/blog\/wp-content\/uploads\/2019\/07\/Metagal_Postlink_24_10_2019.png","type":"image\/png"}],"author":"Metagal","twitter_card":"summary_large_image","twitter_misc":{"Escrito por":"Metagal","Est. tempo de leitura":"3 minutos"},"schema":{"@context":"https:\/\/schema.org","@graph":[{"@type":"Article","@id":"https:\/\/www.metagal.com.br\/blog\/a-kombi-do-futuro\/#article","isPartOf":{"@id":"https:\/\/www.metagal.com.br\/blog\/a-kombi-do-futuro\/"},"author":{"name":"Metagal","@id":"https:\/\/www.metagal.com.br\/blog\/#\/schema\/person\/86708538b26ec57abb56975e5bc3f3bf"},"headline":"A Kombi do futuro: como \u00e9 o novo carro el\u00e9trico da Volkswagen","datePublished":"2019-07-11T17:28:29+00:00","dateModified":"2019-10-24T19:52:13+00:00","mainEntityOfPage":{"@id":"https:\/\/www.metagal.com.br\/blog\/a-kombi-do-futuro\/"},"wordCount":677,"commentCount":0,"publisher":{"@id":"https:\/\/www.metagal.com.br\/blog\/#organization"},"image":{"@id":"https:\/\/www.metagal.com.br\/blog\/a-kombi-do-futuro\/#primaryimage"},"thumbnailUrl":"https:\/\/www.metagal.com.br\/blog\/wp-content\/uploads\/2019\/07\/Metagal_Postlink_24_10_2019.png","keywords":["I.D. Buzz","I.D. Buzz Cargo","kombi do futuro","Volkswagen"],"articleSection":["Mercado","Tecnologia"],"inLanguage":"pt-BR","potentialAction":[{"@type":"CommentAction","name":"Comment","target":["https:\/\/www.metagal.com.br\/blog\/a-kombi-do-futuro\/#respond"]}]},{"@type":"WebPage","@id":"https:\/\/www.metagal.com.br\/blog\/a-kombi-do-futuro\/","url":"https:\/\/www.metagal.com.br\/blog\/a-kombi-do-futuro\/","name":"A Kombi do futuro: o novo carro el\u00e9trico da Volkswagen | Metagal","isPartOf":{"@id":"https:\/\/www.metagal.com.br\/blog\/#website"},"primaryImageOfPage":{"@id":"https:\/\/www.metagal.com.br\/blog\/a-kombi-do-futuro\/#primaryimage"},"image":{"@id":"https:\/\/www.metagal.com.br\/blog\/a-kombi-do-futuro\/#primaryimage"},"thumbnailUrl":"https:\/\/www.metagal.com.br\/blog\/wp-content\/uploads\/2019\/07\/Metagal_Postlink_24_10_2019.png","datePublished":"2019-07-11T17:28:29+00:00","dateModified":"2019-10-24T19:52:13+00:00","description":"Em nosso blog, conhe\u00e7a o projeto que promete reformular o modelo que marcou hist\u00f3ria. Descubra tudo sobre a Kombi do futuro:","breadcrumb":{"@id":"https:\/\/www.metagal.com.br\/blog\/a-kombi-do-futuro\/#breadcrumb"},"inLanguage":"pt-BR","potentialAction":[{"@type":"ReadAction","target":["https:\/\/www.metagal.com.br\/blog\/a-kombi-do-futuro\/"]}]},{"@type":"ImageObject","inLanguage":"pt-BR","@id":"https:\/\/www.metagal.com.br\/blog\/a-kombi-do-futuro\/#primaryimage","url":"https:\/\/www.metagal.com.br\/blog\/wp-content\/uploads\/2019\/07\/Metagal_Postlink_24_10_2019.png","contentUrl":"https:\/\/www.metagal.com.br\/blog\/wp-content\/uploads\/2019\/07\/Metagal_Postlink_24_10_2019.png","width":1200,"height":628,"caption":"Kombi do futuro"},{"@type":"BreadcrumbList","@id":"https:\/\/www.metagal.com.br\/blog\/a-kombi-do-futuro\/#breadcrumb","itemListElement":[{"@type":"ListItem","position":1,"name":"In\u00edcio","item":"https:\/\/www.metagal.com.br\/blog\/"},{"@type":"ListItem","position":2,"name":"A Kombi do futuro: como \u00e9 o novo carro el\u00e9trico da Volkswagen"}]},{"@type":"WebSite","@id":"https:\/\/www.metagal.com.br\/blog\/#website","url":"https:\/\/www.metagal.com.br\/blog\/","name":"Blog Metagal","description":"Metagal | L\u00edder no desenvolvimento e produ\u00e7\u00e3o de espelhos retrovisores","publisher":{"@id":"https:\/\/www.metagal.com.br\/blog\/#organization"},"potentialAction":[{"@type":"SearchAction","target":{"@type":"EntryPoint","urlTemplate":"https:\/\/www.metagal.com.br\/blog\/?s={search_term_string}"},"query-input":{"@type":"PropertyValueSpecification","valueRequired":true,"valueName":"search_term_string"}}],"inLanguage":"pt-BR"},{"@type":"Organization","@id":"https:\/\/www.metagal.com.br\/blog\/#organization","name":"Metagal - L\u00edder em Desenvolvimento e Produ\u00e7\u00e3o de Espelhos Retrovisores","url":"https:\/\/www.metagal.com.br\/blog\/","logo":{"@type":"ImageObject","inLanguage":"pt-BR","@id":"https:\/\/www.metagal.com.br\/blog\/#\/schema\/logo\/image\/","url":"https:\/\/www.metagal.com.br\/blog\/wp-content\/uploads\/2018\/11\/Favicon.png","contentUrl":"https:\/\/www.metagal.com.br\/blog\/wp-content\/uploads\/2018\/11\/Favicon.png","width":100,"height":100,"caption":"Metagal - L\u00edder em Desenvolvimento e Produ\u00e7\u00e3o de Espelhos Retrovisores"},"image":{"@id":"https:\/\/www.metagal.com.br\/blog\/#\/schema\/logo\/image\/"}},{"@type":"Person","@id":"https:\/\/www.metagal.com.br\/blog\/#\/schema\/person\/86708538b26ec57abb56975e5bc3f3bf","name":"Metagal","image":{"@type":"ImageObject","inLanguage":"pt-BR","@id":"https:\/\/www.metagal.com.br\/blog\/#\/schema\/person\/image\/","url":"https:\/\/secure.gravatar.com\/avatar\/5b99f1b1706488192643fded2a661508?s=96&d=mm&r=g","contentUrl":"https:\/\/secure.gravatar.com\/avatar\/5b99f1b1706488192643fded2a661508?s=96&d=mm&r=g","caption":"Metagal"},"url":"https:\/\/www.metagal.com.br\/blog\/autor\/layerup\/"}]}},"_links":{"self":[{"href":"https:\/\/www.metagal.com.br\/blog\/wp-json\/wp\/v2\/posts\/4275","targetHints":{"allow":["GET"]}}],"collection":[{"href":"https:\/\/www.metagal.com.br\/blog\/wp-json\/wp\/v2\/posts"}],"about":[{"href":"https:\/\/www.metagal.com.br\/blog\/wp-json\/wp\/v2\/types\/post"}],"author":[{"embeddable":true,"href":"https:\/\/www.metagal.com.br\/blog\/wp-json\/wp\/v2\/users\/1"}],"replies":[{"embeddable":true,"href":"https:\/\/www.metagal.com.br\/blog\/wp-json\/wp\/v2\/comments?post=4275"}],"version-history":[{"count":1,"href":"https:\/\/www.metagal.com.br\/blog\/wp-json\/wp\/v2\/posts\/4275\/revisions"}],"predecessor-version":[{"id":4277,"href":"https:\/\/www.metagal.com.br\/blog\/wp-json\/wp\/v2\/posts\/4275\/revisions\/4277"}],"wp:featuredmedia":[{"embeddable":true,"href":"https:\/\/www.metagal.com.br\/blog\/wp-json\/wp\/v2\/media\/4333"}],"wp:attachment":[{"href":"https:\/\/www.metagal.com.br\/blog\/wp-json\/wp\/v2\/media?parent=4275"}],"wp:term":[{"taxonomy":"category","embeddable":true,"href":"https:\/\/www.metagal.com.br\/blog\/wp-json\/wp\/v2\/categories?post=4275"},{"taxonomy":"post_tag","embeddable":true,"href":"https:\/\/www.metagal.com.br\/blog\/wp-json\/wp\/v2\/tags?post=4275"}],"curies":[{"name":"wp","href":"https:\/\/api.w.org\/{rel}","templated":true}]}}