{"id":4297,"date":"2019-09-13T18:19:02","date_gmt":"2019-09-13T21:19:02","guid":{"rendered":"http:\/\/www.metagal.com.br\/blog\/?p=4297"},"modified":"2019-11-05T18:32:53","modified_gmt":"2019-11-05T20:32:53","slug":"onde-estao-o-brasil-e-a-america-latina-na-corrida-dos-carros-eletricos","status":"publish","type":"post","link":"https:\/\/www.metagal.com.br\/blog\/onde-estao-o-brasil-e-a-america-latina-na-corrida-dos-carros-eletricos\/","title":{"rendered":"Onde est\u00e3o o Brasil e a Am\u00e9rica Latina na corrida dos carros el\u00e9tricos?"},"content":{"rendered":"<p><span style=\"font-weight: 400;\">O mercado de <\/span><b>carros el\u00e9tricos<\/b><span style=\"font-weight: 400;\"> apresenta caracter\u00edsticas particulares em cada canto do mundo. Enquanto a tecnologia ainda n\u00e3o est\u00e1 presente em alguns pa\u00edses, outros j\u00e1 se preparam para extinguir os motores de combust\u00e3o. E mesmo com essas diferen\u00e7as, o fato \u00e9 que <\/span><b>o segmento de ve\u00edculos movidos a fontes de energia limpa cresce.<\/b><span style=\"font-weight: 400;\">\u00a0Em 2018 foi registrado um crescimento de <\/span><b>65%<\/b><span style=\"font-weight: 400;\"> no setor mundial.<\/span><\/p>\n<h2><span style=\"font-weight: 400;\">Os ve\u00edculos de energia limpa ao redor do mundo<\/span><\/h2>\n<p><span style=\"font-weight: 400;\">A <\/span><b>Noruega<\/b><span style=\"font-weight: 400;\"> sai na frente de qualquer outro pa\u00eds quando se trata de ve\u00edculos limpos. Em 2018, <\/span><b>a venda de carros el\u00e9tricos correspondeu a 37%<\/b><span style=\"font-weight: 400;\"> do com\u00e9rcio total de ve\u00edculos no pa\u00eds. L\u00e1, as pessoas que dirigem ve\u00edculos el\u00e9tricos t\u00eam ainda grandes benef\u00edcios. Os estacionamentos s\u00e3o gratuitos e o acesso a pistas de \u00f4nibus \u00e9 liberado.<\/span><\/p>\n<p><span style=\"font-weight: 400;\">J\u00e1 <\/span><b>Amsterd\u00e3<\/b><span style=\"font-weight: 400;\"> tem feito planos para um prazo mais longo e <\/span><b>o uso de ve\u00edculos a diesel e gasolina ser\u00e1 proibido a partir de 2030<\/b><span style=\"font-weight: 400;\">. O principal motivo alegado pelas autoridades da cidade \u00e9 a <\/span><b>polui\u00e7\u00e3o do ar<\/b><span style=\"font-weight: 400;\">. Apesar da dissemina\u00e7\u00e3o do uso de bicicletas, a capital Holandesa ainda produz muita polui\u00e7\u00e3o. Isso se deve principalmente ao tr\u00e1fego pesado em Amsterd\u00e3 e na cidade portu\u00e1ria de Roterd\u00e3. A medida ser\u00e1 implementada em 2020 para que toda a regi\u00e3o tenha 10 anos para adapta\u00e7\u00e3o. Uma das a\u00e7\u00f5es do governo ser\u00e1 <\/span><b>conceder benef\u00edcios \u00e0s pessoas que usarem ve\u00edculos movidos a fontes alternativas de energia<\/b><span style=\"font-weight: 400;\"> antes do per\u00edodo.<\/span><\/p>\n<p><span style=\"font-weight: 400;\">Na China, a meta estabelecida decretava que 10% de toda a frota comercializada a partir de 2019 deveria ser el\u00e9trica ou h\u00edbrida. Com isso, o pa\u00eds chegou a deter <\/span><b>37,5% da frota mundial de ve\u00edculos de energia limpa<\/b><span style=\"font-weight: 400;\">.<\/span><\/p>\n<h2><span style=\"font-weight: 400;\">Chile: o campe\u00e3o na Am\u00e9rica do Sul<\/span><\/h2>\n<p><span style=\"font-weight: 400;\">Mas na <\/span><b>Am\u00e9rica do Sul<\/b><span style=\"font-weight: 400;\"> a situa\u00e7\u00e3o \u00e9 bem diferente. Executivos que coordenam a produ\u00e7\u00e3o de ve\u00edculos no Brasil e na Argentina afirmam que mesmo que as montadoras reformulem seus neg\u00f3cios para focar em carros el\u00e9tricos na Europa, na Am\u00e9rica do Norte e na \u00c1sia, <\/span><b>a Am\u00e9rica do Sul vai continuar priorizando os motores de combust\u00e3o<\/b><span style=\"font-weight: 400;\">. Isso se deve, em parte, \u00e0 <\/span><b>disponibilidade de subs\u00eddios<\/b><span style=\"font-weight: 400;\"> para esses combust\u00edveis na regi\u00e3o.<\/span><\/p>\n<p><span style=\"font-weight: 400;\">No continente sul-americano <\/span><b>\u00e9 o Chile quem lidera a corrida pela eletromobilidade<\/b><span style=\"font-weight: 400;\">. Em janeiro deste ano, o pa\u00eds sediou a terceira etapa da temporada 2018\/2019 da <\/span><b>F\u00f3rmula E<\/b><span style=\"font-weight: 400;\">. A competi\u00e7\u00e3o automobil\u00edstica \u00e9 feita com carros movidos exclusivamente a energia el\u00e9trica.<\/span><\/p>\n<p><span style=\"font-weight: 400;\">Al\u00e9m de sediar a F\u00f3rmula E, o Chile inaugurou esse ano <\/span><b>20 novos eletropostos<\/b><span style=\"font-weight: 400;\"> instalados numa extens\u00e3o de 700 km. O governo explicou que essa instala\u00e7\u00e3o foi pensada a longo prazo, j\u00e1 que a maior parte dos carros do pa\u00eds ainda \u00e9 movida a combust\u00e3o. Um dos objetivos \u00e9 que os eletropostos atuem como um incentivo para os habitantes.<\/span><\/p>\n<h2><span style=\"font-weight: 400;\">O cen\u00e1rio brasileiro dos ve\u00edculos el\u00e9tricos<\/span><\/h2>\n<p><span style=\"font-weight: 400;\">No <\/span><b>Brasil<\/b><span style=\"font-weight: 400;\">, h\u00e1 ve\u00edculos h\u00edbridos e el\u00e9tricos desde 2014. A maioria partiu de iniciativas p\u00fablicas e privadas para que institui\u00e7\u00f5es e empresas tivessem meios de transporte\u00a0<\/span><b>econ\u00f4micos e sustent\u00e1veis<\/b><span style=\"font-weight: 400;\">. Correios, transportadoras, prefeituras, guardas municipais, entre outros \u00f3rg\u00e3os j\u00e1 receberam autom\u00f3veis do tipo.<\/span><\/p>\n<p><span style=\"font-weight: 400;\">Mas o com\u00e9rcio para o usu\u00e1rio comum ainda \u00e9 muito pequeno. Segundo o DETRAN, at\u00e9 o final de 2018 circulavam no Brasil cerca de <\/span><b>10.000 ve\u00edculos h\u00edbridos ou el\u00e9tricos<\/b>. Esse n\u00famero<span style=\"font-weight: 400;\">\u00a0representa apenas <\/span><b>0,015% do total de ve\u00edculos<\/b><span style=\"font-weight: 400;\"> no pa\u00eds.\u00a0<\/span><\/p>\n<p><span style=\"font-weight: 400;\">Apesar desse n\u00famero, a perspectiva de investir nas vendas de ve\u00edculos el\u00e9tricos existe. As montadoras<\/span><b> Volkswagen<\/b><span style=\"font-weight: 400;\"> e <\/span><b>Chevrolet<\/b><span style=\"font-weight: 400;\"> afirmam que pretendem importar modelos el\u00e9tricos ou h\u00edbridos at\u00e9 2023. Mas explicam que<\/span><b> ainda n\u00e3o h\u00e1 planos de produzi-los localmente<\/b><span style=\"font-weight: 400;\">.<\/span><\/p>\n<h3>Planos para o futuro<\/h3>\n<p><span style=\"font-weight: 400;\">O fato de o Brasil ser um grande <\/span><b>produtor de energias n\u00e3o renov\u00e1veis<\/b><span style=\"font-weight: 400;\"> \u00e9 um dos aspectos que atrasa o investimento em ve\u00edculos el\u00e9tricos. Aurelio Santana, diretor-executivo da Anfavea (Associa\u00e7\u00e3o Nacional de Fabricantes de Ve\u00edculos Automotores), acredita que \u201c\u00e9 muito importante que o governo apoie investimentos em pesquisa e desenvolvimento envolvendo o<\/span><b> etanol<\/b><span style=\"font-weight: 400;\">&#8221; e que &#8220;precisamos manter o que j\u00e1 temos aqui&#8221;.<\/span><\/p>\n<p><span style=\"font-weight: 400;\">Entretanto, em 2017, o congresso brasileiro aprovou um projeto que parecia caminhar na dire\u00e7\u00e3o dos ve\u00edculos el\u00e9tricos. O <\/span><b>Rota 2030<\/b><span style=\"font-weight: 400;\"> foi sancionado em dezembro de 2018 e apresentava uma s\u00e9rie de <\/span><b>incentivos para montadoras e fabricantes de autope\u00e7as<\/b><span style=\"font-weight: 400;\">. <\/span><span style=\"font-weight: 400;\">O objetivo era que eles atendessem a crit\u00e9rios relacionados \u00e0 pesquisa e desenvolvimento, sustentabilidade e economia de energia. Uma das expectativas em rela\u00e7\u00e3o ao projeto era o incentivo \u00e0 fabrica\u00e7\u00e3o e compra de ve\u00edculos h\u00edbridos e el\u00e9tricos. <\/span><\/p>\n<p><span style=\"font-weight: 400;\">Mas o Rota 2030 oferecia apenas uma <\/span><b>t\u00edmida redu\u00e7\u00e3o no IPI<\/b><span style=\"font-weight: 400;\"> (Imposto sobre Produtos Industrializados) desses ve\u00edculos. Enquanto isso, programas semelhantes em outros pa\u00edses zeravam essa taxa. Para o coordenador executivo do F\u00f3rum Brasileiro de Mudan\u00e7a no Clima, \u201co Rota 2030 n\u00e3o resolve o problema dos carros el\u00e9tricos no Brasil\u201d.<\/span><\/p>\n<p><span style=\"font-weight: 400;\">Assim, diante desse contexto e de tantas diferen\u00e7as no posicionamento de cada pa\u00eds, \u00e9 importante que montadoras e fabricantes de autope\u00e7as estejam sempre informadas sobre o assunto, n\u00e3o s\u00f3 no Brasil, e se preparem para o futuro.<\/span><\/p>\n<p>&nbsp;<\/p>\n<p style=\"text-align: center;\"><span style=\"font-weight: 400;\">*<\/span><\/p>\n<p style=\"text-align: center;\"><span style=\"font-weight: 400;\">A <\/span><a href=\"http:\/\/metagal.com.br\/\"><span style=\"font-weight: 400;\">Metagal<\/span><\/a><span style=\"font-weight: 400;\">, l\u00edder no mercado de espelhos retrovisores e no desenvolvimento de c\u00e2meras para monitoramento veicular, \u00e9 um exemplo da constante busca por inova\u00e7\u00e3o. H\u00e1 mais de 50 anos no setor, a empresa investe pesado em pesquisas, capacita\u00e7\u00e3o de seus profissionais e novas tecnologias automotivas.<\/span><\/p>\n<p>&nbsp;<\/p>\n","protected":false},"excerpt":{"rendered":"<p>Voc\u00ea sabe como est\u00e1 o segmento de carros el\u00e9tricos ao redor do mundo? Conhe\u00e7a os pa\u00edses que j\u00e1 est\u00e3o proibindo combust\u00edveis poluentes e entenda por o Brasil ainda est\u00e1 longe dessa realidade.<\/p>\n","protected":false},"author":1,"featured_media":4299,"comment_status":"open","ping_status":"open","sticky":false,"template":"","format":"standard","meta":{"footnotes":""},"categories":[113],"tags":[238,236],"class_list":["post-4297","post","type-post","status-publish","format-standard","has-post-thumbnail","hentry","category-mercado","tag-carros-eletricos","tag-mercado-automotivo"],"yoast_head":"<!-- This site is optimized with the Yoast SEO plugin v25.9 - https:\/\/yoast.com\/wordpress\/plugins\/seo\/ -->\n<title>Onde est\u00e3o o Brasil e a Am\u00e9rica Latina na corrida dos carros el\u00e9tricos?<\/title>\n<meta name=\"description\" content=\"Voc\u00ea sabe como est\u00e1 o segmento de carros el\u00e9tricos no mundo? Alguns pa\u00edses j\u00e1 proibiram combust\u00edveis poluentes e o Brasil est\u00e1 longe dessa realidade.\" \/>\n<meta name=\"robots\" content=\"index, follow, max-snippet:-1, max-image-preview:large, max-video-preview:-1\" \/>\n<link rel=\"canonical\" href=\"https:\/\/www.metagal.com.br\/blog\/onde-estao-o-brasil-e-a-america-latina-na-corrida-dos-carros-eletricos\/\" \/>\n<meta property=\"og:locale\" content=\"pt_BR\" \/>\n<meta property=\"og:type\" content=\"article\" \/>\n<meta property=\"og:title\" content=\"Onde est\u00e3o o Brasil e a Am\u00e9rica Latina na corrida dos carros el\u00e9tricos?\" \/>\n<meta property=\"og:description\" content=\"Voc\u00ea sabe como est\u00e1 o segmento de carros el\u00e9tricos no mundo? Alguns pa\u00edses j\u00e1 proibiram combust\u00edveis poluentes e o Brasil est\u00e1 longe dessa realidade.\" \/>\n<meta property=\"og:url\" content=\"https:\/\/www.metagal.com.br\/blog\/onde-estao-o-brasil-e-a-america-latina-na-corrida-dos-carros-eletricos\/\" \/>\n<meta property=\"og:site_name\" content=\"Blog Metagal\" \/>\n<meta property=\"article:published_time\" content=\"2019-09-13T21:19:02+00:00\" \/>\n<meta property=\"article:modified_time\" content=\"2019-11-05T20:32:53+00:00\" \/>\n<meta property=\"og:image\" content=\"https:\/\/www.metagal.com.br\/blog\/wp-content\/uploads\/2019\/09\/corrida-dos-carros-el\u00e9tricos.jpg\" \/>\n\t<meta property=\"og:image:width\" content=\"1920\" \/>\n\t<meta property=\"og:image:height\" content=\"655\" \/>\n\t<meta property=\"og:image:type\" content=\"image\/jpeg\" \/>\n<meta name=\"author\" content=\"Metagal\" \/>\n<meta name=\"twitter:card\" content=\"summary_large_image\" \/>\n<meta name=\"twitter:label1\" content=\"Escrito por\" \/>\n\t<meta name=\"twitter:data1\" content=\"Metagal\" \/>\n\t<meta name=\"twitter:label2\" content=\"Est. tempo de leitura\" \/>\n\t<meta name=\"twitter:data2\" content=\"5 minutos\" \/>\n<script type=\"application\/ld+json\" class=\"yoast-schema-graph\">{\"@context\":\"https:\/\/schema.org\",\"@graph\":[{\"@type\":\"Article\",\"@id\":\"https:\/\/www.metagal.com.br\/blog\/onde-estao-o-brasil-e-a-america-latina-na-corrida-dos-carros-eletricos\/#article\",\"isPartOf\":{\"@id\":\"https:\/\/www.metagal.com.br\/blog\/onde-estao-o-brasil-e-a-america-latina-na-corrida-dos-carros-eletricos\/\"},\"author\":{\"name\":\"Metagal\",\"@id\":\"https:\/\/www.metagal.com.br\/blog\/#\/schema\/person\/86708538b26ec57abb56975e5bc3f3bf\"},\"headline\":\"Onde est\u00e3o o Brasil e a Am\u00e9rica Latina na corrida dos carros el\u00e9tricos?\",\"datePublished\":\"2019-09-13T21:19:02+00:00\",\"dateModified\":\"2019-11-05T20:32:53+00:00\",\"mainEntityOfPage\":{\"@id\":\"https:\/\/www.metagal.com.br\/blog\/onde-estao-o-brasil-e-a-america-latina-na-corrida-dos-carros-eletricos\/\"},\"wordCount\":944,\"commentCount\":0,\"publisher\":{\"@id\":\"https:\/\/www.metagal.com.br\/blog\/#organization\"},\"image\":{\"@id\":\"https:\/\/www.metagal.com.br\/blog\/onde-estao-o-brasil-e-a-america-latina-na-corrida-dos-carros-eletricos\/#primaryimage\"},\"thumbnailUrl\":\"https:\/\/www.metagal.com.br\/blog\/wp-content\/uploads\/2019\/09\/corrida-dos-carros-el\u00e9tricos.jpg\",\"keywords\":[\"carros el\u00e9tricos\",\"mercado automotivo\"],\"articleSection\":[\"Mercado\"],\"inLanguage\":\"pt-BR\",\"potentialAction\":[{\"@type\":\"CommentAction\",\"name\":\"Comment\",\"target\":[\"https:\/\/www.metagal.com.br\/blog\/onde-estao-o-brasil-e-a-america-latina-na-corrida-dos-carros-eletricos\/#respond\"]}]},{\"@type\":\"WebPage\",\"@id\":\"https:\/\/www.metagal.com.br\/blog\/onde-estao-o-brasil-e-a-america-latina-na-corrida-dos-carros-eletricos\/\",\"url\":\"https:\/\/www.metagal.com.br\/blog\/onde-estao-o-brasil-e-a-america-latina-na-corrida-dos-carros-eletricos\/\",\"name\":\"Onde est\u00e3o o Brasil e a Am\u00e9rica Latina na corrida dos carros el\u00e9tricos?\",\"isPartOf\":{\"@id\":\"https:\/\/www.metagal.com.br\/blog\/#website\"},\"primaryImageOfPage\":{\"@id\":\"https:\/\/www.metagal.com.br\/blog\/onde-estao-o-brasil-e-a-america-latina-na-corrida-dos-carros-eletricos\/#primaryimage\"},\"image\":{\"@id\":\"https:\/\/www.metagal.com.br\/blog\/onde-estao-o-brasil-e-a-america-latina-na-corrida-dos-carros-eletricos\/#primaryimage\"},\"thumbnailUrl\":\"https:\/\/www.metagal.com.br\/blog\/wp-content\/uploads\/2019\/09\/corrida-dos-carros-el\u00e9tricos.jpg\",\"datePublished\":\"2019-09-13T21:19:02+00:00\",\"dateModified\":\"2019-11-05T20:32:53+00:00\",\"description\":\"Voc\u00ea sabe como est\u00e1 o segmento de carros el\u00e9tricos no mundo? Alguns pa\u00edses j\u00e1 proibiram combust\u00edveis poluentes e o Brasil est\u00e1 longe dessa realidade.\",\"breadcrumb\":{\"@id\":\"https:\/\/www.metagal.com.br\/blog\/onde-estao-o-brasil-e-a-america-latina-na-corrida-dos-carros-eletricos\/#breadcrumb\"},\"inLanguage\":\"pt-BR\",\"potentialAction\":[{\"@type\":\"ReadAction\",\"target\":[\"https:\/\/www.metagal.com.br\/blog\/onde-estao-o-brasil-e-a-america-latina-na-corrida-dos-carros-eletricos\/\"]}]},{\"@type\":\"ImageObject\",\"inLanguage\":\"pt-BR\",\"@id\":\"https:\/\/www.metagal.com.br\/blog\/onde-estao-o-brasil-e-a-america-latina-na-corrida-dos-carros-eletricos\/#primaryimage\",\"url\":\"https:\/\/www.metagal.com.br\/blog\/wp-content\/uploads\/2019\/09\/corrida-dos-carros-el\u00e9tricos.jpg\",\"contentUrl\":\"https:\/\/www.metagal.com.br\/blog\/wp-content\/uploads\/2019\/09\/corrida-dos-carros-el\u00e9tricos.jpg\",\"width\":1920,\"height\":655,\"caption\":\"corrida-dos-carros-el\u00e9tricos\"},{\"@type\":\"BreadcrumbList\",\"@id\":\"https:\/\/www.metagal.com.br\/blog\/onde-estao-o-brasil-e-a-america-latina-na-corrida-dos-carros-eletricos\/#breadcrumb\",\"itemListElement\":[{\"@type\":\"ListItem\",\"position\":1,\"name\":\"In\u00edcio\",\"item\":\"https:\/\/www.metagal.com.br\/blog\/\"},{\"@type\":\"ListItem\",\"position\":2,\"name\":\"Onde est\u00e3o o Brasil e a Am\u00e9rica Latina na corrida dos carros el\u00e9tricos?\"}]},{\"@type\":\"WebSite\",\"@id\":\"https:\/\/www.metagal.com.br\/blog\/#website\",\"url\":\"https:\/\/www.metagal.com.br\/blog\/\",\"name\":\"Blog Metagal\",\"description\":\"Metagal | L\u00edder no desenvolvimento e produ\u00e7\u00e3o de espelhos retrovisores\",\"publisher\":{\"@id\":\"https:\/\/www.metagal.com.br\/blog\/#organization\"},\"potentialAction\":[{\"@type\":\"SearchAction\",\"target\":{\"@type\":\"EntryPoint\",\"urlTemplate\":\"https:\/\/www.metagal.com.br\/blog\/?s={search_term_string}\"},\"query-input\":{\"@type\":\"PropertyValueSpecification\",\"valueRequired\":true,\"valueName\":\"search_term_string\"}}],\"inLanguage\":\"pt-BR\"},{\"@type\":\"Organization\",\"@id\":\"https:\/\/www.metagal.com.br\/blog\/#organization\",\"name\":\"Metagal - L\u00edder em Desenvolvimento e Produ\u00e7\u00e3o de Espelhos Retrovisores\",\"url\":\"https:\/\/www.metagal.com.br\/blog\/\",\"logo\":{\"@type\":\"ImageObject\",\"inLanguage\":\"pt-BR\",\"@id\":\"https:\/\/www.metagal.com.br\/blog\/#\/schema\/logo\/image\/\",\"url\":\"https:\/\/www.metagal.com.br\/blog\/wp-content\/uploads\/2018\/11\/Favicon.png\",\"contentUrl\":\"https:\/\/www.metagal.com.br\/blog\/wp-content\/uploads\/2018\/11\/Favicon.png\",\"width\":100,\"height\":100,\"caption\":\"Metagal - L\u00edder em Desenvolvimento e Produ\u00e7\u00e3o de Espelhos Retrovisores\"},\"image\":{\"@id\":\"https:\/\/www.metagal.com.br\/blog\/#\/schema\/logo\/image\/\"}},{\"@type\":\"Person\",\"@id\":\"https:\/\/www.metagal.com.br\/blog\/#\/schema\/person\/86708538b26ec57abb56975e5bc3f3bf\",\"name\":\"Metagal\",\"image\":{\"@type\":\"ImageObject\",\"inLanguage\":\"pt-BR\",\"@id\":\"https:\/\/www.metagal.com.br\/blog\/#\/schema\/person\/image\/\",\"url\":\"https:\/\/secure.gravatar.com\/avatar\/5b99f1b1706488192643fded2a661508?s=96&d=mm&r=g\",\"contentUrl\":\"https:\/\/secure.gravatar.com\/avatar\/5b99f1b1706488192643fded2a661508?s=96&d=mm&r=g\",\"caption\":\"Metagal\"},\"url\":\"https:\/\/www.metagal.com.br\/blog\/autor\/layerup\/\"}]}<\/script>\n<!-- \/ Yoast SEO plugin. -->","yoast_head_json":{"title":"Onde est\u00e3o o Brasil e a Am\u00e9rica Latina na corrida dos carros el\u00e9tricos?","description":"Voc\u00ea sabe como est\u00e1 o segmento de carros el\u00e9tricos no mundo? Alguns pa\u00edses j\u00e1 proibiram combust\u00edveis poluentes e o Brasil est\u00e1 longe dessa realidade.","robots":{"index":"index","follow":"follow","max-snippet":"max-snippet:-1","max-image-preview":"max-image-preview:large","max-video-preview":"max-video-preview:-1"},"canonical":"https:\/\/www.metagal.com.br\/blog\/onde-estao-o-brasil-e-a-america-latina-na-corrida-dos-carros-eletricos\/","og_locale":"pt_BR","og_type":"article","og_title":"Onde est\u00e3o o Brasil e a Am\u00e9rica Latina na corrida dos carros el\u00e9tricos?","og_description":"Voc\u00ea sabe como est\u00e1 o segmento de carros el\u00e9tricos no mundo? Alguns pa\u00edses j\u00e1 proibiram combust\u00edveis poluentes e o Brasil est\u00e1 longe dessa realidade.","og_url":"https:\/\/www.metagal.com.br\/blog\/onde-estao-o-brasil-e-a-america-latina-na-corrida-dos-carros-eletricos\/","og_site_name":"Blog Metagal","article_published_time":"2019-09-13T21:19:02+00:00","article_modified_time":"2019-11-05T20:32:53+00:00","og_image":[{"width":1920,"height":655,"url":"https:\/\/www.metagal.com.br\/blog\/wp-content\/uploads\/2019\/09\/corrida-dos-carros-el\u00e9tricos.jpg","type":"image\/jpeg"}],"author":"Metagal","twitter_card":"summary_large_image","twitter_misc":{"Escrito por":"Metagal","Est. tempo de leitura":"5 minutos"},"schema":{"@context":"https:\/\/schema.org","@graph":[{"@type":"Article","@id":"https:\/\/www.metagal.com.br\/blog\/onde-estao-o-brasil-e-a-america-latina-na-corrida-dos-carros-eletricos\/#article","isPartOf":{"@id":"https:\/\/www.metagal.com.br\/blog\/onde-estao-o-brasil-e-a-america-latina-na-corrida-dos-carros-eletricos\/"},"author":{"name":"Metagal","@id":"https:\/\/www.metagal.com.br\/blog\/#\/schema\/person\/86708538b26ec57abb56975e5bc3f3bf"},"headline":"Onde est\u00e3o o Brasil e a Am\u00e9rica Latina na corrida dos carros el\u00e9tricos?","datePublished":"2019-09-13T21:19:02+00:00","dateModified":"2019-11-05T20:32:53+00:00","mainEntityOfPage":{"@id":"https:\/\/www.metagal.com.br\/blog\/onde-estao-o-brasil-e-a-america-latina-na-corrida-dos-carros-eletricos\/"},"wordCount":944,"commentCount":0,"publisher":{"@id":"https:\/\/www.metagal.com.br\/blog\/#organization"},"image":{"@id":"https:\/\/www.metagal.com.br\/blog\/onde-estao-o-brasil-e-a-america-latina-na-corrida-dos-carros-eletricos\/#primaryimage"},"thumbnailUrl":"https:\/\/www.metagal.com.br\/blog\/wp-content\/uploads\/2019\/09\/corrida-dos-carros-el\u00e9tricos.jpg","keywords":["carros el\u00e9tricos","mercado automotivo"],"articleSection":["Mercado"],"inLanguage":"pt-BR","potentialAction":[{"@type":"CommentAction","name":"Comment","target":["https:\/\/www.metagal.com.br\/blog\/onde-estao-o-brasil-e-a-america-latina-na-corrida-dos-carros-eletricos\/#respond"]}]},{"@type":"WebPage","@id":"https:\/\/www.metagal.com.br\/blog\/onde-estao-o-brasil-e-a-america-latina-na-corrida-dos-carros-eletricos\/","url":"https:\/\/www.metagal.com.br\/blog\/onde-estao-o-brasil-e-a-america-latina-na-corrida-dos-carros-eletricos\/","name":"Onde est\u00e3o o Brasil e a Am\u00e9rica Latina na corrida dos carros el\u00e9tricos?","isPartOf":{"@id":"https:\/\/www.metagal.com.br\/blog\/#website"},"primaryImageOfPage":{"@id":"https:\/\/www.metagal.com.br\/blog\/onde-estao-o-brasil-e-a-america-latina-na-corrida-dos-carros-eletricos\/#primaryimage"},"image":{"@id":"https:\/\/www.metagal.com.br\/blog\/onde-estao-o-brasil-e-a-america-latina-na-corrida-dos-carros-eletricos\/#primaryimage"},"thumbnailUrl":"https:\/\/www.metagal.com.br\/blog\/wp-content\/uploads\/2019\/09\/corrida-dos-carros-el\u00e9tricos.jpg","datePublished":"2019-09-13T21:19:02+00:00","dateModified":"2019-11-05T20:32:53+00:00","description":"Voc\u00ea sabe como est\u00e1 o segmento de carros el\u00e9tricos no mundo? Alguns pa\u00edses j\u00e1 proibiram combust\u00edveis poluentes e o Brasil est\u00e1 longe dessa realidade.","breadcrumb":{"@id":"https:\/\/www.metagal.com.br\/blog\/onde-estao-o-brasil-e-a-america-latina-na-corrida-dos-carros-eletricos\/#breadcrumb"},"inLanguage":"pt-BR","potentialAction":[{"@type":"ReadAction","target":["https:\/\/www.metagal.com.br\/blog\/onde-estao-o-brasil-e-a-america-latina-na-corrida-dos-carros-eletricos\/"]}]},{"@type":"ImageObject","inLanguage":"pt-BR","@id":"https:\/\/www.metagal.com.br\/blog\/onde-estao-o-brasil-e-a-america-latina-na-corrida-dos-carros-eletricos\/#primaryimage","url":"https:\/\/www.metagal.com.br\/blog\/wp-content\/uploads\/2019\/09\/corrida-dos-carros-el\u00e9tricos.jpg","contentUrl":"https:\/\/www.metagal.com.br\/blog\/wp-content\/uploads\/2019\/09\/corrida-dos-carros-el\u00e9tricos.jpg","width":1920,"height":655,"caption":"corrida-dos-carros-el\u00e9tricos"},{"@type":"BreadcrumbList","@id":"https:\/\/www.metagal.com.br\/blog\/onde-estao-o-brasil-e-a-america-latina-na-corrida-dos-carros-eletricos\/#breadcrumb","itemListElement":[{"@type":"ListItem","position":1,"name":"In\u00edcio","item":"https:\/\/www.metagal.com.br\/blog\/"},{"@type":"ListItem","position":2,"name":"Onde est\u00e3o o Brasil e a Am\u00e9rica Latina na corrida dos carros el\u00e9tricos?"}]},{"@type":"WebSite","@id":"https:\/\/www.metagal.com.br\/blog\/#website","url":"https:\/\/www.metagal.com.br\/blog\/","name":"Blog Metagal","description":"Metagal | L\u00edder no desenvolvimento e produ\u00e7\u00e3o de espelhos retrovisores","publisher":{"@id":"https:\/\/www.metagal.com.br\/blog\/#organization"},"potentialAction":[{"@type":"SearchAction","target":{"@type":"EntryPoint","urlTemplate":"https:\/\/www.metagal.com.br\/blog\/?s={search_term_string}"},"query-input":{"@type":"PropertyValueSpecification","valueRequired":true,"valueName":"search_term_string"}}],"inLanguage":"pt-BR"},{"@type":"Organization","@id":"https:\/\/www.metagal.com.br\/blog\/#organization","name":"Metagal - L\u00edder em Desenvolvimento e Produ\u00e7\u00e3o de Espelhos Retrovisores","url":"https:\/\/www.metagal.com.br\/blog\/","logo":{"@type":"ImageObject","inLanguage":"pt-BR","@id":"https:\/\/www.metagal.com.br\/blog\/#\/schema\/logo\/image\/","url":"https:\/\/www.metagal.com.br\/blog\/wp-content\/uploads\/2018\/11\/Favicon.png","contentUrl":"https:\/\/www.metagal.com.br\/blog\/wp-content\/uploads\/2018\/11\/Favicon.png","width":100,"height":100,"caption":"Metagal - L\u00edder em Desenvolvimento e Produ\u00e7\u00e3o de Espelhos Retrovisores"},"image":{"@id":"https:\/\/www.metagal.com.br\/blog\/#\/schema\/logo\/image\/"}},{"@type":"Person","@id":"https:\/\/www.metagal.com.br\/blog\/#\/schema\/person\/86708538b26ec57abb56975e5bc3f3bf","name":"Metagal","image":{"@type":"ImageObject","inLanguage":"pt-BR","@id":"https:\/\/www.metagal.com.br\/blog\/#\/schema\/person\/image\/","url":"https:\/\/secure.gravatar.com\/avatar\/5b99f1b1706488192643fded2a661508?s=96&d=mm&r=g","contentUrl":"https:\/\/secure.gravatar.com\/avatar\/5b99f1b1706488192643fded2a661508?s=96&d=mm&r=g","caption":"Metagal"},"url":"https:\/\/www.metagal.com.br\/blog\/autor\/layerup\/"}]}},"_links":{"self":[{"href":"https:\/\/www.metagal.com.br\/blog\/wp-json\/wp\/v2\/posts\/4297","targetHints":{"allow":["GET"]}}],"collection":[{"href":"https:\/\/www.metagal.com.br\/blog\/wp-json\/wp\/v2\/posts"}],"about":[{"href":"https:\/\/www.metagal.com.br\/blog\/wp-json\/wp\/v2\/types\/post"}],"author":[{"embeddable":true,"href":"https:\/\/www.metagal.com.br\/blog\/wp-json\/wp\/v2\/users\/1"}],"replies":[{"embeddable":true,"href":"https:\/\/www.metagal.com.br\/blog\/wp-json\/wp\/v2\/comments?post=4297"}],"version-history":[{"count":7,"href":"https:\/\/www.metagal.com.br\/blog\/wp-json\/wp\/v2\/posts\/4297\/revisions"}],"predecessor-version":[{"id":4319,"href":"https:\/\/www.metagal.com.br\/blog\/wp-json\/wp\/v2\/posts\/4297\/revisions\/4319"}],"wp:featuredmedia":[{"embeddable":true,"href":"https:\/\/www.metagal.com.br\/blog\/wp-json\/wp\/v2\/media\/4299"}],"wp:attachment":[{"href":"https:\/\/www.metagal.com.br\/blog\/wp-json\/wp\/v2\/media?parent=4297"}],"wp:term":[{"taxonomy":"category","embeddable":true,"href":"https:\/\/www.metagal.com.br\/blog\/wp-json\/wp\/v2\/categories?post=4297"},{"taxonomy":"post_tag","embeddable":true,"href":"https:\/\/www.metagal.com.br\/blog\/wp-json\/wp\/v2\/tags?post=4297"}],"curies":[{"name":"wp","href":"https:\/\/api.w.org\/{rel}","templated":true}]}}