{"id":4421,"date":"2020-08-07T13:47:47","date_gmt":"2020-08-07T16:47:47","guid":{"rendered":"http:\/\/www.metagal.com.br\/blog\/?p=4421"},"modified":"2020-08-07T13:49:59","modified_gmt":"2020-08-07T16:49:59","slug":"pandemia-e-industria-automotiva","status":"publish","type":"post","link":"https:\/\/www.metagal.com.br\/blog\/pandemia-e-industria-automotiva\/","title":{"rendered":"Conhe\u00e7a as transforma\u00e7\u00f5es que a pandemia trouxe para a ind\u00fastria automotiva"},"content":{"rendered":"<p><span style=\"font-weight: 400;\">O <\/span><b>isolamento social<\/b><span style=\"font-weight: 400;\"> obrigat\u00f3rio em v\u00e1rias cidades do Brasil e do mundo transformou bruscamente rotinas de trabalho e perspectivas de mercado. E a ind\u00fastria automotiva n\u00e3o ficou de fora.\u00a0<\/span><\/p>\n<p><span style=\"font-weight: 400;\">O segmento estava justamente se <\/span><b>recuperando de quedas anteriores<\/b><span style=\"font-weight: 400;\"> quando a covid-19 tornou-se uma pandemia.\u00a0<\/span><\/p>\n<p><span style=\"font-weight: 400;\">Diversas f\u00e1bricas tiveram que <\/span><b>suspender suas atividades por meses <\/b><span style=\"font-weight: 400;\">com foco no bem-estar de seus colaboradores e da sociedade em geral.<\/span><\/p>\n<p><span style=\"font-weight: 400;\">Apesar dos engenheiros e l\u00edderes da \u00e1rea estarem acostumados com <\/span><b>oscila\u00e7\u00f5es no mercado brasileiro<\/b><span style=\"font-weight: 400;\">, a nova crise mostrou-se diferente dos cen\u00e1rios anteriores, reduzindo o faturamento e o volume de produ\u00e7\u00e3o de forma muito <\/span><b>mais \u00e1gil e brusca<\/b><span style=\"font-weight: 400;\">.<\/span><\/p>\n<p><span style=\"font-weight: 400;\">A ind\u00fastria automotiva precisou se <\/span><b>adaptar a novos processos rapidamente <\/b><span style=\"font-weight: 400;\">para manter a cadeia de suprimentos, o que ainda representa um <\/span><b>grande desafio<\/b><span style=\"font-weight: 400;\">.<\/span><\/p>\n<p><span style=\"font-weight: 400;\">Empresas tra\u00e7aram <\/span><b>planos de conting\u00eancia<\/b><span style=\"font-weight: 400;\"> com redu\u00e7\u00e3o de gastos,<\/span><b> trabalho remoto<\/b><span style=\"font-weight: 400;\"> para toda a \u00e1rea administrativa e um planejamento s\u00f3lido para a<\/span><b> reabertura das f\u00e1bricas <\/b><span style=\"font-weight: 400;\">nas datas liberadas pelo governo.<\/span><\/p>\n<p><span style=\"font-weight: 400;\">Em meio a todas essas dificuldades, a boa not\u00edcia \u00e9 que o <\/span><b>mercado brasileiro ainda \u00e9 considerado promissor<\/b><span style=\"font-weight: 400;\"> no sentido de expans\u00e3o, o que faz com que diversas montadoras e fornecedores continuem investindo em uma <\/span><b>retomada gradual e saud\u00e1vel<\/b><span style=\"font-weight: 400;\">.<\/span><\/p>\n<p><span style=\"font-weight: 400;\">Para ajudar voc\u00ea em seu pr\u00f3prio planejamento, reunimos mudan\u00e7as que far\u00e3o parte do<\/span><b> dia a dia<\/b><span style=\"font-weight: 400;\"> desse setor: seja momentaneamente ou pelos pr\u00f3ximos anos.<\/span><\/p>\n<h2><b>Os novos turnos na ind\u00fastria automotiva<\/b><\/h2>\n<p><span style=\"font-weight: 400;\">Diversas montadoras e fornecedores de autope\u00e7as j\u00e1 retornaram sua opera\u00e7\u00e3o, por\u00e9m todas com <\/span><b>planos de rotatividade entre os colaboradores<\/b><span style=\"font-weight: 400;\">.<\/span><\/p>\n<p><span style=\"font-weight: 400;\">A <\/span><b>Cummings<\/b><span style=\"font-weight: 400;\">, por exemplo, voltou com 50% de sua produtividade, dividindo a f\u00e1brica em dois turnos, com turma A indo para o trabalho em determinados dias e a turma B suprindo o resto da semana.<\/span><\/p>\n<p><span style=\"font-weight: 400;\">Dessa forma, \u00e9 poss\u00edvel reduzir custos e garantir maior seguran\u00e7a ao colaborador. Dependendo de como for a <\/span><b>demanda por ve\u00edculos<\/b><span style=\"font-weight: 400;\"> nos meses seguintes, \u00e9 poss\u00edvel que a nova din\u00e2mica se estenda <\/span><b>at\u00e9 o fim do ano<\/b><span style=\"font-weight: 400;\">.<\/span><\/p>\n<h2><b>A ascens\u00e3o do trabalho remoto no setor administrativo<\/b><\/h2>\n<p><span style=\"font-weight: 400;\">Assim como em outros segmentos, o <\/span><a href=\"http:\/\/www.metagal.com.br\/blog\/futuro-mercado-automotivo\/?utm_medium=blogpost&amp;utm_source=site&amp;utm_campaign=o-futuro-do-mercado-automotivo&amp;utm_content=hiperlink-\"><span style=\"font-weight: 400;\">mercado automotivo<\/span><\/a><span style=\"font-weight: 400;\"> tamb\u00e9m adotou o <\/span><b>trabalho remoto<\/b><span style=\"font-weight: 400;\"> como solu\u00e7\u00e3o \u00e0 crise para os setores administrativos e lideran\u00e7as.<\/span><\/p>\n<p><span style=\"font-weight: 400;\">De acordo com a pesquisa <\/span><a href=\"http:\/\/www.automotivebusiness.com.br\/noticia\/31109\/home-office-e-digitalizacao-serao-os-maiores-legados-da-pandemia\"><span style=\"font-weight: 400;\">Term\u00f4metro Automotivo<\/span><\/a><span style=\"font-weight: 400;\">, realizada em abril pela Automotive Business,<\/span><b> 77,7% dos entrevistados <\/b><span style=\"font-weight: 400;\">afirmaram que a empresa em que trabalham implementou o home office.\u00a0<\/span><\/p>\n<p><span style=\"font-weight: 400;\">O mesmo levantamento ainda aponta que<\/span><b> 51,3% dos entrevistados<\/b><span style=\"font-weight: 400;\"> concorda que <\/span><b>a manuten\u00e7\u00e3o do trabalho remoto ser\u00e1 uma das principais heran\u00e7as da pandemia<\/b><span style=\"font-weight: 400;\">. Esses dados confirmam que o caminho est\u00e1 tra\u00e7ado para a <\/span><a href=\"http:\/\/www.metagal.com.br\/blog\/caminhando-o-setor-automotivo\/?utm_medium=blogpost&amp;utm_source=site&amp;utm_campaign=mercado-e-tecnologia&amp;utm_content=hiperlink-\"><span style=\"font-weight: 400;\">tecnologia<\/span><\/a><span style=\"font-weight: 400;\"> no mercado empresarial como um todo.\u00a0<\/span><\/p>\n<h2><b>A transforma\u00e7\u00e3o digital e a nova mobilidade<\/b><\/h2>\n<p><span style=\"font-weight: 400;\">A implementa\u00e7\u00e3o do home office est\u00e1 ligada diretamente a outras transforma\u00e7\u00f5es, <\/span><b>principalmente no campo digital<\/b><span style=\"font-weight: 400;\">.\u00a0<\/span><\/p>\n<p><span style=\"font-weight: 400;\">Com funcion\u00e1rios trabalhando remotamente e a necessidade do distanciamento social, <\/span><b>as portas foram abertas para a inser\u00e7\u00e3o da tecnologia em velhos h\u00e1bitos<\/b><span style=\"font-weight: 400;\">, como reuni\u00f5es presenciais.\u00a0<\/span><\/p>\n<p><span style=\"font-weight: 400;\">Os encontros presenciais tiveram que ser substitu\u00eddos por <\/span><b>calls ou videoconfer\u00eancias<\/b><span style=\"font-weight: 400;\">, realizadas por meio de plataformas como o Skype, Teams ou o Zoom. Dessa forma, se tornaram mais din\u00e2micos e pr\u00e1ticos para todos os participantes.\u00a0<\/span><\/p>\n<p><span style=\"font-weight: 400;\">Esse tamb\u00e9m possivelmente \u00e9 o caminho para que a <\/span><span style=\"font-weight: 400;\"><a href=\"http:\/\/www.metagal.com.br\/blog\/planejamento-estrategico-para-a-industria-automotiva-em-2020-tres-atitudes-que-o-setor-precisa-considerar\/?utm_medium=blogpost&amp;utm_source=site&amp;utm_campaign=industria-automotiva&amp;utm_content=hiperlink-\" target=\"_blank\" rel=\"noopener\">ind\u00fastria<\/a> automotiva<\/span><span style=\"font-weight: 400;\"> no geral comece a <\/span><b>automatizar processos<\/b><span style=\"font-weight: 400;\"> e fa\u00e7a com que a <\/span><a href=\"http:\/\/www.metagal.com.br\/blog\/transformacao-digital-industria-automotiva\/?utm_medium=blogpost&amp;utm_source=site&amp;utm_campaign=transformacao-digital&amp;utm_content=hiperlink-\"><b>transforma\u00e7\u00e3o digital<\/b><\/a><b> seja inclu\u00edda na cultura de muitas empresas<\/b><span style=\"font-weight: 400;\">.\u00a0<\/span><\/p>\n<p><span style=\"font-weight: 400;\">Mesmo antes da pandemia, j\u00e1 se discutia <\/span><b>transforma\u00e7\u00f5es e um processo de disrup\u00e7\u00e3o na mobilidade <\/b><span style=\"font-weight: 400;\">causadas pelo avan\u00e7o do digital.\u00a0<\/span><\/p>\n<p><span style=\"font-weight: 400;\">Com o isolamento social e o aumento do trabalho remoto, \u00e9 poss\u00edvel que essa perspectiva tenha mudado de forma <\/span><b>ainda mais significativa<\/b><span style=\"font-weight: 400;\">.<\/span><\/p>\n<p><span style=\"font-weight: 400;\">Por fim, com um novo impulso para<\/span><b> investimento em inova\u00e7\u00e3o<\/b><span style=\"font-weight: 400;\">, o Brasil tamb\u00e9m pode finalmente alcan\u00e7ar a sonhada <\/span><b>competitividade <\/b><span style=\"font-weight: 400;\">em rela\u00e7\u00e3o a outros mercados no futuro.<\/span><\/p>\n<h2><b>Poss\u00edvel nacionaliza\u00e7\u00e3o das pe\u00e7as\u00a0<\/b><\/h2>\n<p><span style=\"font-weight: 400;\">Outro poss\u00edvel impacto \u00e9 a <\/span><b>nacionaliza\u00e7\u00e3o das pe\u00e7as<\/b><span style=\"font-weight: 400;\"> fornecidas para a ind\u00fastria automotiva.\u00a0<\/span><\/p>\n<p><span style=\"font-weight: 400;\">Antes, algumas empresas alegavam que optar por pe\u00e7as ou componentes nacionais <\/span><b>encarecia o produto<\/b><span style=\"font-weight: 400;\"> final. De acordo com as mesmas, algumas importa\u00e7\u00f5es ofereciam um custo-benef\u00edcio mais estrat\u00e9gico.<\/span><\/p>\n<p><span style=\"font-weight: 400;\">Mas, gra\u00e7as a alta do d\u00f3lar e do aumento nos fretes internacionais, agora o mercado deve<\/span><b> voltar-se para produtos que possuam fabrica\u00e7\u00e3o brasileira<\/b><span style=\"font-weight: 400;\">, como o a\u00e7o. \u00c9 uma grande oportunidade para alavancar esse nicho da ind\u00fastria.<\/span><\/p>\n<h2><b>Maior uni\u00e3o e senso de comunidade na ind\u00fastria automotiva<\/b><\/h2>\n<p><span style=\"font-weight: 400;\">A pandemia tamb\u00e9m fez com que montadoras e fornecedores tivessem que <\/span><b>colaborar mais uns com os outros<\/b><span style=\"font-weight: 400;\"> para garantir a passagem segura pela crise.<\/span><\/p>\n<p><span style=\"font-weight: 400;\">N\u00e3o apenas no segmento automotivo, empresas uniram-se para criar um<\/span><b> benchmarking de boas pr\u00e1ticas<\/b><span style=\"font-weight: 400;\"> e para discutir quais caminhos seguir.<\/span><\/p>\n<p><span style=\"font-weight: 400;\">Muitos l\u00edderes tamb\u00e9m<\/span><b> contribu\u00edram participando de confer\u00eancias e lives<\/b><span style=\"font-weight: 400;\"> com dicas pr\u00e1ticas para o setor.<\/span><\/p>\n<p><span style=\"font-weight: 400;\">Esse<\/span><b> trabalho em rede<\/b><span style=\"font-weight: 400;\"> acaba criando uma maior conex\u00e3o em toda a cadeia e um senso de comunidade que antes era deixado de lado.<\/span><\/p>\n<p><span style=\"font-weight: 400;\">Em geral, os caminhos para a recupera\u00e7\u00e3o ser\u00e3o graduais, mas a <\/span><b>colabora\u00e7\u00e3o<\/b><span style=\"font-weight: 400;\">, a <\/span><b>estrat\u00e9gia <\/b><span style=\"font-weight: 400;\">e a <\/span><b>flexibilidade <\/b><span style=\"font-weight: 400;\">ir\u00e3o garantir a luz no fim do t\u00fanel.<\/span><\/p>\n<p style=\"text-align: center;\"><strong>*<\/strong><\/p>\n<p style=\"text-align: center;\">A <strong><a href=\"http:\/\/www.metagal.com.br\/?utm_medium=blogpost&amp;utm_source=site&amp;utm_campaign=pandemia-industria&amp;utm_term=trafego&amp;utm_content=hiperlink-\" target=\"_blank\" rel=\"noopener\">Metagal<\/a>,<\/strong> l\u00edder no mercado de espelhos retrovisores e no desenvolvimento de c\u00e2meras para monitoramento veicular, \u00e9 um exemplo da constante busca por inova\u00e7\u00e3o. H\u00e1 mais de 50 anos no setor, a empresa investe pesado em pesquisas, capacita\u00e7\u00e3o de seus profissionais e novas tecnologias.<\/p>\n","protected":false},"excerpt":{"rendered":"<p>O isolamento social obrigat\u00f3rio em v\u00e1rias cidades do Brasil e do mundo transformou bruscamente rotinas de trabalho e perspectivas de&#8230;<\/p>\n","protected":false},"author":1,"featured_media":4422,"comment_status":"open","ping_status":"open","sticky":false,"template":"","format":"standard","meta":{"footnotes":""},"categories":[113],"tags":[230,298,297,299],"class_list":["post-4421","post","type-post","status-publish","format-standard","has-post-thumbnail","hentry","category-mercado","tag-industria-automotiva","tag-industria-pos-pandemia","tag-pandemia","tag-transformacoes-na-industria"],"yoast_head":"<!-- This site is optimized with the Yoast SEO plugin v25.9 - https:\/\/yoast.com\/wordpress\/plugins\/seo\/ -->\n<title>Transforma\u00e7\u00f5es que a pandemia trouxe para a ind\u00fastria automotiva<\/title>\n<meta name=\"description\" content=\"Em nosso blog, comentamos quais s\u00e3o os principais impactos da pandemia do coronav\u00edrus na ind\u00fastria automotiva. Confira agora.\" \/>\n<meta name=\"robots\" content=\"index, follow, max-snippet:-1, max-image-preview:large, max-video-preview:-1\" \/>\n<link rel=\"canonical\" href=\"https:\/\/www.metagal.com.br\/blog\/pandemia-e-industria-automotiva\/\" \/>\n<meta property=\"og:locale\" content=\"pt_BR\" \/>\n<meta property=\"og:type\" content=\"article\" \/>\n<meta property=\"og:title\" content=\"Transforma\u00e7\u00f5es que a pandemia trouxe para a ind\u00fastria automotiva\" \/>\n<meta property=\"og:description\" content=\"Em nosso blog, comentamos quais s\u00e3o os principais impactos da pandemia do coronav\u00edrus na ind\u00fastria automotiva. Confira agora.\" \/>\n<meta property=\"og:url\" content=\"https:\/\/www.metagal.com.br\/blog\/pandemia-e-industria-automotiva\/\" \/>\n<meta property=\"og:site_name\" content=\"Blog Metagal\" \/>\n<meta property=\"article:published_time\" content=\"2020-08-07T16:47:47+00:00\" \/>\n<meta property=\"article:modified_time\" content=\"2020-08-07T16:49:59+00:00\" \/>\n<meta property=\"og:image\" content=\"https:\/\/www.metagal.com.br\/blog\/wp-content\/uploads\/2020\/08\/METAGAL_BP-Legados_pandemia_setor_automotivo.jpg\" \/>\n\t<meta property=\"og:image:width\" content=\"1920\" \/>\n\t<meta property=\"og:image:height\" content=\"655\" \/>\n\t<meta property=\"og:image:type\" content=\"image\/jpeg\" \/>\n<meta name=\"author\" content=\"Metagal\" \/>\n<meta name=\"twitter:card\" content=\"summary_large_image\" \/>\n<meta name=\"twitter:label1\" content=\"Escrito por\" \/>\n\t<meta name=\"twitter:data1\" content=\"Metagal\" \/>\n\t<meta name=\"twitter:label2\" content=\"Est. tempo de leitura\" \/>\n\t<meta name=\"twitter:data2\" content=\"5 minutos\" \/>\n<script type=\"application\/ld+json\" class=\"yoast-schema-graph\">{\"@context\":\"https:\/\/schema.org\",\"@graph\":[{\"@type\":\"Article\",\"@id\":\"https:\/\/www.metagal.com.br\/blog\/pandemia-e-industria-automotiva\/#article\",\"isPartOf\":{\"@id\":\"https:\/\/www.metagal.com.br\/blog\/pandemia-e-industria-automotiva\/\"},\"author\":{\"name\":\"Metagal\",\"@id\":\"https:\/\/www.metagal.com.br\/blog\/#\/schema\/person\/86708538b26ec57abb56975e5bc3f3bf\"},\"headline\":\"Conhe\u00e7a as transforma\u00e7\u00f5es que a pandemia trouxe para a ind\u00fastria automotiva\",\"datePublished\":\"2020-08-07T16:47:47+00:00\",\"dateModified\":\"2020-08-07T16:49:59+00:00\",\"mainEntityOfPage\":{\"@id\":\"https:\/\/www.metagal.com.br\/blog\/pandemia-e-industria-automotiva\/\"},\"wordCount\":935,\"commentCount\":0,\"publisher\":{\"@id\":\"https:\/\/www.metagal.com.br\/blog\/#organization\"},\"image\":{\"@id\":\"https:\/\/www.metagal.com.br\/blog\/pandemia-e-industria-automotiva\/#primaryimage\"},\"thumbnailUrl\":\"https:\/\/www.metagal.com.br\/blog\/wp-content\/uploads\/2020\/08\/METAGAL_BP-Legados_pandemia_setor_automotivo.jpg\",\"keywords\":[\"ind\u00fastria automotiva\",\"Ind\u00fastria p\u00f3s-pandemia\",\"Pandemia\",\"Transforma\u00e7\u00f5es na ind\u00fastria\"],\"articleSection\":[\"Mercado\"],\"inLanguage\":\"pt-BR\",\"potentialAction\":[{\"@type\":\"CommentAction\",\"name\":\"Comment\",\"target\":[\"https:\/\/www.metagal.com.br\/blog\/pandemia-e-industria-automotiva\/#respond\"]}]},{\"@type\":\"WebPage\",\"@id\":\"https:\/\/www.metagal.com.br\/blog\/pandemia-e-industria-automotiva\/\",\"url\":\"https:\/\/www.metagal.com.br\/blog\/pandemia-e-industria-automotiva\/\",\"name\":\"Transforma\u00e7\u00f5es que a pandemia trouxe para a ind\u00fastria automotiva\",\"isPartOf\":{\"@id\":\"https:\/\/www.metagal.com.br\/blog\/#website\"},\"primaryImageOfPage\":{\"@id\":\"https:\/\/www.metagal.com.br\/blog\/pandemia-e-industria-automotiva\/#primaryimage\"},\"image\":{\"@id\":\"https:\/\/www.metagal.com.br\/blog\/pandemia-e-industria-automotiva\/#primaryimage\"},\"thumbnailUrl\":\"https:\/\/www.metagal.com.br\/blog\/wp-content\/uploads\/2020\/08\/METAGAL_BP-Legados_pandemia_setor_automotivo.jpg\",\"datePublished\":\"2020-08-07T16:47:47+00:00\",\"dateModified\":\"2020-08-07T16:49:59+00:00\",\"description\":\"Em nosso blog, comentamos quais s\u00e3o os principais impactos da pandemia do coronav\u00edrus na ind\u00fastria automotiva. Confira agora.\",\"breadcrumb\":{\"@id\":\"https:\/\/www.metagal.com.br\/blog\/pandemia-e-industria-automotiva\/#breadcrumb\"},\"inLanguage\":\"pt-BR\",\"potentialAction\":[{\"@type\":\"ReadAction\",\"target\":[\"https:\/\/www.metagal.com.br\/blog\/pandemia-e-industria-automotiva\/\"]}]},{\"@type\":\"ImageObject\",\"inLanguage\":\"pt-BR\",\"@id\":\"https:\/\/www.metagal.com.br\/blog\/pandemia-e-industria-automotiva\/#primaryimage\",\"url\":\"https:\/\/www.metagal.com.br\/blog\/wp-content\/uploads\/2020\/08\/METAGAL_BP-Legados_pandemia_setor_automotivo.jpg\",\"contentUrl\":\"https:\/\/www.metagal.com.br\/blog\/wp-content\/uploads\/2020\/08\/METAGAL_BP-Legados_pandemia_setor_automotivo.jpg\",\"width\":1920,\"height\":655,\"caption\":\"Em nosso blog, comentamos quais s\u00e3o os principais impactos da pandemia do coronav\u00edrus na ind\u00fastria automotiva. Confira agora.\"},{\"@type\":\"BreadcrumbList\",\"@id\":\"https:\/\/www.metagal.com.br\/blog\/pandemia-e-industria-automotiva\/#breadcrumb\",\"itemListElement\":[{\"@type\":\"ListItem\",\"position\":1,\"name\":\"In\u00edcio\",\"item\":\"https:\/\/www.metagal.com.br\/blog\/\"},{\"@type\":\"ListItem\",\"position\":2,\"name\":\"Conhe\u00e7a as transforma\u00e7\u00f5es que a pandemia trouxe para a ind\u00fastria automotiva\"}]},{\"@type\":\"WebSite\",\"@id\":\"https:\/\/www.metagal.com.br\/blog\/#website\",\"url\":\"https:\/\/www.metagal.com.br\/blog\/\",\"name\":\"Blog Metagal\",\"description\":\"Metagal | L\u00edder no desenvolvimento e produ\u00e7\u00e3o de espelhos retrovisores\",\"publisher\":{\"@id\":\"https:\/\/www.metagal.com.br\/blog\/#organization\"},\"potentialAction\":[{\"@type\":\"SearchAction\",\"target\":{\"@type\":\"EntryPoint\",\"urlTemplate\":\"https:\/\/www.metagal.com.br\/blog\/?s={search_term_string}\"},\"query-input\":{\"@type\":\"PropertyValueSpecification\",\"valueRequired\":true,\"valueName\":\"search_term_string\"}}],\"inLanguage\":\"pt-BR\"},{\"@type\":\"Organization\",\"@id\":\"https:\/\/www.metagal.com.br\/blog\/#organization\",\"name\":\"Metagal - L\u00edder em Desenvolvimento e Produ\u00e7\u00e3o de Espelhos Retrovisores\",\"url\":\"https:\/\/www.metagal.com.br\/blog\/\",\"logo\":{\"@type\":\"ImageObject\",\"inLanguage\":\"pt-BR\",\"@id\":\"https:\/\/www.metagal.com.br\/blog\/#\/schema\/logo\/image\/\",\"url\":\"https:\/\/www.metagal.com.br\/blog\/wp-content\/uploads\/2018\/11\/Favicon.png\",\"contentUrl\":\"https:\/\/www.metagal.com.br\/blog\/wp-content\/uploads\/2018\/11\/Favicon.png\",\"width\":100,\"height\":100,\"caption\":\"Metagal - L\u00edder em Desenvolvimento e Produ\u00e7\u00e3o de Espelhos Retrovisores\"},\"image\":{\"@id\":\"https:\/\/www.metagal.com.br\/blog\/#\/schema\/logo\/image\/\"}},{\"@type\":\"Person\",\"@id\":\"https:\/\/www.metagal.com.br\/blog\/#\/schema\/person\/86708538b26ec57abb56975e5bc3f3bf\",\"name\":\"Metagal\",\"image\":{\"@type\":\"ImageObject\",\"inLanguage\":\"pt-BR\",\"@id\":\"https:\/\/www.metagal.com.br\/blog\/#\/schema\/person\/image\/\",\"url\":\"https:\/\/secure.gravatar.com\/avatar\/5b99f1b1706488192643fded2a661508?s=96&d=mm&r=g\",\"contentUrl\":\"https:\/\/secure.gravatar.com\/avatar\/5b99f1b1706488192643fded2a661508?s=96&d=mm&r=g\",\"caption\":\"Metagal\"},\"url\":\"https:\/\/www.metagal.com.br\/blog\/autor\/layerup\/\"}]}<\/script>\n<!-- \/ Yoast SEO plugin. -->","yoast_head_json":{"title":"Transforma\u00e7\u00f5es que a pandemia trouxe para a ind\u00fastria automotiva","description":"Em nosso blog, comentamos quais s\u00e3o os principais impactos da pandemia do coronav\u00edrus na ind\u00fastria automotiva. Confira agora.","robots":{"index":"index","follow":"follow","max-snippet":"max-snippet:-1","max-image-preview":"max-image-preview:large","max-video-preview":"max-video-preview:-1"},"canonical":"https:\/\/www.metagal.com.br\/blog\/pandemia-e-industria-automotiva\/","og_locale":"pt_BR","og_type":"article","og_title":"Transforma\u00e7\u00f5es que a pandemia trouxe para a ind\u00fastria automotiva","og_description":"Em nosso blog, comentamos quais s\u00e3o os principais impactos da pandemia do coronav\u00edrus na ind\u00fastria automotiva. Confira agora.","og_url":"https:\/\/www.metagal.com.br\/blog\/pandemia-e-industria-automotiva\/","og_site_name":"Blog Metagal","article_published_time":"2020-08-07T16:47:47+00:00","article_modified_time":"2020-08-07T16:49:59+00:00","og_image":[{"width":1920,"height":655,"url":"https:\/\/www.metagal.com.br\/blog\/wp-content\/uploads\/2020\/08\/METAGAL_BP-Legados_pandemia_setor_automotivo.jpg","type":"image\/jpeg"}],"author":"Metagal","twitter_card":"summary_large_image","twitter_misc":{"Escrito por":"Metagal","Est. tempo de leitura":"5 minutos"},"schema":{"@context":"https:\/\/schema.org","@graph":[{"@type":"Article","@id":"https:\/\/www.metagal.com.br\/blog\/pandemia-e-industria-automotiva\/#article","isPartOf":{"@id":"https:\/\/www.metagal.com.br\/blog\/pandemia-e-industria-automotiva\/"},"author":{"name":"Metagal","@id":"https:\/\/www.metagal.com.br\/blog\/#\/schema\/person\/86708538b26ec57abb56975e5bc3f3bf"},"headline":"Conhe\u00e7a as transforma\u00e7\u00f5es que a pandemia trouxe para a ind\u00fastria automotiva","datePublished":"2020-08-07T16:47:47+00:00","dateModified":"2020-08-07T16:49:59+00:00","mainEntityOfPage":{"@id":"https:\/\/www.metagal.com.br\/blog\/pandemia-e-industria-automotiva\/"},"wordCount":935,"commentCount":0,"publisher":{"@id":"https:\/\/www.metagal.com.br\/blog\/#organization"},"image":{"@id":"https:\/\/www.metagal.com.br\/blog\/pandemia-e-industria-automotiva\/#primaryimage"},"thumbnailUrl":"https:\/\/www.metagal.com.br\/blog\/wp-content\/uploads\/2020\/08\/METAGAL_BP-Legados_pandemia_setor_automotivo.jpg","keywords":["ind\u00fastria automotiva","Ind\u00fastria p\u00f3s-pandemia","Pandemia","Transforma\u00e7\u00f5es na ind\u00fastria"],"articleSection":["Mercado"],"inLanguage":"pt-BR","potentialAction":[{"@type":"CommentAction","name":"Comment","target":["https:\/\/www.metagal.com.br\/blog\/pandemia-e-industria-automotiva\/#respond"]}]},{"@type":"WebPage","@id":"https:\/\/www.metagal.com.br\/blog\/pandemia-e-industria-automotiva\/","url":"https:\/\/www.metagal.com.br\/blog\/pandemia-e-industria-automotiva\/","name":"Transforma\u00e7\u00f5es que a pandemia trouxe para a ind\u00fastria automotiva","isPartOf":{"@id":"https:\/\/www.metagal.com.br\/blog\/#website"},"primaryImageOfPage":{"@id":"https:\/\/www.metagal.com.br\/blog\/pandemia-e-industria-automotiva\/#primaryimage"},"image":{"@id":"https:\/\/www.metagal.com.br\/blog\/pandemia-e-industria-automotiva\/#primaryimage"},"thumbnailUrl":"https:\/\/www.metagal.com.br\/blog\/wp-content\/uploads\/2020\/08\/METAGAL_BP-Legados_pandemia_setor_automotivo.jpg","datePublished":"2020-08-07T16:47:47+00:00","dateModified":"2020-08-07T16:49:59+00:00","description":"Em nosso blog, comentamos quais s\u00e3o os principais impactos da pandemia do coronav\u00edrus na ind\u00fastria automotiva. Confira agora.","breadcrumb":{"@id":"https:\/\/www.metagal.com.br\/blog\/pandemia-e-industria-automotiva\/#breadcrumb"},"inLanguage":"pt-BR","potentialAction":[{"@type":"ReadAction","target":["https:\/\/www.metagal.com.br\/blog\/pandemia-e-industria-automotiva\/"]}]},{"@type":"ImageObject","inLanguage":"pt-BR","@id":"https:\/\/www.metagal.com.br\/blog\/pandemia-e-industria-automotiva\/#primaryimage","url":"https:\/\/www.metagal.com.br\/blog\/wp-content\/uploads\/2020\/08\/METAGAL_BP-Legados_pandemia_setor_automotivo.jpg","contentUrl":"https:\/\/www.metagal.com.br\/blog\/wp-content\/uploads\/2020\/08\/METAGAL_BP-Legados_pandemia_setor_automotivo.jpg","width":1920,"height":655,"caption":"Em nosso blog, comentamos quais s\u00e3o os principais impactos da pandemia do coronav\u00edrus na ind\u00fastria automotiva. Confira agora."},{"@type":"BreadcrumbList","@id":"https:\/\/www.metagal.com.br\/blog\/pandemia-e-industria-automotiva\/#breadcrumb","itemListElement":[{"@type":"ListItem","position":1,"name":"In\u00edcio","item":"https:\/\/www.metagal.com.br\/blog\/"},{"@type":"ListItem","position":2,"name":"Conhe\u00e7a as transforma\u00e7\u00f5es que a pandemia trouxe para a ind\u00fastria automotiva"}]},{"@type":"WebSite","@id":"https:\/\/www.metagal.com.br\/blog\/#website","url":"https:\/\/www.metagal.com.br\/blog\/","name":"Blog Metagal","description":"Metagal | L\u00edder no desenvolvimento e produ\u00e7\u00e3o de espelhos retrovisores","publisher":{"@id":"https:\/\/www.metagal.com.br\/blog\/#organization"},"potentialAction":[{"@type":"SearchAction","target":{"@type":"EntryPoint","urlTemplate":"https:\/\/www.metagal.com.br\/blog\/?s={search_term_string}"},"query-input":{"@type":"PropertyValueSpecification","valueRequired":true,"valueName":"search_term_string"}}],"inLanguage":"pt-BR"},{"@type":"Organization","@id":"https:\/\/www.metagal.com.br\/blog\/#organization","name":"Metagal - L\u00edder em Desenvolvimento e Produ\u00e7\u00e3o de Espelhos Retrovisores","url":"https:\/\/www.metagal.com.br\/blog\/","logo":{"@type":"ImageObject","inLanguage":"pt-BR","@id":"https:\/\/www.metagal.com.br\/blog\/#\/schema\/logo\/image\/","url":"https:\/\/www.metagal.com.br\/blog\/wp-content\/uploads\/2018\/11\/Favicon.png","contentUrl":"https:\/\/www.metagal.com.br\/blog\/wp-content\/uploads\/2018\/11\/Favicon.png","width":100,"height":100,"caption":"Metagal - L\u00edder em Desenvolvimento e Produ\u00e7\u00e3o de Espelhos Retrovisores"},"image":{"@id":"https:\/\/www.metagal.com.br\/blog\/#\/schema\/logo\/image\/"}},{"@type":"Person","@id":"https:\/\/www.metagal.com.br\/blog\/#\/schema\/person\/86708538b26ec57abb56975e5bc3f3bf","name":"Metagal","image":{"@type":"ImageObject","inLanguage":"pt-BR","@id":"https:\/\/www.metagal.com.br\/blog\/#\/schema\/person\/image\/","url":"https:\/\/secure.gravatar.com\/avatar\/5b99f1b1706488192643fded2a661508?s=96&d=mm&r=g","contentUrl":"https:\/\/secure.gravatar.com\/avatar\/5b99f1b1706488192643fded2a661508?s=96&d=mm&r=g","caption":"Metagal"},"url":"https:\/\/www.metagal.com.br\/blog\/autor\/layerup\/"}]}},"_links":{"self":[{"href":"https:\/\/www.metagal.com.br\/blog\/wp-json\/wp\/v2\/posts\/4421","targetHints":{"allow":["GET"]}}],"collection":[{"href":"https:\/\/www.metagal.com.br\/blog\/wp-json\/wp\/v2\/posts"}],"about":[{"href":"https:\/\/www.metagal.com.br\/blog\/wp-json\/wp\/v2\/types\/post"}],"author":[{"embeddable":true,"href":"https:\/\/www.metagal.com.br\/blog\/wp-json\/wp\/v2\/users\/1"}],"replies":[{"embeddable":true,"href":"https:\/\/www.metagal.com.br\/blog\/wp-json\/wp\/v2\/comments?post=4421"}],"version-history":[{"count":2,"href":"https:\/\/www.metagal.com.br\/blog\/wp-json\/wp\/v2\/posts\/4421\/revisions"}],"predecessor-version":[{"id":4424,"href":"https:\/\/www.metagal.com.br\/blog\/wp-json\/wp\/v2\/posts\/4421\/revisions\/4424"}],"wp:featuredmedia":[{"embeddable":true,"href":"https:\/\/www.metagal.com.br\/blog\/wp-json\/wp\/v2\/media\/4422"}],"wp:attachment":[{"href":"https:\/\/www.metagal.com.br\/blog\/wp-json\/wp\/v2\/media?parent=4421"}],"wp:term":[{"taxonomy":"category","embeddable":true,"href":"https:\/\/www.metagal.com.br\/blog\/wp-json\/wp\/v2\/categories?post=4421"},{"taxonomy":"post_tag","embeddable":true,"href":"https:\/\/www.metagal.com.br\/blog\/wp-json\/wp\/v2\/tags?post=4421"}],"curies":[{"name":"wp","href":"https:\/\/api.w.org\/{rel}","templated":true}]}}