{"id":4426,"date":"2020-08-28T10:08:53","date_gmt":"2020-08-28T13:08:53","guid":{"rendered":"http:\/\/www.metagal.com.br\/blog\/?p=4426"},"modified":"2020-09-08T18:07:33","modified_gmt":"2020-09-08T21:07:33","slug":"vendas-de-veiculos","status":"publish","type":"post","link":"https:\/\/www.metagal.com.br\/blog\/vendas-de-veiculos\/","title":{"rendered":"Vendas de ve\u00edculos leves, m\u00e9dios e pesados indicam novo normal"},"content":{"rendered":"<p><span style=\"font-weight: 400;\">Em julho, as vendas de ve\u00edculos alcan\u00e7aram o melhor <\/span><b>desempenho mensal<\/b><span style=\"font-weight: 400;\"> desde mar\u00e7o, quando a pandemia pelo coronav\u00edrus fez com que diversas f\u00e1bricas, p\u00e1tios de emplacamento e concession\u00e1rias paralisassem suas atividades.<\/span><\/p>\n<p><span style=\"font-weight: 400;\">Conforme proje\u00e7\u00f5es do setor, o mercado ainda <\/span><b>est\u00e1 se recuperando<\/b><span style=\"font-weight: 400;\">, com queda na produ\u00e7\u00e3o e nas vendas em compara\u00e7\u00e3o com 2019.<\/span><\/p>\n<p><span style=\"font-weight: 400;\">Ainda assim, \u00e9 poss\u00edvel que os n\u00fameros<\/span><b> sejam mais positivos do que o imaginado<\/b><span style=\"font-weight: 400;\"> no in\u00edcio da quarentena, com destaque para uma melhoria nas expectativas para autom\u00f3veis seminovos e ve\u00edculos pesados.<\/span><\/p>\n<p><span style=\"font-weight: 400;\">A <a href=\"http:\/\/www.fenabrave.org.br\/portal\" target=\"_blank\" rel=\"noopener\">Fenabrave<\/a> (Federa\u00e7\u00e3o Nacional da Distribui\u00e7\u00e3o de Ve\u00edculos Automotores) avalia que esse resultado j\u00e1 indica o que muitos chamam de &#8220;novo normal&#8221; para o mercado brasileiro.<\/span><\/p>\n<h2><b>Proje\u00e7\u00f5es gerais para os pr\u00f3ximos meses<\/b><\/h2>\n<h3><b>Expectativas de produ\u00e7\u00e3o e vendas de ve\u00edculos leves<\/b><\/h3>\n<p><span style=\"font-weight: 400;\">De acordo com a <a href=\"https:\/\/ihsmarkit.com\/index.html\" target=\"_blank\" rel=\"noopener\">IHS Markit<\/a>, institui\u00e7\u00e3o de pesquisa e informa\u00e7\u00e3o global, a expectativa era uma <\/span><b>queda de 30% nas vendas de ve\u00edculos <\/b><span style=\"font-weight: 400;\">leves no Brasil em 2020, em compara\u00e7\u00e3o com o mesmo per\u00edodo no ano passado.<\/span><\/p>\n<p><span style=\"font-weight: 400;\">Tamb\u00e9m eram esperados<\/span><b> 1,8 milh\u00f5es de emplacamentos at\u00e9 dezembro.<\/b><span style=\"font-weight: 400;\"> At\u00e9 o momento, a institui\u00e7\u00e3o n\u00e3o alterou proje\u00e7\u00f5es, e o mercado tem reagido exatamente <\/span><b>como o planejado.<\/b><\/p>\n<p><span style=\"font-weight: 400;\">Espera-se que as vendas cres\u00e7am em torno de <\/span><b>10 mil unidades a cada m\u00eas<\/b><span style=\"font-weight: 400;\">, com uma despontada em dezembro.\u00a0<\/span><\/p>\n<p><span style=\"font-weight: 400;\">J\u00e1 a <\/span><a href=\"http:\/\/www.anfavea.com.br\/\" target=\"_blank\" rel=\"noopener\"><b>Anfavea<\/b><\/a><span style=\"font-weight: 400;\"> (Associa\u00e7\u00e3o Nacional dos Fabricantes de Ve\u00edculos Automotores) tem expectativas bem mais conservadoras. A associa\u00e7\u00e3o estima uma <\/span><b>queda de 40%, com 1,6 milh\u00f5es de ve\u00edculos vendidos<\/b><span style=\"font-weight: 400;\"> no pa\u00eds em 2020.<\/span><\/p>\n<p><span style=\"font-weight: 400;\">Em rela\u00e7\u00e3o a<\/span><b> produ\u00e7\u00e3o de ve\u00edculos leves<\/b><span style=\"font-weight: 400;\">, a IHS Markit divulga uma queda de 33%, com 1,87 milh\u00f5es de ve\u00edculos produzidos.<\/span><\/p>\n<p><span style=\"font-weight: 400;\">A Anfavea, por sua vez, segue a linha da proje\u00e7\u00e3o de vendas, com uma perspectiva mais pessimista: queda de 45%, com 1,58 milh\u00f5es de autom\u00f3veis produzidos.<\/span><\/p>\n<h3><b>Expectativas de produ\u00e7\u00e3o e vendas de ve\u00edculos m\u00e9dios e pesados<\/b><\/h3>\n<p><span style=\"font-weight: 400;\">Em rela\u00e7\u00e3o aos caminh\u00f5es de acima de seis toneladas, houve uma melhora na expectativa. Ainda de acordo com a IHS Markit, em 2020 ser\u00e3o <\/span><b>vendidas 70 mil unidades<\/b><span style=\"font-weight: 400;\"> desses ve\u00edculos, <\/span><b>uma queda de &#8220;apenas&#8221; 27,2%.<\/b><\/p>\n<p><span style=\"font-weight: 400;\">A explica\u00e7\u00e3o vem do agroneg\u00f3cio: o setor tem apresentado resultados melhores do que o esperado, <\/span><b>impulsionando a demanda por transporte de gr\u00e3os <\/b><span style=\"font-weight: 400;\">no Brasil e na Argentina.<\/span><\/p>\n<p><span style=\"font-weight: 400;\">Como as vendas aumentaram no <\/span><b>mercado interno<\/b><span style=\"font-weight: 400;\">, principal p\u00fablico, a produ\u00e7\u00e3o tamb\u00e9m cresceu. S\u00e3o 82,5 mil caminh\u00f5es acima de seis toneladas produzidos, representando uma queda de 26,7%, menor do que o esperado.<\/span><\/p>\n<p><span style=\"font-weight: 400;\">Em pa\u00edses para os quais o Brasil exporta, n\u00e3o houve grandes mudan\u00e7as de proje\u00e7\u00e3o.\u00a0<\/span><\/p>\n<p><span style=\"font-weight: 400;\">J\u00e1 para<\/span><b> caminh\u00f5es m\u00e9dios,<\/b><span style=\"font-weight: 400;\"> a situa\u00e7\u00e3o \u00e9 um pouco diferente: as perspectivas continuam as mesmas. Com uma diminui\u00e7\u00e3o no poder de compra do brasileiro, mesmo que abaixo do esperado, a popula\u00e7\u00e3o deve economizar nas compras, o que n\u00e3o exige uma expans\u00e3o consider\u00e1vel no transporte de mercadorias.<\/span><\/p>\n<h3><b>Expectativas de vendas de ve\u00edculos usados e seminovos<\/b><\/h3>\n<p><span style=\"font-weight: 400;\">As vendas de ve\u00edculos usados, por outro lado, apontam para uma<\/span><b> normaliza\u00e7\u00e3o em pouco tempo. <\/b><span style=\"font-weight: 400;\">Segundo a Fenauto (Federa\u00e7\u00e3o Nacional das Associa\u00e7\u00f5es dos Revendedores de Ve\u00edculos Automotores), o mercado de autom\u00f3veis seminovos est\u00e1 em <\/span><b>evolu\u00e7\u00e3o constante, com n\u00fameros crescendo semana a semana.<\/b><\/p>\n<p><span style=\"font-weight: 400;\">O \u00faltimo levantamento da federa\u00e7\u00e3o, referente aos dias 20 a 26 de julho, mostra uma <\/span><b>m\u00e9dia de vendas semanal<\/b> <b>8,02% maior do que na semana anterior.<\/b><span style=\"font-weight: 400;\"> Esta, por sua vez, j\u00e1 havia apresentado aumento em rela\u00e7\u00e3o \u00e0s outras semanas.<\/span><\/p>\n<p><span style=\"font-weight: 400;\">Um dos motivos do aumento \u00e9 o pr\u00f3pria pandemia. Mesmo com o afrouxamento da quarentena em diversas cidades, muitas pessoas ainda <\/span><b>n\u00e3o se sentem confort\u00e1veis para transitar no transporte p\u00fablico ou mesmo usar aplicativos de mobilidade. <\/b><span style=\"font-weight: 400;\">Assim, recorrem a compra de seminovos ou usados.<\/span><\/p>\n<p><span style=\"font-weight: 400;\">Com os n\u00fameros apresentados, \u00e9 poss\u00edvel que este nicho do setor automotivo j\u00e1 esteja <\/span><b>normalizado em agosto.\u00a0<\/b><\/p>\n<h2><b>Em busca de resultados melhores<\/b><\/h2>\n<p><span style=\"font-weight: 400;\">Em resumo, a boa not\u00edcia \u00e9 que em nenhum momento a queda foi mais expressiva do que o <\/span><b>projetado <\/b><span style=\"font-weight: 400;\">no in\u00edcio da quarentena (quando ainda n\u00e3o se sabia a dura\u00e7\u00e3o do isolamento social).<\/span><\/p>\n<p><span style=\"font-weight: 400;\">Os n\u00fameros est\u00e3o <\/span><b>crescendo gradativamente<\/b><span style=\"font-weight: 400;\"> e o mercado tem reagido dentro do esperado pelas empresas e associa\u00e7\u00f5es.<\/span><\/p>\n<p><span style=\"font-weight: 400;\">Conforme a pr\u00f3pria economia apresentar sinais de melhora, as vendas de ve\u00edculos devem <\/span><b>acompanhar o crescimento.<\/b><\/p>\n<p><span style=\"font-weight: 400;\">Por enquanto, um fator que anima as montadoras \u00e9 a<\/span><b> agiliza\u00e7\u00e3o na concess\u00e3o de cr\u00e9dito<\/b><span style=\"font-weight: 400;\">. Atualmente, temos quase sete aprova\u00e7\u00f5es para cada 10 fichas cadastrais enviadas aos bancos.<\/span><\/p>\n<p style=\"text-align: center;\"><span style=\"font-weight: 400;\">*<\/span><\/p>\n<p style=\"text-align: center;\"><span style=\"font-weight: 400;\">A <strong><a href=\"http:\/\/www.metagal.com.br\/?utm_medium=blogpost&amp;utm_source=site&amp;utm_campaign=vendas-veiculos-metagal&amp;utm_term=trafego&amp;utm_content=hiperlink-\" target=\"_blank\" rel=\"noopener\">Metagal<\/a>,<\/strong> l\u00edder no mercado de espelhos retrovisores e no desenvolvimento de c\u00e2meras para monitoramento veicular, \u00e9 um exemplo da constante busca por inova\u00e7\u00e3o. H\u00e1 mais de 50 anos no setor, a empresa investe pesado em pesquisas, capacita\u00e7\u00e3o de seus profissionais e novas tecnologias.<\/span><\/p>\n","protected":false},"excerpt":{"rendered":"<p>Em julho, as vendas de ve\u00edculos alcan\u00e7aram o melhor desempenho mensal desde mar\u00e7o, quando a pandemia pelo coronav\u00edrus fez com&#8230;<\/p>\n","protected":false},"author":1,"featured_media":4427,"comment_status":"open","ping_status":"open","sticky":false,"template":"","format":"standard","meta":{"footnotes":""},"categories":[113],"tags":[301,300,302,303],"class_list":["post-4426","post","type-post","status-publish","format-standard","has-post-thumbnail","hentry","category-mercado","tag-industria-automobilistica","tag-vendas-da-industria-automotiva","tag-vendas-de-automoveis","tag-vendas-de-veiculos"],"yoast_head":"<!-- This site is optimized with the Yoast SEO plugin v25.9 - https:\/\/yoast.com\/wordpress\/plugins\/seo\/ -->\n<title>Vendas de ve\u00edculos leves, m\u00e9dios e pesados indicam novo normal<\/title>\n<meta name=\"description\" content=\"Em nosso blog, confira as proje\u00e7\u00f5es de produ\u00e7\u00e3o e vendas de ve\u00edculos para os pr\u00f3ximos meses no Brasil e saiba o que esperar.\" \/>\n<meta name=\"robots\" content=\"index, follow, max-snippet:-1, max-image-preview:large, max-video-preview:-1\" \/>\n<link rel=\"canonical\" href=\"https:\/\/www.metagal.com.br\/blog\/vendas-de-veiculos\/\" \/>\n<meta property=\"og:locale\" content=\"pt_BR\" \/>\n<meta property=\"og:type\" content=\"article\" \/>\n<meta property=\"og:title\" content=\"Vendas de ve\u00edculos leves, m\u00e9dios e pesados indicam novo normal\" \/>\n<meta property=\"og:description\" content=\"Em nosso blog, confira as proje\u00e7\u00f5es de produ\u00e7\u00e3o e vendas de ve\u00edculos para os pr\u00f3ximos meses no Brasil e saiba o que esperar.\" \/>\n<meta property=\"og:url\" content=\"https:\/\/www.metagal.com.br\/blog\/vendas-de-veiculos\/\" \/>\n<meta property=\"og:site_name\" content=\"Blog Metagal\" \/>\n<meta property=\"article:published_time\" content=\"2020-08-28T13:08:53+00:00\" \/>\n<meta property=\"article:modified_time\" content=\"2020-09-08T21:07:33+00:00\" \/>\n<meta property=\"og:image\" content=\"https:\/\/www.metagal.com.br\/blog\/wp-content\/uploads\/2020\/08\/Metagal_Postlink_08_09_2020.jpg\" \/>\n\t<meta property=\"og:image:width\" content=\"1200\" \/>\n\t<meta property=\"og:image:height\" content=\"628\" \/>\n\t<meta property=\"og:image:type\" content=\"image\/jpeg\" \/>\n<meta name=\"author\" content=\"Metagal\" \/>\n<meta name=\"twitter:card\" content=\"summary_large_image\" \/>\n<meta name=\"twitter:label1\" content=\"Escrito por\" \/>\n\t<meta name=\"twitter:data1\" content=\"Metagal\" \/>\n\t<meta name=\"twitter:label2\" content=\"Est. tempo de leitura\" \/>\n\t<meta name=\"twitter:data2\" content=\"4 minutos\" \/>\n<script type=\"application\/ld+json\" class=\"yoast-schema-graph\">{\"@context\":\"https:\/\/schema.org\",\"@graph\":[{\"@type\":\"Article\",\"@id\":\"https:\/\/www.metagal.com.br\/blog\/vendas-de-veiculos\/#article\",\"isPartOf\":{\"@id\":\"https:\/\/www.metagal.com.br\/blog\/vendas-de-veiculos\/\"},\"author\":{\"name\":\"Metagal\",\"@id\":\"https:\/\/www.metagal.com.br\/blog\/#\/schema\/person\/86708538b26ec57abb56975e5bc3f3bf\"},\"headline\":\"Vendas de ve\u00edculos leves, m\u00e9dios e pesados indicam novo normal\",\"datePublished\":\"2020-08-28T13:08:53+00:00\",\"dateModified\":\"2020-09-08T21:07:33+00:00\",\"mainEntityOfPage\":{\"@id\":\"https:\/\/www.metagal.com.br\/blog\/vendas-de-veiculos\/\"},\"wordCount\":834,\"commentCount\":0,\"publisher\":{\"@id\":\"https:\/\/www.metagal.com.br\/blog\/#organization\"},\"image\":{\"@id\":\"https:\/\/www.metagal.com.br\/blog\/vendas-de-veiculos\/#primaryimage\"},\"thumbnailUrl\":\"https:\/\/www.metagal.com.br\/blog\/wp-content\/uploads\/2020\/08\/METAGAL_BP-Vendas_vei\u0301culos_leves_me\u0301dios_pesados.jpg\",\"keywords\":[\"ind\u00fastria automobilistica\",\"vendas da ind\u00fastria automotiva\",\"vendas de automoveis\",\"vendas de ve\u00edculos\"],\"articleSection\":[\"Mercado\"],\"inLanguage\":\"pt-BR\",\"potentialAction\":[{\"@type\":\"CommentAction\",\"name\":\"Comment\",\"target\":[\"https:\/\/www.metagal.com.br\/blog\/vendas-de-veiculos\/#respond\"]}]},{\"@type\":\"WebPage\",\"@id\":\"https:\/\/www.metagal.com.br\/blog\/vendas-de-veiculos\/\",\"url\":\"https:\/\/www.metagal.com.br\/blog\/vendas-de-veiculos\/\",\"name\":\"Vendas de ve\u00edculos leves, m\u00e9dios e pesados indicam novo normal\",\"isPartOf\":{\"@id\":\"https:\/\/www.metagal.com.br\/blog\/#website\"},\"primaryImageOfPage\":{\"@id\":\"https:\/\/www.metagal.com.br\/blog\/vendas-de-veiculos\/#primaryimage\"},\"image\":{\"@id\":\"https:\/\/www.metagal.com.br\/blog\/vendas-de-veiculos\/#primaryimage\"},\"thumbnailUrl\":\"https:\/\/www.metagal.com.br\/blog\/wp-content\/uploads\/2020\/08\/METAGAL_BP-Vendas_vei\u0301culos_leves_me\u0301dios_pesados.jpg\",\"datePublished\":\"2020-08-28T13:08:53+00:00\",\"dateModified\":\"2020-09-08T21:07:33+00:00\",\"description\":\"Em nosso blog, confira as proje\u00e7\u00f5es de produ\u00e7\u00e3o e vendas de ve\u00edculos para os pr\u00f3ximos meses no Brasil e saiba o que esperar.\",\"breadcrumb\":{\"@id\":\"https:\/\/www.metagal.com.br\/blog\/vendas-de-veiculos\/#breadcrumb\"},\"inLanguage\":\"pt-BR\",\"potentialAction\":[{\"@type\":\"ReadAction\",\"target\":[\"https:\/\/www.metagal.com.br\/blog\/vendas-de-veiculos\/\"]}]},{\"@type\":\"ImageObject\",\"inLanguage\":\"pt-BR\",\"@id\":\"https:\/\/www.metagal.com.br\/blog\/vendas-de-veiculos\/#primaryimage\",\"url\":\"https:\/\/www.metagal.com.br\/blog\/wp-content\/uploads\/2020\/08\/METAGAL_BP-Vendas_vei\u0301culos_leves_me\u0301dios_pesados.jpg\",\"contentUrl\":\"https:\/\/www.metagal.com.br\/blog\/wp-content\/uploads\/2020\/08\/METAGAL_BP-Vendas_vei\u0301culos_leves_me\u0301dios_pesados.jpg\",\"width\":1920,\"height\":655,\"caption\":\"Em nosso blog, confira as proje\u00e7\u00f5es de produ\u00e7\u00e3o e vendas de ve\u00edculos para os pr\u00f3ximos meses no Brasil e saiba o que esperar.\"},{\"@type\":\"BreadcrumbList\",\"@id\":\"https:\/\/www.metagal.com.br\/blog\/vendas-de-veiculos\/#breadcrumb\",\"itemListElement\":[{\"@type\":\"ListItem\",\"position\":1,\"name\":\"In\u00edcio\",\"item\":\"https:\/\/www.metagal.com.br\/blog\/\"},{\"@type\":\"ListItem\",\"position\":2,\"name\":\"Vendas de ve\u00edculos leves, m\u00e9dios e pesados indicam novo normal\"}]},{\"@type\":\"WebSite\",\"@id\":\"https:\/\/www.metagal.com.br\/blog\/#website\",\"url\":\"https:\/\/www.metagal.com.br\/blog\/\",\"name\":\"Blog Metagal\",\"description\":\"Metagal | L\u00edder no desenvolvimento e produ\u00e7\u00e3o de espelhos retrovisores\",\"publisher\":{\"@id\":\"https:\/\/www.metagal.com.br\/blog\/#organization\"},\"potentialAction\":[{\"@type\":\"SearchAction\",\"target\":{\"@type\":\"EntryPoint\",\"urlTemplate\":\"https:\/\/www.metagal.com.br\/blog\/?s={search_term_string}\"},\"query-input\":{\"@type\":\"PropertyValueSpecification\",\"valueRequired\":true,\"valueName\":\"search_term_string\"}}],\"inLanguage\":\"pt-BR\"},{\"@type\":\"Organization\",\"@id\":\"https:\/\/www.metagal.com.br\/blog\/#organization\",\"name\":\"Metagal - L\u00edder em Desenvolvimento e Produ\u00e7\u00e3o de Espelhos Retrovisores\",\"url\":\"https:\/\/www.metagal.com.br\/blog\/\",\"logo\":{\"@type\":\"ImageObject\",\"inLanguage\":\"pt-BR\",\"@id\":\"https:\/\/www.metagal.com.br\/blog\/#\/schema\/logo\/image\/\",\"url\":\"https:\/\/www.metagal.com.br\/blog\/wp-content\/uploads\/2018\/11\/Favicon.png\",\"contentUrl\":\"https:\/\/www.metagal.com.br\/blog\/wp-content\/uploads\/2018\/11\/Favicon.png\",\"width\":100,\"height\":100,\"caption\":\"Metagal - L\u00edder em Desenvolvimento e Produ\u00e7\u00e3o de Espelhos Retrovisores\"},\"image\":{\"@id\":\"https:\/\/www.metagal.com.br\/blog\/#\/schema\/logo\/image\/\"}},{\"@type\":\"Person\",\"@id\":\"https:\/\/www.metagal.com.br\/blog\/#\/schema\/person\/86708538b26ec57abb56975e5bc3f3bf\",\"name\":\"Metagal\",\"image\":{\"@type\":\"ImageObject\",\"inLanguage\":\"pt-BR\",\"@id\":\"https:\/\/www.metagal.com.br\/blog\/#\/schema\/person\/image\/\",\"url\":\"https:\/\/secure.gravatar.com\/avatar\/5b99f1b1706488192643fded2a661508?s=96&d=mm&r=g\",\"contentUrl\":\"https:\/\/secure.gravatar.com\/avatar\/5b99f1b1706488192643fded2a661508?s=96&d=mm&r=g\",\"caption\":\"Metagal\"},\"url\":\"https:\/\/www.metagal.com.br\/blog\/autor\/layerup\/\"}]}<\/script>\n<!-- \/ Yoast SEO plugin. -->","yoast_head_json":{"title":"Vendas de ve\u00edculos leves, m\u00e9dios e pesados indicam novo normal","description":"Em nosso blog, confira as proje\u00e7\u00f5es de produ\u00e7\u00e3o e vendas de ve\u00edculos para os pr\u00f3ximos meses no Brasil e saiba o que esperar.","robots":{"index":"index","follow":"follow","max-snippet":"max-snippet:-1","max-image-preview":"max-image-preview:large","max-video-preview":"max-video-preview:-1"},"canonical":"https:\/\/www.metagal.com.br\/blog\/vendas-de-veiculos\/","og_locale":"pt_BR","og_type":"article","og_title":"Vendas de ve\u00edculos leves, m\u00e9dios e pesados indicam novo normal","og_description":"Em nosso blog, confira as proje\u00e7\u00f5es de produ\u00e7\u00e3o e vendas de ve\u00edculos para os pr\u00f3ximos meses no Brasil e saiba o que esperar.","og_url":"https:\/\/www.metagal.com.br\/blog\/vendas-de-veiculos\/","og_site_name":"Blog Metagal","article_published_time":"2020-08-28T13:08:53+00:00","article_modified_time":"2020-09-08T21:07:33+00:00","og_image":[{"width":1200,"height":628,"url":"https:\/\/www.metagal.com.br\/blog\/wp-content\/uploads\/2020\/08\/Metagal_Postlink_08_09_2020.jpg","type":"image\/jpeg"}],"author":"Metagal","twitter_card":"summary_large_image","twitter_misc":{"Escrito por":"Metagal","Est. tempo de leitura":"4 minutos"},"schema":{"@context":"https:\/\/schema.org","@graph":[{"@type":"Article","@id":"https:\/\/www.metagal.com.br\/blog\/vendas-de-veiculos\/#article","isPartOf":{"@id":"https:\/\/www.metagal.com.br\/blog\/vendas-de-veiculos\/"},"author":{"name":"Metagal","@id":"https:\/\/www.metagal.com.br\/blog\/#\/schema\/person\/86708538b26ec57abb56975e5bc3f3bf"},"headline":"Vendas de ve\u00edculos leves, m\u00e9dios e pesados indicam novo normal","datePublished":"2020-08-28T13:08:53+00:00","dateModified":"2020-09-08T21:07:33+00:00","mainEntityOfPage":{"@id":"https:\/\/www.metagal.com.br\/blog\/vendas-de-veiculos\/"},"wordCount":834,"commentCount":0,"publisher":{"@id":"https:\/\/www.metagal.com.br\/blog\/#organization"},"image":{"@id":"https:\/\/www.metagal.com.br\/blog\/vendas-de-veiculos\/#primaryimage"},"thumbnailUrl":"https:\/\/www.metagal.com.br\/blog\/wp-content\/uploads\/2020\/08\/METAGAL_BP-Vendas_vei\u0301culos_leves_me\u0301dios_pesados.jpg","keywords":["ind\u00fastria automobilistica","vendas da ind\u00fastria automotiva","vendas de automoveis","vendas de ve\u00edculos"],"articleSection":["Mercado"],"inLanguage":"pt-BR","potentialAction":[{"@type":"CommentAction","name":"Comment","target":["https:\/\/www.metagal.com.br\/blog\/vendas-de-veiculos\/#respond"]}]},{"@type":"WebPage","@id":"https:\/\/www.metagal.com.br\/blog\/vendas-de-veiculos\/","url":"https:\/\/www.metagal.com.br\/blog\/vendas-de-veiculos\/","name":"Vendas de ve\u00edculos leves, m\u00e9dios e pesados indicam novo normal","isPartOf":{"@id":"https:\/\/www.metagal.com.br\/blog\/#website"},"primaryImageOfPage":{"@id":"https:\/\/www.metagal.com.br\/blog\/vendas-de-veiculos\/#primaryimage"},"image":{"@id":"https:\/\/www.metagal.com.br\/blog\/vendas-de-veiculos\/#primaryimage"},"thumbnailUrl":"https:\/\/www.metagal.com.br\/blog\/wp-content\/uploads\/2020\/08\/METAGAL_BP-Vendas_vei\u0301culos_leves_me\u0301dios_pesados.jpg","datePublished":"2020-08-28T13:08:53+00:00","dateModified":"2020-09-08T21:07:33+00:00","description":"Em nosso blog, confira as proje\u00e7\u00f5es de produ\u00e7\u00e3o e vendas de ve\u00edculos para os pr\u00f3ximos meses no Brasil e saiba o que esperar.","breadcrumb":{"@id":"https:\/\/www.metagal.com.br\/blog\/vendas-de-veiculos\/#breadcrumb"},"inLanguage":"pt-BR","potentialAction":[{"@type":"ReadAction","target":["https:\/\/www.metagal.com.br\/blog\/vendas-de-veiculos\/"]}]},{"@type":"ImageObject","inLanguage":"pt-BR","@id":"https:\/\/www.metagal.com.br\/blog\/vendas-de-veiculos\/#primaryimage","url":"https:\/\/www.metagal.com.br\/blog\/wp-content\/uploads\/2020\/08\/METAGAL_BP-Vendas_vei\u0301culos_leves_me\u0301dios_pesados.jpg","contentUrl":"https:\/\/www.metagal.com.br\/blog\/wp-content\/uploads\/2020\/08\/METAGAL_BP-Vendas_vei\u0301culos_leves_me\u0301dios_pesados.jpg","width":1920,"height":655,"caption":"Em nosso blog, confira as proje\u00e7\u00f5es de produ\u00e7\u00e3o e vendas de ve\u00edculos para os pr\u00f3ximos meses no Brasil e saiba o que esperar."},{"@type":"BreadcrumbList","@id":"https:\/\/www.metagal.com.br\/blog\/vendas-de-veiculos\/#breadcrumb","itemListElement":[{"@type":"ListItem","position":1,"name":"In\u00edcio","item":"https:\/\/www.metagal.com.br\/blog\/"},{"@type":"ListItem","position":2,"name":"Vendas de ve\u00edculos leves, m\u00e9dios e pesados indicam novo normal"}]},{"@type":"WebSite","@id":"https:\/\/www.metagal.com.br\/blog\/#website","url":"https:\/\/www.metagal.com.br\/blog\/","name":"Blog Metagal","description":"Metagal | L\u00edder no desenvolvimento e produ\u00e7\u00e3o de espelhos retrovisores","publisher":{"@id":"https:\/\/www.metagal.com.br\/blog\/#organization"},"potentialAction":[{"@type":"SearchAction","target":{"@type":"EntryPoint","urlTemplate":"https:\/\/www.metagal.com.br\/blog\/?s={search_term_string}"},"query-input":{"@type":"PropertyValueSpecification","valueRequired":true,"valueName":"search_term_string"}}],"inLanguage":"pt-BR"},{"@type":"Organization","@id":"https:\/\/www.metagal.com.br\/blog\/#organization","name":"Metagal - L\u00edder em Desenvolvimento e Produ\u00e7\u00e3o de Espelhos Retrovisores","url":"https:\/\/www.metagal.com.br\/blog\/","logo":{"@type":"ImageObject","inLanguage":"pt-BR","@id":"https:\/\/www.metagal.com.br\/blog\/#\/schema\/logo\/image\/","url":"https:\/\/www.metagal.com.br\/blog\/wp-content\/uploads\/2018\/11\/Favicon.png","contentUrl":"https:\/\/www.metagal.com.br\/blog\/wp-content\/uploads\/2018\/11\/Favicon.png","width":100,"height":100,"caption":"Metagal - L\u00edder em Desenvolvimento e Produ\u00e7\u00e3o de Espelhos Retrovisores"},"image":{"@id":"https:\/\/www.metagal.com.br\/blog\/#\/schema\/logo\/image\/"}},{"@type":"Person","@id":"https:\/\/www.metagal.com.br\/blog\/#\/schema\/person\/86708538b26ec57abb56975e5bc3f3bf","name":"Metagal","image":{"@type":"ImageObject","inLanguage":"pt-BR","@id":"https:\/\/www.metagal.com.br\/blog\/#\/schema\/person\/image\/","url":"https:\/\/secure.gravatar.com\/avatar\/5b99f1b1706488192643fded2a661508?s=96&d=mm&r=g","contentUrl":"https:\/\/secure.gravatar.com\/avatar\/5b99f1b1706488192643fded2a661508?s=96&d=mm&r=g","caption":"Metagal"},"url":"https:\/\/www.metagal.com.br\/blog\/autor\/layerup\/"}]}},"_links":{"self":[{"href":"https:\/\/www.metagal.com.br\/blog\/wp-json\/wp\/v2\/posts\/4426","targetHints":{"allow":["GET"]}}],"collection":[{"href":"https:\/\/www.metagal.com.br\/blog\/wp-json\/wp\/v2\/posts"}],"about":[{"href":"https:\/\/www.metagal.com.br\/blog\/wp-json\/wp\/v2\/types\/post"}],"author":[{"embeddable":true,"href":"https:\/\/www.metagal.com.br\/blog\/wp-json\/wp\/v2\/users\/1"}],"replies":[{"embeddable":true,"href":"https:\/\/www.metagal.com.br\/blog\/wp-json\/wp\/v2\/comments?post=4426"}],"version-history":[{"count":1,"href":"https:\/\/www.metagal.com.br\/blog\/wp-json\/wp\/v2\/posts\/4426\/revisions"}],"predecessor-version":[{"id":4428,"href":"https:\/\/www.metagal.com.br\/blog\/wp-json\/wp\/v2\/posts\/4426\/revisions\/4428"}],"wp:featuredmedia":[{"embeddable":true,"href":"https:\/\/www.metagal.com.br\/blog\/wp-json\/wp\/v2\/media\/4427"}],"wp:attachment":[{"href":"https:\/\/www.metagal.com.br\/blog\/wp-json\/wp\/v2\/media?parent=4426"}],"wp:term":[{"taxonomy":"category","embeddable":true,"href":"https:\/\/www.metagal.com.br\/blog\/wp-json\/wp\/v2\/categories?post=4426"},{"taxonomy":"post_tag","embeddable":true,"href":"https:\/\/www.metagal.com.br\/blog\/wp-json\/wp\/v2\/tags?post=4426"}],"curies":[{"name":"wp","href":"https:\/\/api.w.org\/{rel}","templated":true}]}}