{"id":4443,"date":"2020-10-09T10:46:55","date_gmt":"2020-10-09T13:46:55","guid":{"rendered":"http:\/\/www.metagal.com.br\/blog\/?p=4443"},"modified":"2020-10-09T10:57:12","modified_gmt":"2020-10-09T13:57:12","slug":"industria-automotiva-necessidades-desafios","status":"publish","type":"post","link":"https:\/\/www.metagal.com.br\/blog\/industria-automotiva-necessidades-desafios\/","title":{"rendered":"Ind\u00fastria automotiva: conhe\u00e7a as necessidades e desafios do setor"},"content":{"rendered":"<p><span style=\"font-weight: 400;\">Pandemias paralisam servi\u00e7os e enfraquecem economias no mundo todo. Mas, ao mesmo tempo, tamb\u00e9m servem para destacar necessidades sociais e acelerar <\/span><b>avan\u00e7os\u00a0 inesperados<\/b><span style=\"font-weight: 400;\">. Por que seria diferente com a<\/span><b> ind\u00fastria automotiva?<\/b><\/p>\n<p><span style=\"font-weight: 400;\">Em diversos momentos na hist\u00f3ria, cen\u00e1rios piores do que o momento atual serviram para <\/span><b>impulsionar estudos <\/b><span style=\"font-weight: 400;\">e <\/span><b>pesquisas<\/b><span style=\"font-weight: 400;\"> que acabaram transformando o curso da humanidade.\u00a0<\/span><\/p>\n<p><span style=\"font-weight: 400;\">Um desses fatores de mudan\u00e7a pode ser a pr\u00f3pria <\/span><b>mobilidade<\/b><span style=\"font-weight: 400;\">, pilar social que j\u00e1 era pauta de discuss\u00e3o mesmo antes do isolamento social pela covid-19.<\/span><\/p>\n<h2><b>Pesquisa e investimento em detalhes pr\u00e1ticos na ind\u00fastria automotiva<\/b><\/h2>\n<p><span style=\"font-weight: 400;\">De alguns anos para c\u00e1, o setor vem desenvolvendo diversas pesquisas sobre <\/span><b>autom\u00f3veis menos poluentes, <\/b><span style=\"font-weight: 400;\">encontrando contratempos como autonomia das baterias e alto custo, e tamb\u00e9m estudando avan\u00e7os nos <\/span><b>ve\u00edculos aut\u00f4nomos<\/b><span style=\"font-weight: 400;\">, que pedem pelas chamadas <\/span><b>&#8220;<\/b><a href=\"http:\/\/www.metagal.com.br\/blog\/v2x-o-futuro-conectado\/\"><b>cidades conectadas&#8221;.<\/b><\/a><\/p>\n<p><span style=\"font-weight: 400;\">As <\/span><i><span style=\"font-weight: 400;\">smart cities<\/span><\/i><span style=\"font-weight: 400;\"> seriam totalmente integradas, com ferramentas, aplicativos e produtos\u00a0 trocando dados o tempo todo para garantir uma <\/span><b>experi\u00eancia mais segura<\/b><span style=\"font-weight: 400;\">,<\/span><b> acess\u00edvel e confort\u00e1vel <\/b><span style=\"font-weight: 400;\">a todos os cidad\u00e3os.<\/span><\/p>\n<p><span style=\"font-weight: 400;\">Como? Imagine que os ve\u00edculos estejam integrados com a pr\u00f3pria estrutura do local, avisando o condutor sobre uma poss\u00edvel mudan\u00e7a de rota que <\/span><b>evitasse o tr\u00e2nsito<\/b><span style=\"font-weight: 400;\">, mostrando possibilidades de <\/span><b>eventos sociais <\/b><span style=\"font-weight: 400;\">pr\u00f3ximos, avisando que na sua casa, na geladeira, falta carne e suco, e que existe um supermercado a dez metros de onde voc\u00ea est\u00e1.<\/span><\/p>\n<p><span style=\"font-weight: 400;\">Em termos de pandemia, imagine que seu celular pudesse te informar exatamente onde est\u00e1 e <\/span><b>qual \u00e9 a lota\u00e7\u00e3o do transporte p\u00fablico<\/b><span style=\"font-weight: 400;\"> naquele local, oferecendo dicas pr\u00e1ticas para manter sua seguran\u00e7a.\u00a0<\/span><\/p>\n<p><span style=\"font-weight: 400;\">Al\u00e9m dessas facilidades, tamb\u00e9m \u00e9 poss\u00edvel pensar em <\/span><b>pontos mais cr\u00edticos<\/b><span style=\"font-weight: 400;\">, como a possibilidade de, em segundos, realizar uma chamada no caso de perigo iminente como <\/span><b>assalto ou sequestro<\/b><span style=\"font-weight: 400;\">.<\/span><\/p>\n<p><span style=\"font-weight: 400;\">As pr\u00f3prias c\u00e2meras da cidade podem estar conectadas aos sistemas de busca por foragidos, facilitando o<\/span><b> monitoramento<\/b><span style=\"font-weight: 400;\"> das guardas municipais.\u00a0<\/span><\/p>\n<p><span style=\"font-weight: 400;\">A estrutura\u00e7\u00e3o dessas cidades \u00e9 pauta de discuss\u00e3o h\u00e1 alguns anos e, apesar do conceito de cidades conectadas e de ve\u00edculos leves n\u00e3o serem necessariamente <\/span><b>novos<\/b><span style=\"font-weight: 400;\">, agora a ind\u00fastria automotiva est\u00e1 mais focada do que nunca na <\/span><b>elabora\u00e7\u00e3o de<\/b> <b>materiais e pesquisas pr\u00e1ticas<\/b><span style=\"font-weight: 400;\"> que <\/span><b>viabilizem<\/b><span style=\"font-weight: 400;\"> essas mudan\u00e7as o quanto antes.<\/span><\/p>\n<p><span style=\"font-weight: 400;\">O objetivo \u00e9 construir projetos que garantam efici\u00eancia energ\u00e9tica, reduzam a polui\u00e7\u00e3o ambiental e ofere\u00e7am um tr\u00e2nsito mais <\/span><b>seguro e acess\u00edvel <\/b><span style=\"font-weight: 400;\">para todos.<\/span><\/p>\n<p><span style=\"font-weight: 400;\">Afinal, a pandemia apenas tornou mais evidente a busca da popula\u00e7\u00e3o por <\/span><b>novas formas de mobilidade<\/b><span style=\"font-weight: 400;\">.<\/span><\/p>\n<h2><b>O cen\u00e1rio brasileiro e a conectividade nos campos<\/b><\/h2>\n<p><span style=\"font-weight: 400;\">O Brasil \u00e9 um dos maiores <\/span><b>mercados de agroneg\u00f3cio<\/b><span style=\"font-weight: 400;\"> no mundo. Por isso, al\u00e9m dos grandes centros, em algum momento todas essas tend\u00eancias tamb\u00e9m devem chegar ao campo, com revis\u00e3o no transporte de cargas e novas estrat\u00e9gias de log\u00edstica.<\/span><\/p>\n<p><span style=\"font-weight: 400;\">Ao passo que o cen\u00e1rio urbano necessita das cidades conectadas, o campo pede pelos chamados<\/span><b><i> smart fields <\/i><\/b><span style=\"font-weight: 400;\">ou<\/span><i><span style=\"font-weight: 400;\"> &#8220;<\/span><\/i><span style=\"font-weight: 400;\">campos inteligentes&#8221;, que seguem o mesmo modelo de conectividade, dadas as propor\u00e7\u00f5es.<\/span><\/p>\n<p><span style=\"font-weight: 400;\">Dessa forma, contar\u00edamos com maior <\/span><b>agilidade e controle<\/b><span style=\"font-weight: 400;\"> de todos os processos pela conectividade nas estradas, aumentando tamb\u00e9m a seguran\u00e7a dos produtos transportados e dos pr\u00f3prios condutores.<\/span><\/p>\n<h2><b>Novos talentos para a nova mobilidade<\/b><\/h2>\n<p><span style=\"font-weight: 400;\">A constru\u00e7\u00e3o de uma nova mobilidade tamb\u00e9m estar\u00e1 nas m\u00e3os dos <\/span><b>novos talentos<\/b><span style=\"font-weight: 400;\"> da ind\u00fastria automotiva.\u00a0<\/span><\/p>\n<p><span style=\"font-weight: 400;\">Como vivemos uma era de disrup\u00e7\u00e3o com o tradicional, o mercado vai buscar cada vez profissionais mais <\/span><b>din\u00e2micos e habilitados<\/b><span style=\"font-weight: 400;\">, dispostos a estudar e contribuir com ideias pr\u00e1ticas. At\u00e9 porque a proposta \u00e9 tornar o setor automotivo mais <\/span><b>eficiente em menos tempo<\/b><span style=\"font-weight: 400;\">.<\/span><\/p>\n<p style=\"text-align: center;\"><span style=\"font-weight: 400;\">*<\/span><\/p>\n<p><span style=\"font-weight: 400;\">A <\/span><a href=\"http:\/\/metagal.com.br\/\" target=\"_blank\" rel=\"noopener\"><b>Metagal,<\/b><\/a><span style=\"font-weight: 400;\"> l\u00edder no mercado de espelhos retrovisores e no desenvolvimento de c\u00e2meras para monitoramento veicular, \u00e9 um exemplo da constante busca por inova\u00e7\u00e3o. H\u00e1 mais de 50 anos no setor, a empresa investe pesado em pesquisas, capacita\u00e7\u00e3o de seus profissionais e novas tecnologias.<\/span><\/p>\n","protected":false},"excerpt":{"rendered":"<p>A pandemia trouxe \u00e0 tona as necessidades e desafios da ind\u00fastria automotiva, e pode impulsionar pesquisas para mudar a mobilidade antes do que se imagina.<\/p>\n","protected":false},"author":1,"featured_media":4444,"comment_status":"open","ping_status":"open","sticky":false,"template":"","format":"standard","meta":{"footnotes":""},"categories":[113],"tags":[307,230,308,246],"class_list":["post-4443","post","type-post","status-publish","format-standard","has-post-thumbnail","hentry","category-mercado","tag-desafios","tag-industria-automotiva","tag-pos-pandemia","tag-setor-automotivo"],"yoast_head":"<!-- This site is optimized with the Yoast SEO plugin v25.9 - https:\/\/yoast.com\/wordpress\/plugins\/seo\/ -->\n<title>Ind\u00fastria automotiva: conhe\u00e7a as necessidades e desafios do setor<\/title>\n<meta name=\"description\" content=\"A pandemia trouxe \u00e0 tona as necessidades e desafios da ind\u00fastria automotiva, e pode impulsionar pesquisas para mudar a mobilidade antes do que se imagina.\" \/>\n<meta name=\"robots\" content=\"index, follow, max-snippet:-1, max-image-preview:large, max-video-preview:-1\" \/>\n<link rel=\"canonical\" href=\"https:\/\/www.metagal.com.br\/blog\/industria-automotiva-necessidades-desafios\/\" \/>\n<meta property=\"og:locale\" content=\"pt_BR\" \/>\n<meta property=\"og:type\" content=\"article\" \/>\n<meta property=\"og:title\" content=\"Ind\u00fastria automotiva: conhe\u00e7a as necessidades e desafios do setor\" \/>\n<meta property=\"og:description\" content=\"A pandemia trouxe \u00e0 tona as necessidades e desafios da ind\u00fastria automotiva, e pode impulsionar pesquisas para mudar a mobilidade antes do que se imagina.\" \/>\n<meta property=\"og:url\" content=\"https:\/\/www.metagal.com.br\/blog\/industria-automotiva-necessidades-desafios\/\" \/>\n<meta property=\"og:site_name\" content=\"Blog Metagal\" \/>\n<meta property=\"article:published_time\" content=\"2020-10-09T13:46:55+00:00\" \/>\n<meta property=\"article:modified_time\" content=\"2020-10-09T13:57:12+00:00\" \/>\n<meta property=\"og:image\" content=\"https:\/\/www.metagal.com.br\/blog\/wp-content\/uploads\/2020\/10\/Metagal_Postlink-Necessidades_do_setor-SET-2020.jpg\" \/>\n\t<meta property=\"og:image:width\" content=\"1200\" \/>\n\t<meta property=\"og:image:height\" content=\"628\" \/>\n\t<meta property=\"og:image:type\" content=\"image\/jpeg\" \/>\n<meta name=\"author\" content=\"Metagal\" \/>\n<meta name=\"twitter:card\" content=\"summary_large_image\" \/>\n<meta name=\"twitter:label1\" content=\"Escrito por\" \/>\n\t<meta name=\"twitter:data1\" content=\"Metagal\" \/>\n\t<meta name=\"twitter:label2\" content=\"Est. tempo de leitura\" \/>\n\t<meta name=\"twitter:data2\" content=\"3 minutos\" \/>\n<script type=\"application\/ld+json\" class=\"yoast-schema-graph\">{\"@context\":\"https:\/\/schema.org\",\"@graph\":[{\"@type\":\"Article\",\"@id\":\"https:\/\/www.metagal.com.br\/blog\/industria-automotiva-necessidades-desafios\/#article\",\"isPartOf\":{\"@id\":\"https:\/\/www.metagal.com.br\/blog\/industria-automotiva-necessidades-desafios\/\"},\"author\":{\"name\":\"Metagal\",\"@id\":\"https:\/\/www.metagal.com.br\/blog\/#\/schema\/person\/86708538b26ec57abb56975e5bc3f3bf\"},\"headline\":\"Ind\u00fastria automotiva: conhe\u00e7a as necessidades e desafios do setor\",\"datePublished\":\"2020-10-09T13:46:55+00:00\",\"dateModified\":\"2020-10-09T13:57:12+00:00\",\"mainEntityOfPage\":{\"@id\":\"https:\/\/www.metagal.com.br\/blog\/industria-automotiva-necessidades-desafios\/\"},\"wordCount\":671,\"commentCount\":0,\"publisher\":{\"@id\":\"https:\/\/www.metagal.com.br\/blog\/#organization\"},\"image\":{\"@id\":\"https:\/\/www.metagal.com.br\/blog\/industria-automotiva-necessidades-desafios\/#primaryimage\"},\"thumbnailUrl\":\"https:\/\/www.metagal.com.br\/blog\/wp-content\/uploads\/2020\/10\/METAGAL_BP-Necessidades_do_setor.jpg\",\"keywords\":[\"Desafios\",\"ind\u00fastria automotiva\",\"P\u00f3s-pandemia\",\"setor automotivo\"],\"articleSection\":[\"Mercado\"],\"inLanguage\":\"pt-BR\",\"potentialAction\":[{\"@type\":\"CommentAction\",\"name\":\"Comment\",\"target\":[\"https:\/\/www.metagal.com.br\/blog\/industria-automotiva-necessidades-desafios\/#respond\"]}]},{\"@type\":\"WebPage\",\"@id\":\"https:\/\/www.metagal.com.br\/blog\/industria-automotiva-necessidades-desafios\/\",\"url\":\"https:\/\/www.metagal.com.br\/blog\/industria-automotiva-necessidades-desafios\/\",\"name\":\"Ind\u00fastria automotiva: conhe\u00e7a as necessidades e desafios do setor\",\"isPartOf\":{\"@id\":\"https:\/\/www.metagal.com.br\/blog\/#website\"},\"primaryImageOfPage\":{\"@id\":\"https:\/\/www.metagal.com.br\/blog\/industria-automotiva-necessidades-desafios\/#primaryimage\"},\"image\":{\"@id\":\"https:\/\/www.metagal.com.br\/blog\/industria-automotiva-necessidades-desafios\/#primaryimage\"},\"thumbnailUrl\":\"https:\/\/www.metagal.com.br\/blog\/wp-content\/uploads\/2020\/10\/METAGAL_BP-Necessidades_do_setor.jpg\",\"datePublished\":\"2020-10-09T13:46:55+00:00\",\"dateModified\":\"2020-10-09T13:57:12+00:00\",\"description\":\"A pandemia trouxe \u00e0 tona as necessidades e desafios da ind\u00fastria automotiva, e pode impulsionar pesquisas para mudar a mobilidade antes do que se imagina.\",\"breadcrumb\":{\"@id\":\"https:\/\/www.metagal.com.br\/blog\/industria-automotiva-necessidades-desafios\/#breadcrumb\"},\"inLanguage\":\"pt-BR\",\"potentialAction\":[{\"@type\":\"ReadAction\",\"target\":[\"https:\/\/www.metagal.com.br\/blog\/industria-automotiva-necessidades-desafios\/\"]}]},{\"@type\":\"ImageObject\",\"inLanguage\":\"pt-BR\",\"@id\":\"https:\/\/www.metagal.com.br\/blog\/industria-automotiva-necessidades-desafios\/#primaryimage\",\"url\":\"https:\/\/www.metagal.com.br\/blog\/wp-content\/uploads\/2020\/10\/METAGAL_BP-Necessidades_do_setor.jpg\",\"contentUrl\":\"https:\/\/www.metagal.com.br\/blog\/wp-content\/uploads\/2020\/10\/METAGAL_BP-Necessidades_do_setor.jpg\",\"width\":1920,\"height\":655,\"caption\":\"A pandemia trouxe \u00e0 tona as necessidades e desafios da ind\u00fastria automotiva, e pode impulsionar pesquisas para mudar a mobilidade antes do que se imagina.\"},{\"@type\":\"BreadcrumbList\",\"@id\":\"https:\/\/www.metagal.com.br\/blog\/industria-automotiva-necessidades-desafios\/#breadcrumb\",\"itemListElement\":[{\"@type\":\"ListItem\",\"position\":1,\"name\":\"In\u00edcio\",\"item\":\"https:\/\/www.metagal.com.br\/blog\/\"},{\"@type\":\"ListItem\",\"position\":2,\"name\":\"Ind\u00fastria automotiva: conhe\u00e7a as necessidades e desafios do setor\"}]},{\"@type\":\"WebSite\",\"@id\":\"https:\/\/www.metagal.com.br\/blog\/#website\",\"url\":\"https:\/\/www.metagal.com.br\/blog\/\",\"name\":\"Blog Metagal\",\"description\":\"Metagal | L\u00edder no desenvolvimento e produ\u00e7\u00e3o de espelhos retrovisores\",\"publisher\":{\"@id\":\"https:\/\/www.metagal.com.br\/blog\/#organization\"},\"potentialAction\":[{\"@type\":\"SearchAction\",\"target\":{\"@type\":\"EntryPoint\",\"urlTemplate\":\"https:\/\/www.metagal.com.br\/blog\/?s={search_term_string}\"},\"query-input\":{\"@type\":\"PropertyValueSpecification\",\"valueRequired\":true,\"valueName\":\"search_term_string\"}}],\"inLanguage\":\"pt-BR\"},{\"@type\":\"Organization\",\"@id\":\"https:\/\/www.metagal.com.br\/blog\/#organization\",\"name\":\"Metagal - L\u00edder em Desenvolvimento e Produ\u00e7\u00e3o de Espelhos Retrovisores\",\"url\":\"https:\/\/www.metagal.com.br\/blog\/\",\"logo\":{\"@type\":\"ImageObject\",\"inLanguage\":\"pt-BR\",\"@id\":\"https:\/\/www.metagal.com.br\/blog\/#\/schema\/logo\/image\/\",\"url\":\"https:\/\/www.metagal.com.br\/blog\/wp-content\/uploads\/2018\/11\/Favicon.png\",\"contentUrl\":\"https:\/\/www.metagal.com.br\/blog\/wp-content\/uploads\/2018\/11\/Favicon.png\",\"width\":100,\"height\":100,\"caption\":\"Metagal - L\u00edder em Desenvolvimento e Produ\u00e7\u00e3o de Espelhos Retrovisores\"},\"image\":{\"@id\":\"https:\/\/www.metagal.com.br\/blog\/#\/schema\/logo\/image\/\"}},{\"@type\":\"Person\",\"@id\":\"https:\/\/www.metagal.com.br\/blog\/#\/schema\/person\/86708538b26ec57abb56975e5bc3f3bf\",\"name\":\"Metagal\",\"image\":{\"@type\":\"ImageObject\",\"inLanguage\":\"pt-BR\",\"@id\":\"https:\/\/www.metagal.com.br\/blog\/#\/schema\/person\/image\/\",\"url\":\"https:\/\/secure.gravatar.com\/avatar\/5b99f1b1706488192643fded2a661508?s=96&d=mm&r=g\",\"contentUrl\":\"https:\/\/secure.gravatar.com\/avatar\/5b99f1b1706488192643fded2a661508?s=96&d=mm&r=g\",\"caption\":\"Metagal\"},\"url\":\"https:\/\/www.metagal.com.br\/blog\/autor\/layerup\/\"}]}<\/script>\n<!-- \/ Yoast SEO plugin. -->","yoast_head_json":{"title":"Ind\u00fastria automotiva: conhe\u00e7a as necessidades e desafios do setor","description":"A pandemia trouxe \u00e0 tona as necessidades e desafios da ind\u00fastria automotiva, e pode impulsionar pesquisas para mudar a mobilidade antes do que se imagina.","robots":{"index":"index","follow":"follow","max-snippet":"max-snippet:-1","max-image-preview":"max-image-preview:large","max-video-preview":"max-video-preview:-1"},"canonical":"https:\/\/www.metagal.com.br\/blog\/industria-automotiva-necessidades-desafios\/","og_locale":"pt_BR","og_type":"article","og_title":"Ind\u00fastria automotiva: conhe\u00e7a as necessidades e desafios do setor","og_description":"A pandemia trouxe \u00e0 tona as necessidades e desafios da ind\u00fastria automotiva, e pode impulsionar pesquisas para mudar a mobilidade antes do que se imagina.","og_url":"https:\/\/www.metagal.com.br\/blog\/industria-automotiva-necessidades-desafios\/","og_site_name":"Blog Metagal","article_published_time":"2020-10-09T13:46:55+00:00","article_modified_time":"2020-10-09T13:57:12+00:00","og_image":[{"width":1200,"height":628,"url":"https:\/\/www.metagal.com.br\/blog\/wp-content\/uploads\/2020\/10\/Metagal_Postlink-Necessidades_do_setor-SET-2020.jpg","type":"image\/jpeg"}],"author":"Metagal","twitter_card":"summary_large_image","twitter_misc":{"Escrito por":"Metagal","Est. tempo de leitura":"3 minutos"},"schema":{"@context":"https:\/\/schema.org","@graph":[{"@type":"Article","@id":"https:\/\/www.metagal.com.br\/blog\/industria-automotiva-necessidades-desafios\/#article","isPartOf":{"@id":"https:\/\/www.metagal.com.br\/blog\/industria-automotiva-necessidades-desafios\/"},"author":{"name":"Metagal","@id":"https:\/\/www.metagal.com.br\/blog\/#\/schema\/person\/86708538b26ec57abb56975e5bc3f3bf"},"headline":"Ind\u00fastria automotiva: conhe\u00e7a as necessidades e desafios do setor","datePublished":"2020-10-09T13:46:55+00:00","dateModified":"2020-10-09T13:57:12+00:00","mainEntityOfPage":{"@id":"https:\/\/www.metagal.com.br\/blog\/industria-automotiva-necessidades-desafios\/"},"wordCount":671,"commentCount":0,"publisher":{"@id":"https:\/\/www.metagal.com.br\/blog\/#organization"},"image":{"@id":"https:\/\/www.metagal.com.br\/blog\/industria-automotiva-necessidades-desafios\/#primaryimage"},"thumbnailUrl":"https:\/\/www.metagal.com.br\/blog\/wp-content\/uploads\/2020\/10\/METAGAL_BP-Necessidades_do_setor.jpg","keywords":["Desafios","ind\u00fastria automotiva","P\u00f3s-pandemia","setor automotivo"],"articleSection":["Mercado"],"inLanguage":"pt-BR","potentialAction":[{"@type":"CommentAction","name":"Comment","target":["https:\/\/www.metagal.com.br\/blog\/industria-automotiva-necessidades-desafios\/#respond"]}]},{"@type":"WebPage","@id":"https:\/\/www.metagal.com.br\/blog\/industria-automotiva-necessidades-desafios\/","url":"https:\/\/www.metagal.com.br\/blog\/industria-automotiva-necessidades-desafios\/","name":"Ind\u00fastria automotiva: conhe\u00e7a as necessidades e desafios do setor","isPartOf":{"@id":"https:\/\/www.metagal.com.br\/blog\/#website"},"primaryImageOfPage":{"@id":"https:\/\/www.metagal.com.br\/blog\/industria-automotiva-necessidades-desafios\/#primaryimage"},"image":{"@id":"https:\/\/www.metagal.com.br\/blog\/industria-automotiva-necessidades-desafios\/#primaryimage"},"thumbnailUrl":"https:\/\/www.metagal.com.br\/blog\/wp-content\/uploads\/2020\/10\/METAGAL_BP-Necessidades_do_setor.jpg","datePublished":"2020-10-09T13:46:55+00:00","dateModified":"2020-10-09T13:57:12+00:00","description":"A pandemia trouxe \u00e0 tona as necessidades e desafios da ind\u00fastria automotiva, e pode impulsionar pesquisas para mudar a mobilidade antes do que se imagina.","breadcrumb":{"@id":"https:\/\/www.metagal.com.br\/blog\/industria-automotiva-necessidades-desafios\/#breadcrumb"},"inLanguage":"pt-BR","potentialAction":[{"@type":"ReadAction","target":["https:\/\/www.metagal.com.br\/blog\/industria-automotiva-necessidades-desafios\/"]}]},{"@type":"ImageObject","inLanguage":"pt-BR","@id":"https:\/\/www.metagal.com.br\/blog\/industria-automotiva-necessidades-desafios\/#primaryimage","url":"https:\/\/www.metagal.com.br\/blog\/wp-content\/uploads\/2020\/10\/METAGAL_BP-Necessidades_do_setor.jpg","contentUrl":"https:\/\/www.metagal.com.br\/blog\/wp-content\/uploads\/2020\/10\/METAGAL_BP-Necessidades_do_setor.jpg","width":1920,"height":655,"caption":"A pandemia trouxe \u00e0 tona as necessidades e desafios da ind\u00fastria automotiva, e pode impulsionar pesquisas para mudar a mobilidade antes do que se imagina."},{"@type":"BreadcrumbList","@id":"https:\/\/www.metagal.com.br\/blog\/industria-automotiva-necessidades-desafios\/#breadcrumb","itemListElement":[{"@type":"ListItem","position":1,"name":"In\u00edcio","item":"https:\/\/www.metagal.com.br\/blog\/"},{"@type":"ListItem","position":2,"name":"Ind\u00fastria automotiva: conhe\u00e7a as necessidades e desafios do setor"}]},{"@type":"WebSite","@id":"https:\/\/www.metagal.com.br\/blog\/#website","url":"https:\/\/www.metagal.com.br\/blog\/","name":"Blog Metagal","description":"Metagal | L\u00edder no desenvolvimento e produ\u00e7\u00e3o de espelhos retrovisores","publisher":{"@id":"https:\/\/www.metagal.com.br\/blog\/#organization"},"potentialAction":[{"@type":"SearchAction","target":{"@type":"EntryPoint","urlTemplate":"https:\/\/www.metagal.com.br\/blog\/?s={search_term_string}"},"query-input":{"@type":"PropertyValueSpecification","valueRequired":true,"valueName":"search_term_string"}}],"inLanguage":"pt-BR"},{"@type":"Organization","@id":"https:\/\/www.metagal.com.br\/blog\/#organization","name":"Metagal - L\u00edder em Desenvolvimento e Produ\u00e7\u00e3o de Espelhos Retrovisores","url":"https:\/\/www.metagal.com.br\/blog\/","logo":{"@type":"ImageObject","inLanguage":"pt-BR","@id":"https:\/\/www.metagal.com.br\/blog\/#\/schema\/logo\/image\/","url":"https:\/\/www.metagal.com.br\/blog\/wp-content\/uploads\/2018\/11\/Favicon.png","contentUrl":"https:\/\/www.metagal.com.br\/blog\/wp-content\/uploads\/2018\/11\/Favicon.png","width":100,"height":100,"caption":"Metagal - L\u00edder em Desenvolvimento e Produ\u00e7\u00e3o de Espelhos Retrovisores"},"image":{"@id":"https:\/\/www.metagal.com.br\/blog\/#\/schema\/logo\/image\/"}},{"@type":"Person","@id":"https:\/\/www.metagal.com.br\/blog\/#\/schema\/person\/86708538b26ec57abb56975e5bc3f3bf","name":"Metagal","image":{"@type":"ImageObject","inLanguage":"pt-BR","@id":"https:\/\/www.metagal.com.br\/blog\/#\/schema\/person\/image\/","url":"https:\/\/secure.gravatar.com\/avatar\/5b99f1b1706488192643fded2a661508?s=96&d=mm&r=g","contentUrl":"https:\/\/secure.gravatar.com\/avatar\/5b99f1b1706488192643fded2a661508?s=96&d=mm&r=g","caption":"Metagal"},"url":"https:\/\/www.metagal.com.br\/blog\/autor\/layerup\/"}]}},"_links":{"self":[{"href":"https:\/\/www.metagal.com.br\/blog\/wp-json\/wp\/v2\/posts\/4443","targetHints":{"allow":["GET"]}}],"collection":[{"href":"https:\/\/www.metagal.com.br\/blog\/wp-json\/wp\/v2\/posts"}],"about":[{"href":"https:\/\/www.metagal.com.br\/blog\/wp-json\/wp\/v2\/types\/post"}],"author":[{"embeddable":true,"href":"https:\/\/www.metagal.com.br\/blog\/wp-json\/wp\/v2\/users\/1"}],"replies":[{"embeddable":true,"href":"https:\/\/www.metagal.com.br\/blog\/wp-json\/wp\/v2\/comments?post=4443"}],"version-history":[{"count":2,"href":"https:\/\/www.metagal.com.br\/blog\/wp-json\/wp\/v2\/posts\/4443\/revisions"}],"predecessor-version":[{"id":4447,"href":"https:\/\/www.metagal.com.br\/blog\/wp-json\/wp\/v2\/posts\/4443\/revisions\/4447"}],"wp:featuredmedia":[{"embeddable":true,"href":"https:\/\/www.metagal.com.br\/blog\/wp-json\/wp\/v2\/media\/4444"}],"wp:attachment":[{"href":"https:\/\/www.metagal.com.br\/blog\/wp-json\/wp\/v2\/media?parent=4443"}],"wp:term":[{"taxonomy":"category","embeddable":true,"href":"https:\/\/www.metagal.com.br\/blog\/wp-json\/wp\/v2\/categories?post=4443"},{"taxonomy":"post_tag","embeddable":true,"href":"https:\/\/www.metagal.com.br\/blog\/wp-json\/wp\/v2\/tags?post=4443"}],"curies":[{"name":"wp","href":"https:\/\/api.w.org\/{rel}","templated":true}]}}