{"id":4448,"date":"2020-10-26T14:47:23","date_gmt":"2020-10-26T16:47:23","guid":{"rendered":"http:\/\/www.metagal.com.br\/blog\/?p=4448"},"modified":"2020-11-18T12:23:28","modified_gmt":"2020-11-18T14:23:28","slug":"renovacao-de-frota","status":"publish","type":"post","link":"https:\/\/www.metagal.com.br\/blog\/renovacao-de-frota\/","title":{"rendered":"Renova\u00e7\u00e3o de Frota: poss\u00edvel sa\u00edda contra os efeitos da pandemia"},"content":{"rendered":"<p><span style=\"font-weight: 400;\">O <\/span><b>programa de renova\u00e7\u00e3o de frota<\/b><span style=\"font-weight: 400;\"> para ve\u00edculos pesados<\/span><b>, <\/b><span style=\"font-weight: 400;\">medida que pode fomentar a <\/span><b>recupera\u00e7\u00e3o econ\u00f4mica <\/b><span style=\"font-weight: 400;\">do setor automotivo, est\u00e1 sendo desenvolvido pelo Minist\u00e9rio da Economia e<\/span><b> deve sair em breve.<\/b><\/p>\n<p><span style=\"font-weight: 400;\">O objetivo do projeto \u00e9 realizar uma verdadeira reciclagem, estimulando a compra desses ve\u00edculos e desestimulando a circula\u00e7\u00e3o de <\/span><b>autom\u00f3veis antigos e extremamente poluentes.<\/b><\/p>\n<p><span style=\"font-weight: 400;\">A promessa n\u00e3o \u00e9 nova: empresas do setor pedem a implementa\u00e7\u00e3o do programa h\u00e1 mais de 15 anos. Entretanto, com o cen\u00e1rio econ\u00f4mico causado pela dissemina\u00e7\u00e3o da covid-19, a iniciativa parece <\/span><b>cada dia mais real, com envolvimento ativo de \u00f3rg\u00e3os p\u00fablicos.<\/b><\/p>\n<h2><b>Por que realizar a renova\u00e7\u00e3o da frota?<\/b><\/h2>\n<p><span style=\"font-weight: 400;\">Nos \u00faltimos seis anos, a <\/span><b>m\u00e9dia de idade da frota de caminh\u00f5es <\/b><span style=\"font-weight: 400;\">de empresas foi de nove anos e sete meses para<\/span><b> onze anos e sete meses,<\/b><span style=\"font-weight: 400;\"> dados do Sindicato Nacional da Ind\u00fastria de Componentes para Ve\u00edculos Automotores (Sindipe\u00e7as). J\u00e1 os caminh\u00f5es de trabalhadores aut\u00f4nomos t\u00eam uma m\u00e9dia de <\/span><b>17,9 anos.<\/b><\/p>\n<p><span style=\"font-weight: 400;\">Quanto maior for o n\u00famero, pior \u00e9 para o tr\u00e2nsito como um todo. Ve\u00edculos mais antigos s\u00e3o mais poluentes, quebram mais e causam mais acidentes, como mostram as estat\u00edsticas abaixo.<\/span><\/p>\n<h3><b>Maior risco de acidentes<\/b><\/h3>\n<p><span style=\"font-weight: 400;\">Especialistas estimam que o <\/span><b>n\u00famero de acidentes em rodovias causados por ve\u00edculos antigos <\/b><span style=\"font-weight: 400;\">que n\u00e3o passaram por manuten\u00e7\u00e3o deve ser maior do que o registrado, cerca de 7%.<\/span><\/p>\n<p><span style=\"font-weight: 400;\">Isso porque descobrir um defeito no caminh\u00e3o durante o acidente \u00e9 complexo, e muitos dos registros acabam apontando imper\u00edcia do motorista.<\/span><\/p>\n<p><span style=\"font-weight: 400;\">Al\u00e9m de mais modernos, os ve\u00edculos mais novos t\u00eam custos de opera\u00e7\u00e3o e manuten\u00e7\u00e3o menores, o que estimula que seus propriet\u00e1rios estejam em dia com qualquer mudan\u00e7a necess\u00e1ria.<\/span><\/p>\n<h3><b>Mais polui\u00e7\u00e3o no meio ambiente<\/b><\/h3>\n<p><span style=\"font-weight: 400;\">De acordo com estimativa do Conselho Nacional do Meio Ambiente (Conama), um \u00fanico caminh\u00e3o com mais de 30 anos<\/span><b> polui o mesmo que 40 caminh\u00f5es novos.<\/b><\/p>\n<p><span style=\"font-weight: 400;\">Al\u00e9m disso, um estudo da Universidade de S\u00e3o Paulo (USP) de 2018 afirmou que caminh\u00f5es e \u00f4nibus s\u00e3o respons\u00e1veis por <\/span><b>50% da polui\u00e7\u00e3o na capital paulista,<\/b><span style=\"font-weight: 400;\"> apesar de representarem s\u00f3 5% de toda a frota.<\/span><\/p>\n<h3><b>Mais custo para todos os consumidores<\/b><\/h3>\n<p><span style=\"font-weight: 400;\">Com caminh\u00f5es muito antigos em circula\u00e7\u00e3o, o alto valor pago em manuten\u00e7\u00e3o e combust\u00edvel reflete no<\/span><b> pre\u00e7o do frete<\/b><span style=\"font-weight: 400;\"> e, dependendo da empresa, do pr\u00f3prio produto transportado.<\/span><\/p>\n<p><span style=\"font-weight: 400;\">Al\u00e9m disso, sem nenhum incentivo para adquirir um modelo novo, o consumidor brasileiro tende a conservar os autom\u00f3veis usados. O efeito \u00e9 um <\/span><b>aumento exponencial nos pre\u00e7os dos usados, <\/b><span style=\"font-weight: 400;\">realidade que pode ser observada com uma pesquisa r\u00e1pida por an\u00fancios online. Dessa forma, todos saem perdendo, principalmente o tr\u00e2nsito.<\/span><\/p>\n<h2><b>Como \u00e9 o programa de renova\u00e7\u00e3o de frota esperado pelas montadoras?<\/b><\/h2>\n<p><span style=\"font-weight: 400;\">O cen\u00e1rio ideal envolveria <\/span><b>incentivos fiscais <\/b><span style=\"font-weight: 400;\">que estimulem a compra de novos ve\u00edculos. Consumidores que quisessem devolver seus modelos antigos tamb\u00e9m poderiam ter vantagens como descontos ou mesmo o recebimento de um <\/span><b>valor pela entrega<\/b><span style=\"font-weight: 400;\"> (em caso de venda para sider\u00fargicas como sucata, por exemplo).<\/span><\/p>\n<p><span style=\"font-weight: 400;\">Al\u00e9m disso, para verdadeiramente desestimular a circula\u00e7\u00e3o da frota antiga, seria necess\u00e1ria uma mudan\u00e7a que impacte o <\/span><b>or\u00e7amento do motorista<\/b><span style=\"font-weight: 400;\">, como o aumento do IPVA para ve\u00edculos com determinada idade ou a exig\u00eancia de vistoria mais constante.<\/span><\/p>\n<h2><b>Projeto piloto: Frota Verde<\/b><\/h2>\n<p><span style=\"font-weight: 400;\">Para testar a implementa\u00e7\u00e3o do programa, o governo desenvolveu um projeto piloto que est\u00e1 sendo aplicado em Santa Catarina, chamado &#8220;<a href=\"https:\/\/www.sc.gov.br\/noticias\/temas\/desenvolvimento-economico\/frota-verde-santa-catarina-participa-de-programa-piloto-do-ministerio-da-economia\" target=\"_blank\" rel=\"noopener\">Frota Verde<\/a>&#8220;.<\/span><\/p>\n<p><span style=\"font-weight: 400;\">No primeiro est\u00e1gio, a ideia \u00e9 que o governo do estado ofere\u00e7a <\/span><b>cr\u00e9dito presumido <\/b><span style=\"font-weight: 400;\">para que frotistas possam comprar outro ve\u00edculo pesado com at\u00e9 dez anos de uso, al\u00e9m de descartar o modelo antigo para a sucata.<\/span><\/p>\n<p><span style=\"font-weight: 400;\">Ainda, h\u00e1 a previs\u00e3o de <\/span><b>ajustes nos impostos<\/b><span style=\"font-weight: 400;\"> e na cria\u00e7\u00e3o de condi\u00e7\u00f5es melhores para o segmento. A longo prazo, a iniciativa deve incluir n\u00e3o s\u00f3 caminh\u00f5es mas tamb\u00e9m \u00f4nibus, micro-\u00f4nibus e outros tipos de ve\u00edculos rodovi\u00e1rios.<\/span><\/p>\n<p><span style=\"font-weight: 400;\">A meta \u00e9 tirar mais de 100 mil ve\u00edculos com mais de 30 anos de circula\u00e7\u00e3o das estradas do pa\u00eds. De acordo com as movimenta\u00e7\u00f5es, logo teremos not\u00edcias da implementa\u00e7\u00e3o da renova\u00e7\u00e3o de frota em mais estados.<\/span><\/p>\n<p style=\"text-align: center;\"><span style=\"font-weight: 400;\">*<\/span><\/p>\n<p><span style=\"font-weight: 400;\">A <a href=\"http:\/\/www.metagal.com.br\/?utm_medium=blogpost&amp;utm_source=site&amp;utm_campaign=renova%C3%A7ao&amp;utm_term=trafego&amp;utm_content=hiperlink-\" target=\"_blank\" rel=\"noopener\">Metagal<\/a>, l\u00edder no mercado de espelhos retrovisores e no desenvolvimento de c\u00e2meras para monitoramento veicular, \u00e9 um exemplo da constante busca por inova\u00e7\u00e3o. H\u00e1 mais de 50 anos no setor, a empresa investe pesado em pesquisas, capacita\u00e7\u00e3o de seus profissionais e novas tecnologias automotivas.<\/span><\/p>\n","protected":false},"excerpt":{"rendered":"<p>Um dos mais antigos pedidos da ind\u00fastria automotiva pode finalmente se concretizar. Saiba mais sobre a renova\u00e7\u00e3o de frota em nosso blog.<\/p>\n","protected":false},"author":1,"featured_media":4458,"comment_status":"open","ping_status":"open","sticky":false,"template":"","format":"standard","meta":{"footnotes":""},"categories":[113],"tags":[309,310],"class_list":["post-4448","post","type-post","status-publish","format-standard","has-post-thumbnail","hentry","category-mercado","tag-renovacao-de-frota","tag-veiculos-pesados"],"yoast_head":"<!-- This site is optimized with the Yoast SEO plugin v25.9 - https:\/\/yoast.com\/wordpress\/plugins\/seo\/ -->\n<title>Renova\u00e7\u00e3o de Frota: poss\u00edvel sa\u00edda contra os efeitos da pandemia<\/title>\n<meta name=\"description\" content=\"Um dos mais antigos pedidos da ind\u00fastria automotiva pode finalmente se concretizar. Saiba mais sobre a renova\u00e7\u00e3o de frota em nosso blog.\" \/>\n<meta name=\"robots\" content=\"index, follow, max-snippet:-1, max-image-preview:large, max-video-preview:-1\" \/>\n<link rel=\"canonical\" href=\"https:\/\/www.metagal.com.br\/blog\/renovacao-de-frota\/\" \/>\n<meta property=\"og:locale\" content=\"pt_BR\" \/>\n<meta property=\"og:type\" content=\"article\" \/>\n<meta property=\"og:title\" content=\"Renova\u00e7\u00e3o de Frota: poss\u00edvel sa\u00edda contra os efeitos da pandemia\" \/>\n<meta property=\"og:description\" content=\"Um dos mais antigos pedidos da ind\u00fastria automotiva pode finalmente se concretizar. Saiba mais sobre a renova\u00e7\u00e3o de frota em nosso blog.\" \/>\n<meta property=\"og:url\" content=\"https:\/\/www.metagal.com.br\/blog\/renovacao-de-frota\/\" \/>\n<meta property=\"og:site_name\" content=\"Blog Metagal\" \/>\n<meta property=\"article:published_time\" content=\"2020-10-26T16:47:23+00:00\" \/>\n<meta property=\"article:modified_time\" content=\"2020-11-18T14:23:28+00:00\" \/>\n<meta property=\"og:image\" content=\"https:\/\/www.metagal.com.br\/blog\/wp-content\/uploads\/2020\/10\/postlink-metagal-17.11.png\" \/>\n\t<meta property=\"og:image:width\" content=\"1200\" \/>\n\t<meta property=\"og:image:height\" content=\"628\" \/>\n\t<meta property=\"og:image:type\" content=\"image\/png\" \/>\n<meta name=\"author\" content=\"Metagal\" \/>\n<meta name=\"twitter:card\" content=\"summary_large_image\" \/>\n<meta name=\"twitter:label1\" content=\"Escrito por\" \/>\n\t<meta name=\"twitter:data1\" content=\"Metagal\" \/>\n\t<meta name=\"twitter:label2\" content=\"Est. tempo de leitura\" \/>\n\t<meta name=\"twitter:data2\" content=\"4 minutos\" \/>\n<script type=\"application\/ld+json\" class=\"yoast-schema-graph\">{\"@context\":\"https:\/\/schema.org\",\"@graph\":[{\"@type\":\"Article\",\"@id\":\"https:\/\/www.metagal.com.br\/blog\/renovacao-de-frota\/#article\",\"isPartOf\":{\"@id\":\"https:\/\/www.metagal.com.br\/blog\/renovacao-de-frota\/\"},\"author\":{\"name\":\"Metagal\",\"@id\":\"https:\/\/www.metagal.com.br\/blog\/#\/schema\/person\/86708538b26ec57abb56975e5bc3f3bf\"},\"headline\":\"Renova\u00e7\u00e3o de Frota: poss\u00edvel sa\u00edda contra os efeitos da pandemia\",\"datePublished\":\"2020-10-26T16:47:23+00:00\",\"dateModified\":\"2020-11-18T14:23:28+00:00\",\"mainEntityOfPage\":{\"@id\":\"https:\/\/www.metagal.com.br\/blog\/renovacao-de-frota\/\"},\"wordCount\":784,\"commentCount\":0,\"publisher\":{\"@id\":\"https:\/\/www.metagal.com.br\/blog\/#organization\"},\"image\":{\"@id\":\"https:\/\/www.metagal.com.br\/blog\/renovacao-de-frota\/#primaryimage\"},\"thumbnailUrl\":\"https:\/\/www.metagal.com.br\/blog\/wp-content\/uploads\/2020\/10\/METAGAL_BP-header.jpg\",\"keywords\":[\"Renova\u00e7\u00e3o de frota\",\"Ve\u00edculos pesados\"],\"articleSection\":[\"Mercado\"],\"inLanguage\":\"pt-BR\",\"potentialAction\":[{\"@type\":\"CommentAction\",\"name\":\"Comment\",\"target\":[\"https:\/\/www.metagal.com.br\/blog\/renovacao-de-frota\/#respond\"]}]},{\"@type\":\"WebPage\",\"@id\":\"https:\/\/www.metagal.com.br\/blog\/renovacao-de-frota\/\",\"url\":\"https:\/\/www.metagal.com.br\/blog\/renovacao-de-frota\/\",\"name\":\"Renova\u00e7\u00e3o de Frota: poss\u00edvel sa\u00edda contra os efeitos da pandemia\",\"isPartOf\":{\"@id\":\"https:\/\/www.metagal.com.br\/blog\/#website\"},\"primaryImageOfPage\":{\"@id\":\"https:\/\/www.metagal.com.br\/blog\/renovacao-de-frota\/#primaryimage\"},\"image\":{\"@id\":\"https:\/\/www.metagal.com.br\/blog\/renovacao-de-frota\/#primaryimage\"},\"thumbnailUrl\":\"https:\/\/www.metagal.com.br\/blog\/wp-content\/uploads\/2020\/10\/METAGAL_BP-header.jpg\",\"datePublished\":\"2020-10-26T16:47:23+00:00\",\"dateModified\":\"2020-11-18T14:23:28+00:00\",\"description\":\"Um dos mais antigos pedidos da ind\u00fastria automotiva pode finalmente se concretizar. Saiba mais sobre a renova\u00e7\u00e3o de frota em nosso blog.\",\"breadcrumb\":{\"@id\":\"https:\/\/www.metagal.com.br\/blog\/renovacao-de-frota\/#breadcrumb\"},\"inLanguage\":\"pt-BR\",\"potentialAction\":[{\"@type\":\"ReadAction\",\"target\":[\"https:\/\/www.metagal.com.br\/blog\/renovacao-de-frota\/\"]}]},{\"@type\":\"ImageObject\",\"inLanguage\":\"pt-BR\",\"@id\":\"https:\/\/www.metagal.com.br\/blog\/renovacao-de-frota\/#primaryimage\",\"url\":\"https:\/\/www.metagal.com.br\/blog\/wp-content\/uploads\/2020\/10\/METAGAL_BP-header.jpg\",\"contentUrl\":\"https:\/\/www.metagal.com.br\/blog\/wp-content\/uploads\/2020\/10\/METAGAL_BP-header.jpg\",\"width\":1920,\"height\":655,\"caption\":\"Um dos mais antigos pedidos da ind\u00fastria automotiva pode finalmente se concretizar. Saiba mais sobre a renova\u00e7\u00e3o de frota em nosso blog.\"},{\"@type\":\"BreadcrumbList\",\"@id\":\"https:\/\/www.metagal.com.br\/blog\/renovacao-de-frota\/#breadcrumb\",\"itemListElement\":[{\"@type\":\"ListItem\",\"position\":1,\"name\":\"In\u00edcio\",\"item\":\"https:\/\/www.metagal.com.br\/blog\/\"},{\"@type\":\"ListItem\",\"position\":2,\"name\":\"Renova\u00e7\u00e3o de Frota: poss\u00edvel sa\u00edda contra os efeitos da pandemia\"}]},{\"@type\":\"WebSite\",\"@id\":\"https:\/\/www.metagal.com.br\/blog\/#website\",\"url\":\"https:\/\/www.metagal.com.br\/blog\/\",\"name\":\"Blog Metagal\",\"description\":\"Metagal | L\u00edder no desenvolvimento e produ\u00e7\u00e3o de espelhos retrovisores\",\"publisher\":{\"@id\":\"https:\/\/www.metagal.com.br\/blog\/#organization\"},\"potentialAction\":[{\"@type\":\"SearchAction\",\"target\":{\"@type\":\"EntryPoint\",\"urlTemplate\":\"https:\/\/www.metagal.com.br\/blog\/?s={search_term_string}\"},\"query-input\":{\"@type\":\"PropertyValueSpecification\",\"valueRequired\":true,\"valueName\":\"search_term_string\"}}],\"inLanguage\":\"pt-BR\"},{\"@type\":\"Organization\",\"@id\":\"https:\/\/www.metagal.com.br\/blog\/#organization\",\"name\":\"Metagal - L\u00edder em Desenvolvimento e Produ\u00e7\u00e3o de Espelhos Retrovisores\",\"url\":\"https:\/\/www.metagal.com.br\/blog\/\",\"logo\":{\"@type\":\"ImageObject\",\"inLanguage\":\"pt-BR\",\"@id\":\"https:\/\/www.metagal.com.br\/blog\/#\/schema\/logo\/image\/\",\"url\":\"https:\/\/www.metagal.com.br\/blog\/wp-content\/uploads\/2018\/11\/Favicon.png\",\"contentUrl\":\"https:\/\/www.metagal.com.br\/blog\/wp-content\/uploads\/2018\/11\/Favicon.png\",\"width\":100,\"height\":100,\"caption\":\"Metagal - L\u00edder em Desenvolvimento e Produ\u00e7\u00e3o de Espelhos Retrovisores\"},\"image\":{\"@id\":\"https:\/\/www.metagal.com.br\/blog\/#\/schema\/logo\/image\/\"}},{\"@type\":\"Person\",\"@id\":\"https:\/\/www.metagal.com.br\/blog\/#\/schema\/person\/86708538b26ec57abb56975e5bc3f3bf\",\"name\":\"Metagal\",\"image\":{\"@type\":\"ImageObject\",\"inLanguage\":\"pt-BR\",\"@id\":\"https:\/\/www.metagal.com.br\/blog\/#\/schema\/person\/image\/\",\"url\":\"https:\/\/secure.gravatar.com\/avatar\/5b99f1b1706488192643fded2a661508?s=96&d=mm&r=g\",\"contentUrl\":\"https:\/\/secure.gravatar.com\/avatar\/5b99f1b1706488192643fded2a661508?s=96&d=mm&r=g\",\"caption\":\"Metagal\"},\"url\":\"https:\/\/www.metagal.com.br\/blog\/autor\/layerup\/\"}]}<\/script>\n<!-- \/ Yoast SEO plugin. -->","yoast_head_json":{"title":"Renova\u00e7\u00e3o de Frota: poss\u00edvel sa\u00edda contra os efeitos da pandemia","description":"Um dos mais antigos pedidos da ind\u00fastria automotiva pode finalmente se concretizar. Saiba mais sobre a renova\u00e7\u00e3o de frota em nosso blog.","robots":{"index":"index","follow":"follow","max-snippet":"max-snippet:-1","max-image-preview":"max-image-preview:large","max-video-preview":"max-video-preview:-1"},"canonical":"https:\/\/www.metagal.com.br\/blog\/renovacao-de-frota\/","og_locale":"pt_BR","og_type":"article","og_title":"Renova\u00e7\u00e3o de Frota: poss\u00edvel sa\u00edda contra os efeitos da pandemia","og_description":"Um dos mais antigos pedidos da ind\u00fastria automotiva pode finalmente se concretizar. Saiba mais sobre a renova\u00e7\u00e3o de frota em nosso blog.","og_url":"https:\/\/www.metagal.com.br\/blog\/renovacao-de-frota\/","og_site_name":"Blog Metagal","article_published_time":"2020-10-26T16:47:23+00:00","article_modified_time":"2020-11-18T14:23:28+00:00","og_image":[{"width":1200,"height":628,"url":"https:\/\/www.metagal.com.br\/blog\/wp-content\/uploads\/2020\/10\/postlink-metagal-17.11.png","type":"image\/png"}],"author":"Metagal","twitter_card":"summary_large_image","twitter_misc":{"Escrito por":"Metagal","Est. tempo de leitura":"4 minutos"},"schema":{"@context":"https:\/\/schema.org","@graph":[{"@type":"Article","@id":"https:\/\/www.metagal.com.br\/blog\/renovacao-de-frota\/#article","isPartOf":{"@id":"https:\/\/www.metagal.com.br\/blog\/renovacao-de-frota\/"},"author":{"name":"Metagal","@id":"https:\/\/www.metagal.com.br\/blog\/#\/schema\/person\/86708538b26ec57abb56975e5bc3f3bf"},"headline":"Renova\u00e7\u00e3o de Frota: poss\u00edvel sa\u00edda contra os efeitos da pandemia","datePublished":"2020-10-26T16:47:23+00:00","dateModified":"2020-11-18T14:23:28+00:00","mainEntityOfPage":{"@id":"https:\/\/www.metagal.com.br\/blog\/renovacao-de-frota\/"},"wordCount":784,"commentCount":0,"publisher":{"@id":"https:\/\/www.metagal.com.br\/blog\/#organization"},"image":{"@id":"https:\/\/www.metagal.com.br\/blog\/renovacao-de-frota\/#primaryimage"},"thumbnailUrl":"https:\/\/www.metagal.com.br\/blog\/wp-content\/uploads\/2020\/10\/METAGAL_BP-header.jpg","keywords":["Renova\u00e7\u00e3o de frota","Ve\u00edculos pesados"],"articleSection":["Mercado"],"inLanguage":"pt-BR","potentialAction":[{"@type":"CommentAction","name":"Comment","target":["https:\/\/www.metagal.com.br\/blog\/renovacao-de-frota\/#respond"]}]},{"@type":"WebPage","@id":"https:\/\/www.metagal.com.br\/blog\/renovacao-de-frota\/","url":"https:\/\/www.metagal.com.br\/blog\/renovacao-de-frota\/","name":"Renova\u00e7\u00e3o de Frota: poss\u00edvel sa\u00edda contra os efeitos da pandemia","isPartOf":{"@id":"https:\/\/www.metagal.com.br\/blog\/#website"},"primaryImageOfPage":{"@id":"https:\/\/www.metagal.com.br\/blog\/renovacao-de-frota\/#primaryimage"},"image":{"@id":"https:\/\/www.metagal.com.br\/blog\/renovacao-de-frota\/#primaryimage"},"thumbnailUrl":"https:\/\/www.metagal.com.br\/blog\/wp-content\/uploads\/2020\/10\/METAGAL_BP-header.jpg","datePublished":"2020-10-26T16:47:23+00:00","dateModified":"2020-11-18T14:23:28+00:00","description":"Um dos mais antigos pedidos da ind\u00fastria automotiva pode finalmente se concretizar. Saiba mais sobre a renova\u00e7\u00e3o de frota em nosso blog.","breadcrumb":{"@id":"https:\/\/www.metagal.com.br\/blog\/renovacao-de-frota\/#breadcrumb"},"inLanguage":"pt-BR","potentialAction":[{"@type":"ReadAction","target":["https:\/\/www.metagal.com.br\/blog\/renovacao-de-frota\/"]}]},{"@type":"ImageObject","inLanguage":"pt-BR","@id":"https:\/\/www.metagal.com.br\/blog\/renovacao-de-frota\/#primaryimage","url":"https:\/\/www.metagal.com.br\/blog\/wp-content\/uploads\/2020\/10\/METAGAL_BP-header.jpg","contentUrl":"https:\/\/www.metagal.com.br\/blog\/wp-content\/uploads\/2020\/10\/METAGAL_BP-header.jpg","width":1920,"height":655,"caption":"Um dos mais antigos pedidos da ind\u00fastria automotiva pode finalmente se concretizar. Saiba mais sobre a renova\u00e7\u00e3o de frota em nosso blog."},{"@type":"BreadcrumbList","@id":"https:\/\/www.metagal.com.br\/blog\/renovacao-de-frota\/#breadcrumb","itemListElement":[{"@type":"ListItem","position":1,"name":"In\u00edcio","item":"https:\/\/www.metagal.com.br\/blog\/"},{"@type":"ListItem","position":2,"name":"Renova\u00e7\u00e3o de Frota: poss\u00edvel sa\u00edda contra os efeitos da pandemia"}]},{"@type":"WebSite","@id":"https:\/\/www.metagal.com.br\/blog\/#website","url":"https:\/\/www.metagal.com.br\/blog\/","name":"Blog Metagal","description":"Metagal | L\u00edder no desenvolvimento e produ\u00e7\u00e3o de espelhos retrovisores","publisher":{"@id":"https:\/\/www.metagal.com.br\/blog\/#organization"},"potentialAction":[{"@type":"SearchAction","target":{"@type":"EntryPoint","urlTemplate":"https:\/\/www.metagal.com.br\/blog\/?s={search_term_string}"},"query-input":{"@type":"PropertyValueSpecification","valueRequired":true,"valueName":"search_term_string"}}],"inLanguage":"pt-BR"},{"@type":"Organization","@id":"https:\/\/www.metagal.com.br\/blog\/#organization","name":"Metagal - L\u00edder em Desenvolvimento e Produ\u00e7\u00e3o de Espelhos Retrovisores","url":"https:\/\/www.metagal.com.br\/blog\/","logo":{"@type":"ImageObject","inLanguage":"pt-BR","@id":"https:\/\/www.metagal.com.br\/blog\/#\/schema\/logo\/image\/","url":"https:\/\/www.metagal.com.br\/blog\/wp-content\/uploads\/2018\/11\/Favicon.png","contentUrl":"https:\/\/www.metagal.com.br\/blog\/wp-content\/uploads\/2018\/11\/Favicon.png","width":100,"height":100,"caption":"Metagal - L\u00edder em Desenvolvimento e Produ\u00e7\u00e3o de Espelhos Retrovisores"},"image":{"@id":"https:\/\/www.metagal.com.br\/blog\/#\/schema\/logo\/image\/"}},{"@type":"Person","@id":"https:\/\/www.metagal.com.br\/blog\/#\/schema\/person\/86708538b26ec57abb56975e5bc3f3bf","name":"Metagal","image":{"@type":"ImageObject","inLanguage":"pt-BR","@id":"https:\/\/www.metagal.com.br\/blog\/#\/schema\/person\/image\/","url":"https:\/\/secure.gravatar.com\/avatar\/5b99f1b1706488192643fded2a661508?s=96&d=mm&r=g","contentUrl":"https:\/\/secure.gravatar.com\/avatar\/5b99f1b1706488192643fded2a661508?s=96&d=mm&r=g","caption":"Metagal"},"url":"https:\/\/www.metagal.com.br\/blog\/autor\/layerup\/"}]}},"_links":{"self":[{"href":"https:\/\/www.metagal.com.br\/blog\/wp-json\/wp\/v2\/posts\/4448","targetHints":{"allow":["GET"]}}],"collection":[{"href":"https:\/\/www.metagal.com.br\/blog\/wp-json\/wp\/v2\/posts"}],"about":[{"href":"https:\/\/www.metagal.com.br\/blog\/wp-json\/wp\/v2\/types\/post"}],"author":[{"embeddable":true,"href":"https:\/\/www.metagal.com.br\/blog\/wp-json\/wp\/v2\/users\/1"}],"replies":[{"embeddable":true,"href":"https:\/\/www.metagal.com.br\/blog\/wp-json\/wp\/v2\/comments?post=4448"}],"version-history":[{"count":1,"href":"https:\/\/www.metagal.com.br\/blog\/wp-json\/wp\/v2\/posts\/4448\/revisions"}],"predecessor-version":[{"id":4449,"href":"https:\/\/www.metagal.com.br\/blog\/wp-json\/wp\/v2\/posts\/4448\/revisions\/4449"}],"wp:featuredmedia":[{"embeddable":true,"href":"https:\/\/www.metagal.com.br\/blog\/wp-json\/wp\/v2\/media\/4458"}],"wp:attachment":[{"href":"https:\/\/www.metagal.com.br\/blog\/wp-json\/wp\/v2\/media?parent=4448"}],"wp:term":[{"taxonomy":"category","embeddable":true,"href":"https:\/\/www.metagal.com.br\/blog\/wp-json\/wp\/v2\/categories?post=4448"},{"taxonomy":"post_tag","embeddable":true,"href":"https:\/\/www.metagal.com.br\/blog\/wp-json\/wp\/v2\/tags?post=4448"}],"curies":[{"name":"wp","href":"https:\/\/api.w.org\/{rel}","templated":true}]}}