{"id":4515,"date":"2021-03-05T15:46:59","date_gmt":"2021-03-05T18:46:59","guid":{"rendered":"https:\/\/www.metagal.com.br\/blog\/?p=4515"},"modified":"2022-05-16T11:24:39","modified_gmt":"2022-05-16T14:24:39","slug":"mulheres-que-fizeram-a-diferenca-setor-automotivo","status":"publish","type":"post","link":"https:\/\/www.metagal.com.br\/blog\/mulheres-que-fizeram-a-diferenca-setor-automotivo\/","title":{"rendered":"Como a presen\u00e7a de mulheres na ind\u00fastria automotiva fez diferen\u00e7a no setor"},"content":{"rendered":"<p><span style=\"font-weight: 400;\">O <\/span><b>setor automotivo<\/b><span style=\"font-weight: 400;\"> \u00e9 predominantemente masculino. Mas al\u00e9m desse fato estar mudando, vale ressaltar <\/span><b>o papel das mulheres na ind\u00fastria automotiva.<\/b><\/p>\n<p><span style=\"font-weight: 400;\">Em meio a tantos desafios, desigualdades e preconceitos, <\/span><b>a presen\u00e7a das mulheres na ind\u00fastria automotiva \u00e9 cada vez mais marcante.\u00a0<\/b><\/p>\n<p><a href=\"https:\/\/www.metagal.com.br\/blog\/a-igualdade-de-generos-no-setor-autuomotivo\/?utm_medium=blogpost&amp;utm_source=site&amp;utm_campaign=presenca-mulheres-na-industria-automotiva&amp;utm_content=hiperlink\"><span style=\"font-weight: 400;\">Elas t\u00eam ocupado <\/span><b>cargos importantes de lideran\u00e7a<\/b><span style=\"font-weight: 400;\"> e desenvolvido <\/span><b>projetos que beneficiam todo o setor<\/b><\/a><span style=\"font-weight: 400;\"> \u2013 tudo isso sendo ainda bem jovens.<\/span><\/p>\n<p><span style=\"font-weight: 400;\">E mesmo assim, <\/span><b>como muitos setores do mercado<\/b><span style=\"font-weight: 400;\">, as mulheres ainda enfrentam <\/span><b>dificuldades de igualdade<\/b><span style=\"font-weight: 400;\">.\u00a0<\/span><\/p>\n<p><span style=\"font-weight: 400;\">De acordo com o<\/span><a href=\"https:\/\/abinteligencia.com.br\/especial-diversidade-no-setor-automotivo-ab-e-mhd-consultoria\/\" target=\"_blank\" rel=\"noopener\"> <span style=\"font-weight: 400;\">estudo Diversidade no Setor Automotivo<\/span><\/a><span style=\"font-weight: 400;\">, realizado pela Automotive Business em parceria com a MHD Consultoria, <\/span><b>o sal\u00e1rio das mulheres na ind\u00fastria automotiva<\/b><b> \u00e9 23% inferior ao dos homens<\/b><span style=\"font-weight: 400;\">.<\/span><\/p>\n<p><span style=\"font-weight: 400;\">Quando os sal\u00e1rios dos l\u00edderes s\u00e3o comparados, a diferen\u00e7a \u00e9 ainda maior: <\/span><b>homens em cargos de lideran\u00e7a recebem 34% a mais que as mulheres<\/b> <span style=\"font-weight: 400;\">\u2014 levando em considera\u00e7\u00e3o que os cargos e as fun\u00e7\u00f5es s\u00e3o as mesmas.<\/span><\/p>\n<p><span style=\"font-weight: 400;\">Al\u00e9m disso, <\/span><b>72% dos ve\u00edculos que s\u00e3o vendidos t\u00eam influ\u00eancia de mulheres na ind\u00fastria automotiva<\/b><span style=\"font-weight: 400;\">. Por\u00e9m apenas 37% das vendas de autom\u00f3veis s\u00e3o destinadas ao p\u00fablico feminino.\u00a0<\/span><\/p>\n<p><span style=\"font-weight: 400;\">Se hoje, em pleno <\/span><b>s\u00e9culo XXI<\/b><span style=\"font-weight: 400;\">, ainda existem essas <\/span><span style=\"font-weight: 400;\">barreiras<\/span><span style=\"font-weight: 400;\">, imagine h\u00e1 50 ou 100 anos?<\/span><\/p>\n<p><span style=\"font-weight: 400;\">No entanto,<\/span><b> desde sempre as mulheres na ind\u00fastria automotiva s\u00e3o s\u00edmbolo de for\u00e7a e resist\u00eancia<\/b><span style=\"font-weight: 400;\">. Elas fizeram hist\u00f3ria neste setor e, por isso, <\/span><a href=\"https:\/\/www.metagal.com.br\/blog\/diversidade-nas-empresas-por-que-e-importante\/?utm_medium=blogpost&amp;utm_source=site&amp;utm_campaign=presenca-mulheres-na-industria-automotiva&amp;utm_content=hiperlink\"><span style=\"font-weight: 400;\">merecem o devido reconhecimento.<\/span><\/a><\/p>\n<h2><b>Mulheres na ind\u00fastria automotiva que marcaram o setor\u00a0<\/b><\/h2>\n<p><span style=\"font-weight: 400;\">Conhe\u00e7a algumas mulheres que revolucionaram o setor automotivo:<\/span><\/p>\n<h3><b>Bertha Benz<\/b><\/h3>\n<p><span style=\"font-weight: 400;\">Em 1888, a esposa do engenheiro Karl Benz, sem a autoriza\u00e7\u00e3o do marido, fez a <\/span><b>primeira viagem de longa dist\u00e2ncia com ve\u00edculo motorizado<\/b><span style=\"font-weight: 400;\">.<\/span><\/p>\n<p><span style=\"font-weight: 400;\">Bertha<\/span><span style=\"font-weight: 400;\"> \u2013 junto aos seus dois filhos \u2013<\/span> <b>percorreu cerca de 104 quil\u00f4metros<\/b><span style=\"font-weight: 400;\"> entre as cidades de Mannheim e Pforzheim, na Alemanha.\u00a0<\/span><\/p>\n<p><span style=\"font-weight: 400;\">A viagem serviu para ela visitar a m\u00e3e e, claro, <\/span><b>mostrar a cria\u00e7\u00e3o<\/b><span style=\"font-weight: 400;\"> do marido.<\/span><span style=\"font-weight: 400;\">\u00a0<\/span><\/p>\n<h3><b>Mary Anderson<\/b><\/h3>\n<p><span style=\"font-weight: 400;\">Mary foi uma das mulheres na ind\u00fastria automotiva que fez hist\u00f3ria e trouxe o come\u00e7o dos avan\u00e7os nos autom\u00f3veis.<\/span><\/p>\n<p><span style=\"font-weight: 400;\">Por meio de uma experi\u00eancia pr\u00f3pria, ela foi capaz de desenvolver o que conhecemos hoje como <\/span><b>limpador de para-brisas<\/b><span style=\"font-weight: 400;\">.<\/span><\/p>\n<p><span style=\"font-weight: 400;\">Em 1902, a empres\u00e1ria do ramo da constru\u00e7\u00e3o civil estava a caminho de Nova Iorque e<\/span><b> percebeu a quantidade de vezes em que o motorista precisou parar para limpar o p\u00e1ra-brisa por causa da chuva.\u00a0<\/b><\/p>\n<p><span style=\"font-weight: 400;\">Pensando em como resolver esse problema, <\/span><b>ela teve a ideia criar um bra\u00e7o met\u00e1lico revestido por uma borracha resistente<\/b><span style=\"font-weight: 400;\">, com um dispositivo que o movia a partir do interior do carro para limpar o vidro.<\/span><\/p>\n<h3><b>Florence Lawrence<\/b><\/h3>\n<p><span style=\"font-weight: 400;\">Florence Lawrence era <\/span><b>atriz de cinema<\/b><span style=\"font-weight: 400;\">. Al\u00e9m de se dedicar \u00e0 arte, ela tamb\u00e9m era uma das mulheres na ind\u00fastria automotiva,<\/span><b> inventando itens para os ve\u00edculos<\/b><span style=\"font-weight: 400;\">.<\/span><\/p>\n<p><span style=\"font-weight: 400;\">Em 1914,\u00a0 ela inventou as<\/span><b> luzes indicadoras de dire\u00e7\u00e3o \u2013 ou seja, as luzes da seta<\/b><span style=\"font-weight: 400;\">.<\/span><\/p>\n<p><span style=\"font-weight: 400;\">Na \u00e9poca, esse item era um <\/span><b>\u201cbra\u00e7o sinalizador autom\u00e1tico\u201d<\/b><span style=\"font-weight: 400;\">, que ficava no para-lamas traseiro e levantava ou abaixava sempre que o motorista apertava um bot\u00e3o.\u00a0<\/span><\/p>\n<h3><b>Helena Rother<\/b><\/h3>\n<p><span style=\"font-weight: 400;\">Foi a <\/span><b>primeira mulher a se tornar designer de autom\u00f3veis em uma grande montadora<\/b><span style=\"font-weight: 400;\"> \u2013 a General Motors \u2013 em 1943.\u00a0<\/span><\/p>\n<p><span style=\"font-weight: 400;\">Nesta \u00e9poca, <\/span><b>era raridade mulheres ocuparem cargos importantes em grandes empresas<\/b><span style=\"font-weight: 400;\">. Helena foi respons\u00e1vel por abrir as portas das montadoras para outras mulheres.<\/span><\/p>\n<h2><b>Atualidade: grandes mulheres na ind\u00fastria automotiva nos dias de hoje<\/b><\/h2>\n<p><span style=\"font-weight: 400;\">Hoje, as mulheres na ind\u00fastria automotiva<\/span><b> marcam presen\u00e7a<\/b><span style=\"font-weight: 400;\"> em diversas \u00e1reas estrat\u00e9gicas, de cria\u00e7\u00e3o e <\/span><span style=\"font-weight: 400;\">de<\/span><span style=\"font-weight: 400;\"> lideran\u00e7a. <\/span><b>Conhe\u00e7a algumas<\/b><span style=\"font-weight: 400;\"> que, atualmente, est\u00e3o marcando a <\/span><b>hist\u00f3ria<\/b><span style=\"font-weight: 400;\"> nas grandes montadoras.<\/span><\/p>\n<h3><b>Danica Patrick<\/b><\/h3>\n<p><span style=\"font-weight: 400;\">Danica \u00e9 <\/span><b>a mulher mais bem-sucedida do automobilismo<\/b><span style=\"font-weight: 400;\">. A norte-americana \u00e9 piloto da <\/span><b>National Association for Stock Car Auto Racing (Nascar)<\/b><span style=\"font-weight: 400;\"> e \u00e9 a primeira mulher a conquistar a pole position na associa\u00e7\u00e3o.<\/span><\/p>\n<p><span style=\"font-weight: 400;\">Em 2008<\/span><span style=\"font-weight: 400;\">, foi a <\/span><b>primeira mulher a vencer uma corrida na F\u00f3rmula Indy <\/b><span style=\"font-weight: 400;\">e, em 2009, ocupou o terceiro lugar no p\u00f3dio da corrida das 500 Milhas de Indian\u00e1polis.<\/span><\/p>\n<h3><b>Mary Barra<\/b><\/h3>\n<p><span style=\"font-weight: 400;\">Desde de 2014, Mary Barra \u00e9<\/span><b> CEO Global da General Motors<\/b><span style=\"font-weight: 400;\"> (Chevrolet) e \u00e9 a <\/span><b>primeira mulher do mundo a se tornar presidente de uma grande montadora<\/b><span style=\"font-weight: 400;\">.<\/span><\/p>\n<p><span style=\"font-weight: 400;\">Sua hist\u00f3ria na empresa j\u00e1 tem quase duas d\u00e9cadas e, devido ao seu sucesso, em abril de 2014, foi destaque na capa da Time, que a colocou entre as <\/span><b>\u201c100 Pessoas Mais Influentes do Mundo\u201d.<\/b><\/p>\n<h3><b>Tisha Johnson<\/b><\/h3>\n<p><span style=\"font-weight: 400;\">Esse \u00e9 o nome da pessoa <\/span><b>respons\u00e1vel pelos desenhos interiores do S90 e V90<\/b><span style=\"font-weight: 400;\">, da Volvo: Tisha Johnson.<\/span><\/p>\n<p><span style=\"font-weight: 400;\">Ela \u00e9 <\/span><b>designer chefe dos interiores da sueca Volvo<\/b><span style=\"font-weight: 400;\"> e tamb\u00e9m \u00e9 uma das <\/span><b>criadoras do conceito aut\u00f4nomo 360c<\/b><span style=\"font-weight: 400;\">, um carro totalmente el\u00e9trico, aut\u00f4nomo e sem motorista.<\/span><\/p>\n<p><span style=\"font-weight: 400;\">Esse modelo altera a posi\u00e7\u00e3o tradicional dos passageiros em filas de dois ou tr\u00eas para <\/span><b>tornar o espa\u00e7o c\u00f4modo em longas viagens.<\/b><\/p>\n<p><span style=\"font-weight: 400;\">Tisha \u00e9 apenas uma das mulheres na ind\u00fastria automotiva que <\/span><b>entraram para a hist\u00f3ria<\/b><span style=\"font-weight: 400;\">. Elas seguem construindo caminhos, abrindo portas e participando ativamente em todos os processos de evolu\u00e7\u00e3o do setor.<\/span><\/p>\n<h3><b>Ana Theresa Borsari<\/b><\/h3>\n<p><span style=\"font-weight: 400;\">Foi a<\/span><b> primeira mulher a comandar uma opera\u00e7\u00e3o da Peugeot no mundo. <\/b><span style=\"font-weight: 400;\">Ela operou como Diretora Geral da Peugeot Citro\u00ebn, na Eslov\u00eania.<\/span><\/p>\n<p><span style=\"font-weight: 400;\">Ela \u00e9 <\/span><span style=\"font-weight: 400;\">advogada formada pela USP e <\/span><b>iniciou sua carreira na Peugeot do Brasil<\/b><span style=\"font-weight: 400;\"> em 1995, passando por v\u00e1rios postos na dire\u00e7\u00e3o do pa\u00eds: atendimento ao consumidor, CRM, desenvolvimento de redes e marketing.\u00a0<\/span><\/p>\n<p><span style=\"font-weight: 400;\">A partir disso, p\u00f4de iniciar a <\/span><b>carreira internacional<\/b><span style=\"font-weight: 400;\"> como respons\u00e1vel pela coordena\u00e7\u00e3o comercial da Peugeot no sul da Europa.\u00a0<\/span><\/p>\n<p><span style=\"font-weight: 400;\">Em seguida, <\/span><b>dirigiu a Peugeot no sudoeste da Fran\u00e7a<\/b><span style=\"font-weight: 400;\">, liderando a marca em uma regi\u00e3o que conta com mais de 150 concession\u00e1rias.<\/span><\/p>\n<p><span style=\"font-weight: 400;\">Em outubro de 2015, voltou ao Brasil para ser <\/span><b>a primeira brasileira a assumir a Dire\u00e7\u00e3o Geral da empresa.<\/b><\/p>\n<p style=\"text-align: center;\"><span style=\"font-weight: 400;\">*<\/span><\/p>\n<p><span style=\"font-weight: 400;\">A Metagal, l\u00edder no mercado de espelhos retrovisores, sistemas de retrovis\u00e3o e no desenvolvimento de c\u00e2meras para monitoramento veicular, \u00e9 um exemplo da constante busca por inova\u00e7\u00e3o. H\u00e1 mais de 50 anos no setor, a empresa investe pesado em pesquisas, capacita\u00e7\u00e3o de seus profissionais e novas tecnologias.<\/span><\/p>\n","protected":false},"excerpt":{"rendered":"<p>Ao longo da hist\u00f3ria, as mulheres t\u00eam marcado presen\u00e7a no setor automotivo. Conhe\u00e7a algumas personalidades da hist\u00f3ria e da atualidade.<\/p>\n","protected":false},"author":1,"featured_media":4516,"comment_status":"open","ping_status":"open","sticky":false,"template":"","format":"standard","meta":{"footnotes":""},"categories":[113],"tags":[232,333,413,246],"class_list":["post-4515","post","type-post","status-publish","format-standard","has-post-thumbnail","hentry","category-mercado","tag-acessorios-automotivos","tag-evolucao-automobilistica","tag-mulheres-na-industria","tag-setor-automotivo"],"yoast_head":"<!-- This site is optimized with the Yoast SEO plugin v25.9 - https:\/\/yoast.com\/wordpress\/plugins\/seo\/ -->\n<title>Mulheres na ind\u00fastria: mudan\u00e7as que elas trouxeram no setor automotivo<\/title>\n<meta name=\"description\" content=\"As mulheres na ind\u00fastria automotiva marcaram presen\u00e7a ao longo da hist\u00f3ria. Conhe\u00e7a algumas personalidades e os seus feitos.\" \/>\n<meta name=\"robots\" content=\"index, follow, max-snippet:-1, max-image-preview:large, max-video-preview:-1\" \/>\n<link rel=\"canonical\" href=\"https:\/\/www.metagal.com.br\/blog\/mulheres-que-fizeram-a-diferenca-setor-automotivo\/\" \/>\n<meta property=\"og:locale\" content=\"pt_BR\" \/>\n<meta property=\"og:type\" content=\"article\" \/>\n<meta property=\"og:title\" content=\"Mulheres na ind\u00fastria: mudan\u00e7as que elas trouxeram no setor automotivo\" \/>\n<meta property=\"og:description\" content=\"As mulheres na ind\u00fastria automotiva marcaram presen\u00e7a ao longo da hist\u00f3ria. Conhe\u00e7a algumas personalidades e os seus feitos.\" \/>\n<meta property=\"og:url\" content=\"https:\/\/www.metagal.com.br\/blog\/mulheres-que-fizeram-a-diferenca-setor-automotivo\/\" \/>\n<meta property=\"og:site_name\" content=\"Blog Metagal\" \/>\n<meta property=\"article:published_time\" content=\"2021-03-05T18:46:59+00:00\" \/>\n<meta property=\"article:modified_time\" content=\"2022-05-16T14:24:39+00:00\" \/>\n<meta property=\"og:image\" content=\"https:\/\/www.metagal.com.br\/blog\/wp-content\/uploads\/2021\/03\/METAGAL_-header-1-Setor-automotivo-conheca-as-mulheres-que-fizeram-a-diferenca-.png\" \/>\n\t<meta property=\"og:image:width\" content=\"1920\" \/>\n\t<meta property=\"og:image:height\" content=\"655\" \/>\n\t<meta property=\"og:image:type\" content=\"image\/png\" \/>\n<meta name=\"author\" content=\"Metagal\" \/>\n<meta name=\"twitter:card\" content=\"summary_large_image\" \/>\n<meta name=\"twitter:label1\" content=\"Escrito por\" \/>\n\t<meta name=\"twitter:data1\" content=\"Metagal\" \/>\n\t<meta name=\"twitter:label2\" content=\"Est. tempo de leitura\" \/>\n\t<meta name=\"twitter:data2\" content=\"5 minutos\" \/>\n<script type=\"application\/ld+json\" class=\"yoast-schema-graph\">{\"@context\":\"https:\/\/schema.org\",\"@graph\":[{\"@type\":\"Article\",\"@id\":\"https:\/\/www.metagal.com.br\/blog\/mulheres-que-fizeram-a-diferenca-setor-automotivo\/#article\",\"isPartOf\":{\"@id\":\"https:\/\/www.metagal.com.br\/blog\/mulheres-que-fizeram-a-diferenca-setor-automotivo\/\"},\"author\":{\"name\":\"Metagal\",\"@id\":\"https:\/\/www.metagal.com.br\/blog\/#\/schema\/person\/86708538b26ec57abb56975e5bc3f3bf\"},\"headline\":\"Como a presen\u00e7a de mulheres na ind\u00fastria automotiva fez diferen\u00e7a no setor\",\"datePublished\":\"2021-03-05T18:46:59+00:00\",\"dateModified\":\"2022-05-16T14:24:39+00:00\",\"mainEntityOfPage\":{\"@id\":\"https:\/\/www.metagal.com.br\/blog\/mulheres-que-fizeram-a-diferenca-setor-automotivo\/\"},\"wordCount\":1030,\"commentCount\":0,\"publisher\":{\"@id\":\"https:\/\/www.metagal.com.br\/blog\/#organization\"},\"image\":{\"@id\":\"https:\/\/www.metagal.com.br\/blog\/mulheres-que-fizeram-a-diferenca-setor-automotivo\/#primaryimage\"},\"thumbnailUrl\":\"https:\/\/www.metagal.com.br\/blog\/wp-content\/uploads\/2021\/03\/METAGAL_-header-1-Setor-automotivo-conheca-as-mulheres-que-fizeram-a-diferenca-.png\",\"keywords\":[\"acess\u00f3rios automotivos\",\"evolu\u00e7\u00e3o automobil\u00edstica\",\"Mulheres na ind\u00fastria\",\"setor automotivo\"],\"articleSection\":[\"Mercado\"],\"inLanguage\":\"pt-BR\",\"potentialAction\":[{\"@type\":\"CommentAction\",\"name\":\"Comment\",\"target\":[\"https:\/\/www.metagal.com.br\/blog\/mulheres-que-fizeram-a-diferenca-setor-automotivo\/#respond\"]}]},{\"@type\":\"WebPage\",\"@id\":\"https:\/\/www.metagal.com.br\/blog\/mulheres-que-fizeram-a-diferenca-setor-automotivo\/\",\"url\":\"https:\/\/www.metagal.com.br\/blog\/mulheres-que-fizeram-a-diferenca-setor-automotivo\/\",\"name\":\"Mulheres na ind\u00fastria: mudan\u00e7as que elas trouxeram no setor automotivo\",\"isPartOf\":{\"@id\":\"https:\/\/www.metagal.com.br\/blog\/#website\"},\"primaryImageOfPage\":{\"@id\":\"https:\/\/www.metagal.com.br\/blog\/mulheres-que-fizeram-a-diferenca-setor-automotivo\/#primaryimage\"},\"image\":{\"@id\":\"https:\/\/www.metagal.com.br\/blog\/mulheres-que-fizeram-a-diferenca-setor-automotivo\/#primaryimage\"},\"thumbnailUrl\":\"https:\/\/www.metagal.com.br\/blog\/wp-content\/uploads\/2021\/03\/METAGAL_-header-1-Setor-automotivo-conheca-as-mulheres-que-fizeram-a-diferenca-.png\",\"datePublished\":\"2021-03-05T18:46:59+00:00\",\"dateModified\":\"2022-05-16T14:24:39+00:00\",\"description\":\"As mulheres na ind\u00fastria automotiva marcaram presen\u00e7a ao longo da hist\u00f3ria. Conhe\u00e7a algumas personalidades e os seus feitos.\",\"breadcrumb\":{\"@id\":\"https:\/\/www.metagal.com.br\/blog\/mulheres-que-fizeram-a-diferenca-setor-automotivo\/#breadcrumb\"},\"inLanguage\":\"pt-BR\",\"potentialAction\":[{\"@type\":\"ReadAction\",\"target\":[\"https:\/\/www.metagal.com.br\/blog\/mulheres-que-fizeram-a-diferenca-setor-automotivo\/\"]}]},{\"@type\":\"ImageObject\",\"inLanguage\":\"pt-BR\",\"@id\":\"https:\/\/www.metagal.com.br\/blog\/mulheres-que-fizeram-a-diferenca-setor-automotivo\/#primaryimage\",\"url\":\"https:\/\/www.metagal.com.br\/blog\/wp-content\/uploads\/2021\/03\/METAGAL_-header-1-Setor-automotivo-conheca-as-mulheres-que-fizeram-a-diferenca-.png\",\"contentUrl\":\"https:\/\/www.metagal.com.br\/blog\/wp-content\/uploads\/2021\/03\/METAGAL_-header-1-Setor-automotivo-conheca-as-mulheres-que-fizeram-a-diferenca-.png\",\"width\":1920,\"height\":655,\"caption\":\"Setor automotivo: conhe\u00e7a as mulheres que fizeram a diferen\u00e7a\"},{\"@type\":\"BreadcrumbList\",\"@id\":\"https:\/\/www.metagal.com.br\/blog\/mulheres-que-fizeram-a-diferenca-setor-automotivo\/#breadcrumb\",\"itemListElement\":[{\"@type\":\"ListItem\",\"position\":1,\"name\":\"In\u00edcio\",\"item\":\"https:\/\/www.metagal.com.br\/blog\/\"},{\"@type\":\"ListItem\",\"position\":2,\"name\":\"Como a presen\u00e7a de mulheres na ind\u00fastria automotiva fez diferen\u00e7a no setor\"}]},{\"@type\":\"WebSite\",\"@id\":\"https:\/\/www.metagal.com.br\/blog\/#website\",\"url\":\"https:\/\/www.metagal.com.br\/blog\/\",\"name\":\"Blog Metagal\",\"description\":\"Metagal | L\u00edder no desenvolvimento e produ\u00e7\u00e3o de espelhos retrovisores\",\"publisher\":{\"@id\":\"https:\/\/www.metagal.com.br\/blog\/#organization\"},\"potentialAction\":[{\"@type\":\"SearchAction\",\"target\":{\"@type\":\"EntryPoint\",\"urlTemplate\":\"https:\/\/www.metagal.com.br\/blog\/?s={search_term_string}\"},\"query-input\":{\"@type\":\"PropertyValueSpecification\",\"valueRequired\":true,\"valueName\":\"search_term_string\"}}],\"inLanguage\":\"pt-BR\"},{\"@type\":\"Organization\",\"@id\":\"https:\/\/www.metagal.com.br\/blog\/#organization\",\"name\":\"Metagal - L\u00edder em Desenvolvimento e Produ\u00e7\u00e3o de Espelhos Retrovisores\",\"url\":\"https:\/\/www.metagal.com.br\/blog\/\",\"logo\":{\"@type\":\"ImageObject\",\"inLanguage\":\"pt-BR\",\"@id\":\"https:\/\/www.metagal.com.br\/blog\/#\/schema\/logo\/image\/\",\"url\":\"https:\/\/www.metagal.com.br\/blog\/wp-content\/uploads\/2018\/11\/Favicon.png\",\"contentUrl\":\"https:\/\/www.metagal.com.br\/blog\/wp-content\/uploads\/2018\/11\/Favicon.png\",\"width\":100,\"height\":100,\"caption\":\"Metagal - L\u00edder em Desenvolvimento e Produ\u00e7\u00e3o de Espelhos Retrovisores\"},\"image\":{\"@id\":\"https:\/\/www.metagal.com.br\/blog\/#\/schema\/logo\/image\/\"}},{\"@type\":\"Person\",\"@id\":\"https:\/\/www.metagal.com.br\/blog\/#\/schema\/person\/86708538b26ec57abb56975e5bc3f3bf\",\"name\":\"Metagal\",\"image\":{\"@type\":\"ImageObject\",\"inLanguage\":\"pt-BR\",\"@id\":\"https:\/\/www.metagal.com.br\/blog\/#\/schema\/person\/image\/\",\"url\":\"https:\/\/secure.gravatar.com\/avatar\/5b99f1b1706488192643fded2a661508?s=96&d=mm&r=g\",\"contentUrl\":\"https:\/\/secure.gravatar.com\/avatar\/5b99f1b1706488192643fded2a661508?s=96&d=mm&r=g\",\"caption\":\"Metagal\"},\"url\":\"https:\/\/www.metagal.com.br\/blog\/autor\/layerup\/\"}]}<\/script>\n<!-- \/ Yoast SEO plugin. -->","yoast_head_json":{"title":"Mulheres na ind\u00fastria: mudan\u00e7as que elas trouxeram no setor automotivo","description":"As mulheres na ind\u00fastria automotiva marcaram presen\u00e7a ao longo da hist\u00f3ria. Conhe\u00e7a algumas personalidades e os seus feitos.","robots":{"index":"index","follow":"follow","max-snippet":"max-snippet:-1","max-image-preview":"max-image-preview:large","max-video-preview":"max-video-preview:-1"},"canonical":"https:\/\/www.metagal.com.br\/blog\/mulheres-que-fizeram-a-diferenca-setor-automotivo\/","og_locale":"pt_BR","og_type":"article","og_title":"Mulheres na ind\u00fastria: mudan\u00e7as que elas trouxeram no setor automotivo","og_description":"As mulheres na ind\u00fastria automotiva marcaram presen\u00e7a ao longo da hist\u00f3ria. Conhe\u00e7a algumas personalidades e os seus feitos.","og_url":"https:\/\/www.metagal.com.br\/blog\/mulheres-que-fizeram-a-diferenca-setor-automotivo\/","og_site_name":"Blog Metagal","article_published_time":"2021-03-05T18:46:59+00:00","article_modified_time":"2022-05-16T14:24:39+00:00","og_image":[{"width":1920,"height":655,"url":"https:\/\/www.metagal.com.br\/blog\/wp-content\/uploads\/2021\/03\/METAGAL_-header-1-Setor-automotivo-conheca-as-mulheres-que-fizeram-a-diferenca-.png","type":"image\/png"}],"author":"Metagal","twitter_card":"summary_large_image","twitter_misc":{"Escrito por":"Metagal","Est. tempo de leitura":"5 minutos"},"schema":{"@context":"https:\/\/schema.org","@graph":[{"@type":"Article","@id":"https:\/\/www.metagal.com.br\/blog\/mulheres-que-fizeram-a-diferenca-setor-automotivo\/#article","isPartOf":{"@id":"https:\/\/www.metagal.com.br\/blog\/mulheres-que-fizeram-a-diferenca-setor-automotivo\/"},"author":{"name":"Metagal","@id":"https:\/\/www.metagal.com.br\/blog\/#\/schema\/person\/86708538b26ec57abb56975e5bc3f3bf"},"headline":"Como a presen\u00e7a de mulheres na ind\u00fastria automotiva fez diferen\u00e7a no setor","datePublished":"2021-03-05T18:46:59+00:00","dateModified":"2022-05-16T14:24:39+00:00","mainEntityOfPage":{"@id":"https:\/\/www.metagal.com.br\/blog\/mulheres-que-fizeram-a-diferenca-setor-automotivo\/"},"wordCount":1030,"commentCount":0,"publisher":{"@id":"https:\/\/www.metagal.com.br\/blog\/#organization"},"image":{"@id":"https:\/\/www.metagal.com.br\/blog\/mulheres-que-fizeram-a-diferenca-setor-automotivo\/#primaryimage"},"thumbnailUrl":"https:\/\/www.metagal.com.br\/blog\/wp-content\/uploads\/2021\/03\/METAGAL_-header-1-Setor-automotivo-conheca-as-mulheres-que-fizeram-a-diferenca-.png","keywords":["acess\u00f3rios automotivos","evolu\u00e7\u00e3o automobil\u00edstica","Mulheres na ind\u00fastria","setor automotivo"],"articleSection":["Mercado"],"inLanguage":"pt-BR","potentialAction":[{"@type":"CommentAction","name":"Comment","target":["https:\/\/www.metagal.com.br\/blog\/mulheres-que-fizeram-a-diferenca-setor-automotivo\/#respond"]}]},{"@type":"WebPage","@id":"https:\/\/www.metagal.com.br\/blog\/mulheres-que-fizeram-a-diferenca-setor-automotivo\/","url":"https:\/\/www.metagal.com.br\/blog\/mulheres-que-fizeram-a-diferenca-setor-automotivo\/","name":"Mulheres na ind\u00fastria: mudan\u00e7as que elas trouxeram no setor automotivo","isPartOf":{"@id":"https:\/\/www.metagal.com.br\/blog\/#website"},"primaryImageOfPage":{"@id":"https:\/\/www.metagal.com.br\/blog\/mulheres-que-fizeram-a-diferenca-setor-automotivo\/#primaryimage"},"image":{"@id":"https:\/\/www.metagal.com.br\/blog\/mulheres-que-fizeram-a-diferenca-setor-automotivo\/#primaryimage"},"thumbnailUrl":"https:\/\/www.metagal.com.br\/blog\/wp-content\/uploads\/2021\/03\/METAGAL_-header-1-Setor-automotivo-conheca-as-mulheres-que-fizeram-a-diferenca-.png","datePublished":"2021-03-05T18:46:59+00:00","dateModified":"2022-05-16T14:24:39+00:00","description":"As mulheres na ind\u00fastria automotiva marcaram presen\u00e7a ao longo da hist\u00f3ria. Conhe\u00e7a algumas personalidades e os seus feitos.","breadcrumb":{"@id":"https:\/\/www.metagal.com.br\/blog\/mulheres-que-fizeram-a-diferenca-setor-automotivo\/#breadcrumb"},"inLanguage":"pt-BR","potentialAction":[{"@type":"ReadAction","target":["https:\/\/www.metagal.com.br\/blog\/mulheres-que-fizeram-a-diferenca-setor-automotivo\/"]}]},{"@type":"ImageObject","inLanguage":"pt-BR","@id":"https:\/\/www.metagal.com.br\/blog\/mulheres-que-fizeram-a-diferenca-setor-automotivo\/#primaryimage","url":"https:\/\/www.metagal.com.br\/blog\/wp-content\/uploads\/2021\/03\/METAGAL_-header-1-Setor-automotivo-conheca-as-mulheres-que-fizeram-a-diferenca-.png","contentUrl":"https:\/\/www.metagal.com.br\/blog\/wp-content\/uploads\/2021\/03\/METAGAL_-header-1-Setor-automotivo-conheca-as-mulheres-que-fizeram-a-diferenca-.png","width":1920,"height":655,"caption":"Setor automotivo: conhe\u00e7a as mulheres que fizeram a diferen\u00e7a"},{"@type":"BreadcrumbList","@id":"https:\/\/www.metagal.com.br\/blog\/mulheres-que-fizeram-a-diferenca-setor-automotivo\/#breadcrumb","itemListElement":[{"@type":"ListItem","position":1,"name":"In\u00edcio","item":"https:\/\/www.metagal.com.br\/blog\/"},{"@type":"ListItem","position":2,"name":"Como a presen\u00e7a de mulheres na ind\u00fastria automotiva fez diferen\u00e7a no setor"}]},{"@type":"WebSite","@id":"https:\/\/www.metagal.com.br\/blog\/#website","url":"https:\/\/www.metagal.com.br\/blog\/","name":"Blog Metagal","description":"Metagal | L\u00edder no desenvolvimento e produ\u00e7\u00e3o de espelhos retrovisores","publisher":{"@id":"https:\/\/www.metagal.com.br\/blog\/#organization"},"potentialAction":[{"@type":"SearchAction","target":{"@type":"EntryPoint","urlTemplate":"https:\/\/www.metagal.com.br\/blog\/?s={search_term_string}"},"query-input":{"@type":"PropertyValueSpecification","valueRequired":true,"valueName":"search_term_string"}}],"inLanguage":"pt-BR"},{"@type":"Organization","@id":"https:\/\/www.metagal.com.br\/blog\/#organization","name":"Metagal - L\u00edder em Desenvolvimento e Produ\u00e7\u00e3o de Espelhos Retrovisores","url":"https:\/\/www.metagal.com.br\/blog\/","logo":{"@type":"ImageObject","inLanguage":"pt-BR","@id":"https:\/\/www.metagal.com.br\/blog\/#\/schema\/logo\/image\/","url":"https:\/\/www.metagal.com.br\/blog\/wp-content\/uploads\/2018\/11\/Favicon.png","contentUrl":"https:\/\/www.metagal.com.br\/blog\/wp-content\/uploads\/2018\/11\/Favicon.png","width":100,"height":100,"caption":"Metagal - L\u00edder em Desenvolvimento e Produ\u00e7\u00e3o de Espelhos Retrovisores"},"image":{"@id":"https:\/\/www.metagal.com.br\/blog\/#\/schema\/logo\/image\/"}},{"@type":"Person","@id":"https:\/\/www.metagal.com.br\/blog\/#\/schema\/person\/86708538b26ec57abb56975e5bc3f3bf","name":"Metagal","image":{"@type":"ImageObject","inLanguage":"pt-BR","@id":"https:\/\/www.metagal.com.br\/blog\/#\/schema\/person\/image\/","url":"https:\/\/secure.gravatar.com\/avatar\/5b99f1b1706488192643fded2a661508?s=96&d=mm&r=g","contentUrl":"https:\/\/secure.gravatar.com\/avatar\/5b99f1b1706488192643fded2a661508?s=96&d=mm&r=g","caption":"Metagal"},"url":"https:\/\/www.metagal.com.br\/blog\/autor\/layerup\/"}]}},"_links":{"self":[{"href":"https:\/\/www.metagal.com.br\/blog\/wp-json\/wp\/v2\/posts\/4515","targetHints":{"allow":["GET"]}}],"collection":[{"href":"https:\/\/www.metagal.com.br\/blog\/wp-json\/wp\/v2\/posts"}],"about":[{"href":"https:\/\/www.metagal.com.br\/blog\/wp-json\/wp\/v2\/types\/post"}],"author":[{"embeddable":true,"href":"https:\/\/www.metagal.com.br\/blog\/wp-json\/wp\/v2\/users\/1"}],"replies":[{"embeddable":true,"href":"https:\/\/www.metagal.com.br\/blog\/wp-json\/wp\/v2\/comments?post=4515"}],"version-history":[{"count":4,"href":"https:\/\/www.metagal.com.br\/blog\/wp-json\/wp\/v2\/posts\/4515\/revisions"}],"predecessor-version":[{"id":4719,"href":"https:\/\/www.metagal.com.br\/blog\/wp-json\/wp\/v2\/posts\/4515\/revisions\/4719"}],"wp:featuredmedia":[{"embeddable":true,"href":"https:\/\/www.metagal.com.br\/blog\/wp-json\/wp\/v2\/media\/4516"}],"wp:attachment":[{"href":"https:\/\/www.metagal.com.br\/blog\/wp-json\/wp\/v2\/media?parent=4515"}],"wp:term":[{"taxonomy":"category","embeddable":true,"href":"https:\/\/www.metagal.com.br\/blog\/wp-json\/wp\/v2\/categories?post=4515"},{"taxonomy":"post_tag","embeddable":true,"href":"https:\/\/www.metagal.com.br\/blog\/wp-json\/wp\/v2\/tags?post=4515"}],"curies":[{"name":"wp","href":"https:\/\/api.w.org\/{rel}","templated":true}]}}