{"id":4520,"date":"2021-03-17T16:59:56","date_gmt":"2021-03-17T19:59:56","guid":{"rendered":"https:\/\/www.metagal.com.br\/blog\/?p=4520"},"modified":"2021-03-17T16:59:56","modified_gmt":"2021-03-17T19:59:56","slug":"retrovisor-digital","status":"publish","type":"post","link":"https:\/\/www.metagal.com.br\/blog\/retrovisor-digital\/","title":{"rendered":"Autom\u00f3veis sem retrovisores: essa moda pega?"},"content":{"rendered":"<p><span style=\"font-weight: 400;\">\u00c9 um pouco estranho pensar em um <\/span><b>carro sem retrovisores<\/b><span style=\"font-weight: 400;\">, n\u00e3o acha? Al\u00e9m do estranhamento na est\u00e9tica, a seguran\u00e7a durante a condu\u00e7\u00e3o do ve\u00edculo tamb\u00e9m pode ser afetada.<\/span><\/p>\n<p><span style=\"font-weight: 400;\">Como estacionar? Como fazer uma mudan\u00e7a de faixa? Como ver o carro que est\u00e1 atr\u00e1s? Parece imposs\u00edvel pensar em dirigir sem este acess\u00f3rio. E talvez realmente seja.\u00a0<\/span><\/p>\n<p><span style=\"font-weight: 400;\">Mas calma, quando falamos sobre carros sem retrovisores, estamos nos referindo \u00e0 <\/span><b>substitui\u00e7\u00e3o dos espelhos convencionais por retrovisores digitais<\/b><span style=\"font-weight: 400;\">.<\/span><\/p>\n<h2><span style=\"font-weight: 400;\">O que s\u00e3o retrovisores digitais?<\/span><\/h2>\n<p><b>Retrovisores digitais<\/b><span style=\"font-weight: 400;\"> s\u00e3o os substitutos dos espelhos retrovisores convencionais, que por meio de c\u00e2meras de alta defini\u00e7\u00e3o exibem a imagem externa em monitores dentro do ve\u00edculo.\u00a0\u00a0<\/span><\/p>\n<p><span style=\"font-weight: 400;\">Este tipo de retrovisor proporciona uma <\/span><b>vis\u00e3o mais ampla e sem obstru\u00e7\u00f5es<\/b><span style=\"font-weight: 400;\"> durante o tr\u00e2nsito.\u00a0<\/span><\/p>\n<p><span style=\"font-weight: 400;\">As gigantes <\/span><b>Audi<\/b><span style=\"font-weight: 400;\"> e<\/span><b> Mercedes-Benz<\/b><span style=\"font-weight: 400;\"> foram as pioneiras em implementar este novo sistema de retrovis\u00e3o em seus autom\u00f3veis.<\/span><\/p>\n<p><span style=\"font-weight: 400;\">Em outubro de 2019, durante a Fenatran, a Mercedes-Benz apresentou a tecnologia MirrorCam para caminh\u00f5es, item opcional no caminh\u00e3o Actros, lan\u00e7ado no Brasil em abril de 2020.\u00a0<\/span><\/p>\n<p><iframe loading=\"lazy\" src=\"https:\/\/www.youtube.com\/embed\/8IxOb9LPPxk\" width=\"560\" height=\"315\" frameborder=\"0\" allowfullscreen=\"allowfullscreen\"><\/iframe><\/p>\n<p><span style=\"font-weight: 400;\">J\u00e1 a Audi, trouxe a novidade no e-tron, SUV 100% el\u00e9trico, tamb\u00e9m lan\u00e7ado no Brasil no ano passado.<\/span><\/p>\n<p><iframe loading=\"lazy\" src=\"https:\/\/www.youtube.com\/embed\/BNVZmrxXuuU\" width=\"560\" height=\"315\" frameborder=\"0\" allowfullscreen=\"allowfullscreen\"><\/iframe><\/p>\n<h2><span style=\"font-weight: 400;\">Mais detalhes sobre retrovisores digitais<\/span><\/h2>\n<p><span style=\"font-weight: 400;\">De acordo com as montadoras, os retrovisores digitais trazem uma s\u00e9rie de benef\u00edcios em compara\u00e7\u00e3o aos convencionais:<\/span><\/p>\n<p><b><\/b><\/p>\n<ul>\n<li aria-level=\"1\"><b>Reduzem o arrasto aerodin\u00e2mico e o consumo<\/b><\/li>\n<\/ul>\n<ul>\n<li aria-level=\"1\"><b>Melhoram a visibilidade perif\u00e9rica do motorista<\/b><\/li>\n<\/ul>\n<ul>\n<li aria-level=\"1\"><b>Contribuem para a seguran\u00e7a, uma vez que possibilitam diferentes \u00e2ngulos de vis\u00e3o\u00a0<\/b><\/li>\n<\/ul>\n<ul>\n<li aria-level=\"1\"><b>Ajudam a eliminar o ponto cego<\/b><\/li>\n<\/ul>\n<ul>\n<li aria-level=\"1\"><b>E muito mais!<\/b><\/li>\n<\/ul>\n<p>&nbsp;<\/p>\n<p><span style=\"font-weight: 400;\">A tecnologia desenvolvida pela Mercedes <\/span><b>capta pessoas e objetos a at\u00e9 250 metros<\/b><span style=\"font-weight: 400;\"> e ainda possui a op\u00e7\u00e3o de vis\u00e3o noturna.\u00a0<\/span><\/p>\n<p><span style=\"font-weight: 400;\">Al\u00e9m disso, tem sensor de luminosidade, que ajusta o brilho automaticamente, de acordo com a luminosidade da cabine, e fun\u00e7\u00e3o \u201c<\/span><b>vista para manobra<\/b><span style=\"font-weight: 400;\">\u201d, que melhora o campo de vis\u00e3o em velocidades inferiores a 10 km\/h.\u00a0<\/span><\/p>\n<p><span style=\"font-weight: 400;\">O motorista tamb\u00e9m pode ajustar o tipo de proje\u00e7\u00e3o de acordo com suas prefer\u00eancias.<\/span><\/p>\n<p><span style=\"font-weight: 400;\">J\u00e1, no e-tron, da Audi, as imagens captadas pelas c\u00e2meras s\u00e3o transmitidas em em telas OLED de 7 polegadas no interior do carro, nas laterais das portas, e com brilho que se ajusta automaticamente.<\/span><\/p>\n<p><span style=\"font-weight: 400;\">Toda configura\u00e7\u00e3o pode ser feita de forma manual, por meio de alguns toques na tela.<\/span><\/p>\n<p><span style=\"font-weight: 400;\">Com este sistema de retrovisor digital, o<\/span><b> motorista tem mais visibilidade durante a noite<\/b><span style=\"font-weight: 400;\">, al\u00e9m de n\u00e3o refletir a luz do sol, do farol de outros carros e n\u00e3o emba\u00e7ar em dias chuvosos.<\/span><\/p>\n<h2><span style=\"font-weight: 400;\">Retrovisor digital e a legisla\u00e7\u00e3o<\/span><\/h2>\n<p><b>A Resolu\u00e7\u00e3o 703\/2017 do Conselho Nacional de Tr\u00e2nsito<\/b><span style=\"font-weight: 400;\"> (Contran), que trata dos requisitos de instala\u00e7\u00e3o e usabilidade de dispositivos de vis\u00e3o indireta de autom\u00f3veis e utilit\u00e1rios em geral, <\/span><b>prev\u00ea o uso de monitoramento por meio de c\u00e2meras<\/b><span style=\"font-weight: 400;\">.<\/span><\/p>\n<p><span style=\"font-weight: 400;\">Neste caso, para que os sistemas de retrovisores digitais n\u00e3o sejam considerados irregulares, eles <\/span><b>n\u00e3o podem causar distor\u00e7\u00f5es na imagem<\/b><span style=\"font-weight: 400;\"> que possam confundir o motorista, como a incid\u00eancia do sol diretamente na c\u00e2mera e <\/span><b>eventuais vibra\u00e7\u00f5es <\/b><span style=\"font-weight: 400;\">do equipamento.<\/span><\/p>\n<p><span style=\"font-weight: 400;\">O uso de retrovisores digitais \u00e9 proibido em ve\u00edculos de duas ou tr\u00eas rodas, como motocicletas, triciclos ou motonetas.<\/span><\/p>\n<p style=\"text-align: center;\"><span style=\"font-weight: 400;\">*<\/span><\/p>\n<p style=\"text-align: left;\"><span style=\"font-weight: 400;\">A Metagal, l\u00edder no mercado de espelhos retrovisores, sistemas de retrovis\u00e3o e no desenvolvimento de c\u00e2meras para monitoramento veicular, \u00e9 um exemplo da constante busca por inova\u00e7\u00e3o. H\u00e1 mais de 50 anos no setor, a empresa investe pesado em pesquisas, capacita\u00e7\u00e3o de seus profissionais e novas tecnologias.<\/span><\/p>\n","protected":false},"excerpt":{"rendered":"<p>\u00c9 um pouco estranho pensar em um carro sem retrovisores, n\u00e3o acha? Al\u00e9m do estranhamento na est\u00e9tica, a seguran\u00e7a durante&#8230;<\/p>\n","protected":false},"author":1,"featured_media":4521,"comment_status":"open","ping_status":"open","sticky":false,"template":"","format":"standard","meta":{"footnotes":""},"categories":[113,112],"tags":[228,229],"class_list":["post-4520","post","type-post","status-publish","format-standard","has-post-thumbnail","hentry","category-mercado","category-tecnologia","tag-retrovisores","tag-transformacao-digital"],"yoast_head":"<!-- This site is optimized with the Yoast SEO plugin v25.9 - https:\/\/yoast.com\/wordpress\/plugins\/seo\/ -->\n<title>Retrovisor digital: ser\u00e1 que essa moda pega? | Metagal<\/title>\n<meta name=\"description\" content=\"\u00c9 um pouco estranho pensar em um carro sem retrovisores, n\u00e3o acha? Calma, estamos falanda da substitui\u00e7\u00e3o dele por um retrovisor digital.\" \/>\n<meta name=\"robots\" content=\"index, follow, max-snippet:-1, max-image-preview:large, max-video-preview:-1\" \/>\n<link rel=\"canonical\" href=\"https:\/\/www.metagal.com.br\/blog\/retrovisor-digital\/\" \/>\n<meta property=\"og:locale\" content=\"pt_BR\" \/>\n<meta property=\"og:type\" content=\"article\" \/>\n<meta property=\"og:title\" content=\"Retrovisor digital: ser\u00e1 que essa moda pega? | Metagal\" \/>\n<meta property=\"og:description\" content=\"\u00c9 um pouco estranho pensar em um carro sem retrovisores, n\u00e3o acha? Calma, estamos falanda da substitui\u00e7\u00e3o dele por um retrovisor digital.\" \/>\n<meta property=\"og:url\" content=\"https:\/\/www.metagal.com.br\/blog\/retrovisor-digital\/\" \/>\n<meta property=\"og:site_name\" content=\"Blog Metagal\" \/>\n<meta property=\"article:published_time\" content=\"2021-03-17T19:59:56+00:00\" \/>\n<meta property=\"og:image\" content=\"https:\/\/www.metagal.com.br\/blog\/wp-content\/uploads\/2021\/03\/METAGAL_-header-2-Automoveis-sem-retrovisores-essa-moda-pega_.png\" \/>\n\t<meta property=\"og:image:width\" content=\"1920\" \/>\n\t<meta property=\"og:image:height\" content=\"655\" \/>\n\t<meta property=\"og:image:type\" content=\"image\/png\" \/>\n<meta name=\"author\" content=\"Metagal\" \/>\n<meta name=\"twitter:card\" content=\"summary_large_image\" \/>\n<meta name=\"twitter:label1\" content=\"Escrito por\" \/>\n\t<meta name=\"twitter:data1\" content=\"Metagal\" \/>\n\t<meta name=\"twitter:label2\" content=\"Est. tempo de leitura\" \/>\n\t<meta name=\"twitter:data2\" content=\"3 minutos\" \/>\n<script type=\"application\/ld+json\" class=\"yoast-schema-graph\">{\"@context\":\"https:\/\/schema.org\",\"@graph\":[{\"@type\":\"Article\",\"@id\":\"https:\/\/www.metagal.com.br\/blog\/retrovisor-digital\/#article\",\"isPartOf\":{\"@id\":\"https:\/\/www.metagal.com.br\/blog\/retrovisor-digital\/\"},\"author\":{\"name\":\"Metagal\",\"@id\":\"https:\/\/www.metagal.com.br\/blog\/#\/schema\/person\/86708538b26ec57abb56975e5bc3f3bf\"},\"headline\":\"Autom\u00f3veis sem retrovisores: essa moda pega?\",\"datePublished\":\"2021-03-17T19:59:56+00:00\",\"mainEntityOfPage\":{\"@id\":\"https:\/\/www.metagal.com.br\/blog\/retrovisor-digital\/\"},\"wordCount\":605,\"commentCount\":0,\"publisher\":{\"@id\":\"https:\/\/www.metagal.com.br\/blog\/#organization\"},\"image\":{\"@id\":\"https:\/\/www.metagal.com.br\/blog\/retrovisor-digital\/#primaryimage\"},\"thumbnailUrl\":\"https:\/\/www.metagal.com.br\/blog\/wp-content\/uploads\/2021\/03\/METAGAL_-header-2-Automoveis-sem-retrovisores-essa-moda-pega_.png\",\"keywords\":[\"retrovisores\",\"transforma\u00e7\u00e3o digital\"],\"articleSection\":[\"Mercado\",\"Tecnologia\"],\"inLanguage\":\"pt-BR\",\"potentialAction\":[{\"@type\":\"CommentAction\",\"name\":\"Comment\",\"target\":[\"https:\/\/www.metagal.com.br\/blog\/retrovisor-digital\/#respond\"]}]},{\"@type\":\"WebPage\",\"@id\":\"https:\/\/www.metagal.com.br\/blog\/retrovisor-digital\/\",\"url\":\"https:\/\/www.metagal.com.br\/blog\/retrovisor-digital\/\",\"name\":\"Retrovisor digital: ser\u00e1 que essa moda pega? | Metagal\",\"isPartOf\":{\"@id\":\"https:\/\/www.metagal.com.br\/blog\/#website\"},\"primaryImageOfPage\":{\"@id\":\"https:\/\/www.metagal.com.br\/blog\/retrovisor-digital\/#primaryimage\"},\"image\":{\"@id\":\"https:\/\/www.metagal.com.br\/blog\/retrovisor-digital\/#primaryimage\"},\"thumbnailUrl\":\"https:\/\/www.metagal.com.br\/blog\/wp-content\/uploads\/2021\/03\/METAGAL_-header-2-Automoveis-sem-retrovisores-essa-moda-pega_.png\",\"datePublished\":\"2021-03-17T19:59:56+00:00\",\"description\":\"\u00c9 um pouco estranho pensar em um carro sem retrovisores, n\u00e3o acha? Calma, estamos falanda da substitui\u00e7\u00e3o dele por um retrovisor digital.\",\"breadcrumb\":{\"@id\":\"https:\/\/www.metagal.com.br\/blog\/retrovisor-digital\/#breadcrumb\"},\"inLanguage\":\"pt-BR\",\"potentialAction\":[{\"@type\":\"ReadAction\",\"target\":[\"https:\/\/www.metagal.com.br\/blog\/retrovisor-digital\/\"]}]},{\"@type\":\"ImageObject\",\"inLanguage\":\"pt-BR\",\"@id\":\"https:\/\/www.metagal.com.br\/blog\/retrovisor-digital\/#primaryimage\",\"url\":\"https:\/\/www.metagal.com.br\/blog\/wp-content\/uploads\/2021\/03\/METAGAL_-header-2-Automoveis-sem-retrovisores-essa-moda-pega_.png\",\"contentUrl\":\"https:\/\/www.metagal.com.br\/blog\/wp-content\/uploads\/2021\/03\/METAGAL_-header-2-Automoveis-sem-retrovisores-essa-moda-pega_.png\",\"width\":1920,\"height\":655,\"caption\":\"retrovisor digital\"},{\"@type\":\"BreadcrumbList\",\"@id\":\"https:\/\/www.metagal.com.br\/blog\/retrovisor-digital\/#breadcrumb\",\"itemListElement\":[{\"@type\":\"ListItem\",\"position\":1,\"name\":\"In\u00edcio\",\"item\":\"https:\/\/www.metagal.com.br\/blog\/\"},{\"@type\":\"ListItem\",\"position\":2,\"name\":\"Autom\u00f3veis sem retrovisores: essa moda pega?\"}]},{\"@type\":\"WebSite\",\"@id\":\"https:\/\/www.metagal.com.br\/blog\/#website\",\"url\":\"https:\/\/www.metagal.com.br\/blog\/\",\"name\":\"Blog Metagal\",\"description\":\"Metagal | L\u00edder no desenvolvimento e produ\u00e7\u00e3o de espelhos retrovisores\",\"publisher\":{\"@id\":\"https:\/\/www.metagal.com.br\/blog\/#organization\"},\"potentialAction\":[{\"@type\":\"SearchAction\",\"target\":{\"@type\":\"EntryPoint\",\"urlTemplate\":\"https:\/\/www.metagal.com.br\/blog\/?s={search_term_string}\"},\"query-input\":{\"@type\":\"PropertyValueSpecification\",\"valueRequired\":true,\"valueName\":\"search_term_string\"}}],\"inLanguage\":\"pt-BR\"},{\"@type\":\"Organization\",\"@id\":\"https:\/\/www.metagal.com.br\/blog\/#organization\",\"name\":\"Metagal - L\u00edder em Desenvolvimento e Produ\u00e7\u00e3o de Espelhos Retrovisores\",\"url\":\"https:\/\/www.metagal.com.br\/blog\/\",\"logo\":{\"@type\":\"ImageObject\",\"inLanguage\":\"pt-BR\",\"@id\":\"https:\/\/www.metagal.com.br\/blog\/#\/schema\/logo\/image\/\",\"url\":\"https:\/\/www.metagal.com.br\/blog\/wp-content\/uploads\/2018\/11\/Favicon.png\",\"contentUrl\":\"https:\/\/www.metagal.com.br\/blog\/wp-content\/uploads\/2018\/11\/Favicon.png\",\"width\":100,\"height\":100,\"caption\":\"Metagal - L\u00edder em Desenvolvimento e Produ\u00e7\u00e3o de Espelhos Retrovisores\"},\"image\":{\"@id\":\"https:\/\/www.metagal.com.br\/blog\/#\/schema\/logo\/image\/\"}},{\"@type\":\"Person\",\"@id\":\"https:\/\/www.metagal.com.br\/blog\/#\/schema\/person\/86708538b26ec57abb56975e5bc3f3bf\",\"name\":\"Metagal\",\"image\":{\"@type\":\"ImageObject\",\"inLanguage\":\"pt-BR\",\"@id\":\"https:\/\/www.metagal.com.br\/blog\/#\/schema\/person\/image\/\",\"url\":\"https:\/\/secure.gravatar.com\/avatar\/5b99f1b1706488192643fded2a661508?s=96&d=mm&r=g\",\"contentUrl\":\"https:\/\/secure.gravatar.com\/avatar\/5b99f1b1706488192643fded2a661508?s=96&d=mm&r=g\",\"caption\":\"Metagal\"},\"url\":\"https:\/\/www.metagal.com.br\/blog\/autor\/layerup\/\"}]}<\/script>\n<!-- \/ Yoast SEO plugin. -->","yoast_head_json":{"title":"Retrovisor digital: ser\u00e1 que essa moda pega? | Metagal","description":"\u00c9 um pouco estranho pensar em um carro sem retrovisores, n\u00e3o acha? Calma, estamos falanda da substitui\u00e7\u00e3o dele por um retrovisor digital.","robots":{"index":"index","follow":"follow","max-snippet":"max-snippet:-1","max-image-preview":"max-image-preview:large","max-video-preview":"max-video-preview:-1"},"canonical":"https:\/\/www.metagal.com.br\/blog\/retrovisor-digital\/","og_locale":"pt_BR","og_type":"article","og_title":"Retrovisor digital: ser\u00e1 que essa moda pega? | Metagal","og_description":"\u00c9 um pouco estranho pensar em um carro sem retrovisores, n\u00e3o acha? Calma, estamos falanda da substitui\u00e7\u00e3o dele por um retrovisor digital.","og_url":"https:\/\/www.metagal.com.br\/blog\/retrovisor-digital\/","og_site_name":"Blog Metagal","article_published_time":"2021-03-17T19:59:56+00:00","og_image":[{"width":1920,"height":655,"url":"https:\/\/www.metagal.com.br\/blog\/wp-content\/uploads\/2021\/03\/METAGAL_-header-2-Automoveis-sem-retrovisores-essa-moda-pega_.png","type":"image\/png"}],"author":"Metagal","twitter_card":"summary_large_image","twitter_misc":{"Escrito por":"Metagal","Est. tempo de leitura":"3 minutos"},"schema":{"@context":"https:\/\/schema.org","@graph":[{"@type":"Article","@id":"https:\/\/www.metagal.com.br\/blog\/retrovisor-digital\/#article","isPartOf":{"@id":"https:\/\/www.metagal.com.br\/blog\/retrovisor-digital\/"},"author":{"name":"Metagal","@id":"https:\/\/www.metagal.com.br\/blog\/#\/schema\/person\/86708538b26ec57abb56975e5bc3f3bf"},"headline":"Autom\u00f3veis sem retrovisores: essa moda pega?","datePublished":"2021-03-17T19:59:56+00:00","mainEntityOfPage":{"@id":"https:\/\/www.metagal.com.br\/blog\/retrovisor-digital\/"},"wordCount":605,"commentCount":0,"publisher":{"@id":"https:\/\/www.metagal.com.br\/blog\/#organization"},"image":{"@id":"https:\/\/www.metagal.com.br\/blog\/retrovisor-digital\/#primaryimage"},"thumbnailUrl":"https:\/\/www.metagal.com.br\/blog\/wp-content\/uploads\/2021\/03\/METAGAL_-header-2-Automoveis-sem-retrovisores-essa-moda-pega_.png","keywords":["retrovisores","transforma\u00e7\u00e3o digital"],"articleSection":["Mercado","Tecnologia"],"inLanguage":"pt-BR","potentialAction":[{"@type":"CommentAction","name":"Comment","target":["https:\/\/www.metagal.com.br\/blog\/retrovisor-digital\/#respond"]}]},{"@type":"WebPage","@id":"https:\/\/www.metagal.com.br\/blog\/retrovisor-digital\/","url":"https:\/\/www.metagal.com.br\/blog\/retrovisor-digital\/","name":"Retrovisor digital: ser\u00e1 que essa moda pega? | Metagal","isPartOf":{"@id":"https:\/\/www.metagal.com.br\/blog\/#website"},"primaryImageOfPage":{"@id":"https:\/\/www.metagal.com.br\/blog\/retrovisor-digital\/#primaryimage"},"image":{"@id":"https:\/\/www.metagal.com.br\/blog\/retrovisor-digital\/#primaryimage"},"thumbnailUrl":"https:\/\/www.metagal.com.br\/blog\/wp-content\/uploads\/2021\/03\/METAGAL_-header-2-Automoveis-sem-retrovisores-essa-moda-pega_.png","datePublished":"2021-03-17T19:59:56+00:00","description":"\u00c9 um pouco estranho pensar em um carro sem retrovisores, n\u00e3o acha? Calma, estamos falanda da substitui\u00e7\u00e3o dele por um retrovisor digital.","breadcrumb":{"@id":"https:\/\/www.metagal.com.br\/blog\/retrovisor-digital\/#breadcrumb"},"inLanguage":"pt-BR","potentialAction":[{"@type":"ReadAction","target":["https:\/\/www.metagal.com.br\/blog\/retrovisor-digital\/"]}]},{"@type":"ImageObject","inLanguage":"pt-BR","@id":"https:\/\/www.metagal.com.br\/blog\/retrovisor-digital\/#primaryimage","url":"https:\/\/www.metagal.com.br\/blog\/wp-content\/uploads\/2021\/03\/METAGAL_-header-2-Automoveis-sem-retrovisores-essa-moda-pega_.png","contentUrl":"https:\/\/www.metagal.com.br\/blog\/wp-content\/uploads\/2021\/03\/METAGAL_-header-2-Automoveis-sem-retrovisores-essa-moda-pega_.png","width":1920,"height":655,"caption":"retrovisor digital"},{"@type":"BreadcrumbList","@id":"https:\/\/www.metagal.com.br\/blog\/retrovisor-digital\/#breadcrumb","itemListElement":[{"@type":"ListItem","position":1,"name":"In\u00edcio","item":"https:\/\/www.metagal.com.br\/blog\/"},{"@type":"ListItem","position":2,"name":"Autom\u00f3veis sem retrovisores: essa moda pega?"}]},{"@type":"WebSite","@id":"https:\/\/www.metagal.com.br\/blog\/#website","url":"https:\/\/www.metagal.com.br\/blog\/","name":"Blog Metagal","description":"Metagal | L\u00edder no desenvolvimento e produ\u00e7\u00e3o de espelhos retrovisores","publisher":{"@id":"https:\/\/www.metagal.com.br\/blog\/#organization"},"potentialAction":[{"@type":"SearchAction","target":{"@type":"EntryPoint","urlTemplate":"https:\/\/www.metagal.com.br\/blog\/?s={search_term_string}"},"query-input":{"@type":"PropertyValueSpecification","valueRequired":true,"valueName":"search_term_string"}}],"inLanguage":"pt-BR"},{"@type":"Organization","@id":"https:\/\/www.metagal.com.br\/blog\/#organization","name":"Metagal - L\u00edder em Desenvolvimento e Produ\u00e7\u00e3o de Espelhos Retrovisores","url":"https:\/\/www.metagal.com.br\/blog\/","logo":{"@type":"ImageObject","inLanguage":"pt-BR","@id":"https:\/\/www.metagal.com.br\/blog\/#\/schema\/logo\/image\/","url":"https:\/\/www.metagal.com.br\/blog\/wp-content\/uploads\/2018\/11\/Favicon.png","contentUrl":"https:\/\/www.metagal.com.br\/blog\/wp-content\/uploads\/2018\/11\/Favicon.png","width":100,"height":100,"caption":"Metagal - L\u00edder em Desenvolvimento e Produ\u00e7\u00e3o de Espelhos Retrovisores"},"image":{"@id":"https:\/\/www.metagal.com.br\/blog\/#\/schema\/logo\/image\/"}},{"@type":"Person","@id":"https:\/\/www.metagal.com.br\/blog\/#\/schema\/person\/86708538b26ec57abb56975e5bc3f3bf","name":"Metagal","image":{"@type":"ImageObject","inLanguage":"pt-BR","@id":"https:\/\/www.metagal.com.br\/blog\/#\/schema\/person\/image\/","url":"https:\/\/secure.gravatar.com\/avatar\/5b99f1b1706488192643fded2a661508?s=96&d=mm&r=g","contentUrl":"https:\/\/secure.gravatar.com\/avatar\/5b99f1b1706488192643fded2a661508?s=96&d=mm&r=g","caption":"Metagal"},"url":"https:\/\/www.metagal.com.br\/blog\/autor\/layerup\/"}]}},"_links":{"self":[{"href":"https:\/\/www.metagal.com.br\/blog\/wp-json\/wp\/v2\/posts\/4520","targetHints":{"allow":["GET"]}}],"collection":[{"href":"https:\/\/www.metagal.com.br\/blog\/wp-json\/wp\/v2\/posts"}],"about":[{"href":"https:\/\/www.metagal.com.br\/blog\/wp-json\/wp\/v2\/types\/post"}],"author":[{"embeddable":true,"href":"https:\/\/www.metagal.com.br\/blog\/wp-json\/wp\/v2\/users\/1"}],"replies":[{"embeddable":true,"href":"https:\/\/www.metagal.com.br\/blog\/wp-json\/wp\/v2\/comments?post=4520"}],"version-history":[{"count":3,"href":"https:\/\/www.metagal.com.br\/blog\/wp-json\/wp\/v2\/posts\/4520\/revisions"}],"predecessor-version":[{"id":4524,"href":"https:\/\/www.metagal.com.br\/blog\/wp-json\/wp\/v2\/posts\/4520\/revisions\/4524"}],"wp:featuredmedia":[{"embeddable":true,"href":"https:\/\/www.metagal.com.br\/blog\/wp-json\/wp\/v2\/media\/4521"}],"wp:attachment":[{"href":"https:\/\/www.metagal.com.br\/blog\/wp-json\/wp\/v2\/media?parent=4520"}],"wp:term":[{"taxonomy":"category","embeddable":true,"href":"https:\/\/www.metagal.com.br\/blog\/wp-json\/wp\/v2\/categories?post=4520"},{"taxonomy":"post_tag","embeddable":true,"href":"https:\/\/www.metagal.com.br\/blog\/wp-json\/wp\/v2\/tags?post=4520"}],"curies":[{"name":"wp","href":"https:\/\/api.w.org\/{rel}","templated":true}]}}