{"id":4575,"date":"2021-07-15T15:04:20","date_gmt":"2021-07-15T18:04:20","guid":{"rendered":"https:\/\/www.metagal.com.br\/blog\/?p=4575"},"modified":"2021-07-15T15:04:20","modified_gmt":"2021-07-15T18:04:20","slug":"mobilidade-urbana","status":"publish","type":"post","link":"https:\/\/www.metagal.com.br\/blog\/mobilidade-urbana\/","title":{"rendered":"Mobilidade urbana: conhe\u00e7a os principais projetos do Brasil e do mundo"},"content":{"rendered":"<p style=\"text-align: center;\"><i><span style=\"font-weight: 400;\">A <\/span><\/i><b><i>mobilidade urbana<\/i><\/b><i><span style=\"font-weight: 400;\"> passa por uma revolu\u00e7\u00e3o liderada pela tecnologia. Conhe\u00e7a algumas iniciativas no Brasil e ao redor do mundo e algumas perspectivas para o p\u00f3s-pandemia.<\/span><\/i><\/p>\n<p><span style=\"font-weight: 400;\">O crescimento acelerado da popula\u00e7\u00e3o em centros urbanos gera diversos problemas para a sociedade: desigualdade, d\u00e9ficit habitacional, atraso no saneamento b\u00e1sico, dificuldades na mobilidade urbana, dentre muitas outras quest\u00f5es.<\/span><\/p>\n<p><span style=\"font-weight: 400;\">Falando sobre mobilidade urbana, que \u00e9 o assunto central deste artigo, segundo o levantamento realizado pela <\/span><b>Quanta Consultoria,<\/b> <b>o Brasil perde R$267 bilh\u00f5es por ano com congestionamentos.<\/b><\/p>\n<p><span style=\"font-weight: 400;\">No in\u00edcio deste ano, a <\/span><b>Companhia de Engenharia de Tr\u00e1fego (CET)<\/b> <b>computou 18 quil\u00f4metros de engarrafamento<\/b><span style=\"font-weight: 400;\">, por volta das oito horas da manh\u00e3 na cidade de S\u00e3o Paulo.\u00a0<\/span><\/p>\n<p><span style=\"font-weight: 400;\">Esse foi o <\/span><b>recorde de congestionamento na capital paulista <\/b><span style=\"font-weight: 400;\">desde a quarentena decretada pelo governo estadual, em 24 de mar\u00e7o.\u00a0<\/span><\/p>\n<p><span style=\"font-weight: 400;\">Por que, mesmo com todo esse caos e desperd\u00edcio de dinheiro p\u00fablico, ainda \u00e9 t\u00e3o dif\u00edcil investir em <\/span><b>mobilidade urbana<\/b><span style=\"font-weight: 400;\"> em alguns lugares?<\/span><\/p>\n<p><span style=\"font-weight: 400;\">Bom, a resposta para esta quest\u00e3o podem ser muitas: falta de pol\u00edticas p\u00fablicas e de investimentos para os \u00f4nibus, escassez de planejamento urbano e aumento do n\u00famero de ve\u00edculos, entre outros.<\/span><\/p>\n<p><span style=\"font-weight: 400;\">Por\u00e9m, ao redor do mundo, inclusive no Brasil, diversas cidades desenvolveram e adotaram programas de <\/span><b>mobilidade urbana<\/b><span style=\"font-weight: 400;\"> para solucionar problemas nos deslocamentos de seus cidad\u00e3os.\u00a0<\/span><\/p>\n<p><span style=\"font-weight: 400;\">Vamos conhecer alguns?<\/span><\/p>\n<h2><b>5 projetos de mobilidade urbana ao redor do mundo<\/b><\/h2>\n<p><span style=\"font-weight: 400;\">A maneira como nos deslocamos passa por uma revolu\u00e7\u00e3o liderada pela tecnologia. <\/span><b>O futuro da mobilidade urbana est\u00e1 baseado nos pilares do compartilhamento de ve\u00edculos, na automa\u00e7\u00e3o e na substitui\u00e7\u00e3o de combust\u00edveis f\u00f3sseis pela energia el\u00e9trica.<\/b><span style=\"font-weight: 400;\">\u00a0<\/span><\/p>\n<p><span style=\"font-weight: 400;\">Conhe\u00e7a alguns projetos que foram desenvolvidos a partir desses pilares.<\/span><\/p>\n<h3><b>Rodovia para ciclistas na Alemanha<\/b><\/h3>\n<p><span style=\"font-weight: 400;\">Em 2016, foi inaugurada a primeira <\/span><b>Autobahn<\/b><span style=\"font-weight: 400;\"> (auto estradas federais) da Alemanha, chamada <\/span><b>Radschnellweg Ruhr.<\/b><\/p>\n<p><span style=\"font-weight: 400;\">\u00c9 uma ciclovia em forma de estrada que permite o deslocamento de ciclistas por longas dist\u00e2ncias em uma estrutura ampla, cont\u00ednua e integrada com cada uma das 10 cidades ao longo de sua extens\u00e3o (101 quil\u00f4metros).\u00a0<\/span><\/p>\n<p><span style=\"font-weight: 400;\">Segundo os idealizadores do projeto, a <\/span><b>RS1 pode tirar cerca de 50 mil <a href=\"https:\/\/www.metagal.com.br\/blog\/carros-novos-usados-e-seminovos\/?utm_medium=blogpost&amp;utm_source=site&amp;utm_campaign=mobilidade-urbana&amp;utm_term=trafego&amp;utm_content=hiperlink-\">carros<\/a> das ruas por dia,<\/b><span style=\"font-weight: 400;\"> al\u00e9m de <\/span><b>reduzir a emiss\u00e3o de g\u00e1s carb\u00f4nico em 16,6 toneladas por ano.<\/b><\/p>\n<h3><b>Metrocable de Medell\u00edn<\/b><\/h3>\n<p><span style=\"font-weight: 400;\">Em 2004, a <\/span><b>companhia de Metr\u00f4 de Medell\u00edn,<\/b><span style=\"font-weight: 400;\"> segunda maior cidade da Col\u00f4mbia, inaugurou o <\/span><b>Metrocable: uma rede de telef\u00e9rico de alta capacidade que conecta a malha metrovi\u00e1ria existente \u00e0s regi\u00f5es mais altas e afastadas da cidade.<\/b><span style=\"font-weight: 400;\">\u00a0<\/span><\/p>\n<p><span style=\"font-weight: 400;\">Com essa iniciativa, moradores de bairros mais pobres, altos e afastados, come\u00e7aram a ter mais facilidade de acesso ao centro da cidade.\u00a0<\/span><\/p>\n<p><span style=\"font-weight: 400;\">O projeto ganhou o pr\u00eamio de <\/span><b>Transporte Sustent\u00e1vel em 2012.<\/b><span style=\"font-weight: 400;\">\u00a0<\/span><\/p>\n<h3><b>Ped\u00e1gio urbano em Singapura<\/b><\/h3>\n<p><span style=\"font-weight: 400;\">A medida busca reduzir e desincentivar a utiliza\u00e7\u00e3o do autom\u00f3vel em \u00e1reas centrais da cidade, uma vez que, por meio de cobran\u00e7a de ped\u00e1gio, inibe o fluxo de ve\u00edculos nos grandes centros urbanos.\u00a0<\/span><\/p>\n<p><span style=\"font-weight: 400;\">Esta iniciativa de <\/span><b>mobilidade urbana<\/b><span style=\"font-weight: 400;\"> existe desde 1975, sendo o pa\u00eds africano o precursor. Atualmente, cidades como Estocolmo e Londres tamb\u00e9m implantaram a medida, al\u00e9m de Nova Iorque, que converte todo o dinheiro arrecadado no metr\u00f4 da cidade.\u00a0<\/span><\/p>\n<h3><b>Sem\u00e1foros inteligentes de Londres<\/b><\/h3>\n<p><span style=\"font-weight: 400;\">A cidade de<\/span><b> Londres<\/b><span style=\"font-weight: 400;\"> foi uma das primeiras cidades a adotar o<\/span><b> sistema de controle de tr\u00e1fego adaptativo com os sem\u00e1foros inteligentes.<\/b><span style=\"font-weight: 400;\">\u00a0<\/span><\/p>\n<p><span style=\"font-weight: 400;\">Eles t\u00eam a capacidade de priorizar o transporte coletivo e as bicicletas gra\u00e7as a seus sensores e ainda permite ajustes \u00e0s situa\u00e7\u00f5es em tempo real.<\/span><\/p>\n<p><span style=\"font-weight: 400;\">Ele funciona assim: a partir da coleta de dados e monitoramento das vias, o dispositivo consegue detectar se um ve\u00edculo est\u00e1 pr\u00f3ximo ou n\u00e3o e decidir quando deve abrir ou fechar o sinal, priorizando sempre os transportes alternativos.<\/span><\/p>\n<h3><b>MagLev em Shanghai<\/b><\/h3>\n<p><span style=\"font-weight: 400;\">J\u00e1 imaginou um trem que em apenas 7 minutos percorre um trajeto de 30 quil\u00f4metros?<\/span><\/p>\n<p><span style=\"font-weight: 400;\">Um sonho que para os habitantes de <\/span><b>Shanghai<\/b><span style=\"font-weight: 400;\"> j\u00e1 foi realizado por meio da cria\u00e7\u00e3o do <\/span><b>trem de levita\u00e7\u00e3o magn\u00e9tica MagLev, que consegue atingir a velocidade m\u00e1xima de 431 quil\u00f4metros por hora.<\/b><span style=\"font-weight: 400;\"> Mais que um carro de F\u00f3rmula 1 (380 Km\/h).<\/span><\/p>\n<p><span style=\"font-weight: 400;\">Para sua propuls\u00e3o, o trem utiliza o princ\u00edpio de atra\u00e7\u00e3o e retra\u00e7\u00e3o que se cria entre dois campos magn\u00e9ticos, presentes tanto no trem quanto na pista.<\/span><\/p>\n<h2><b>Mobilidade urbana no Brasil<\/b><\/h2>\n<p><span style=\"font-weight: 400;\">Aqui no Brasil, alguns passos j\u00e1 foram dados para melhorar a mobilidade urbana da popula\u00e7\u00e3o.<\/span><\/p>\n<p><span style=\"font-weight: 400;\">Inspirado em Medell\u00edn, em 2008, a cidade do Rio de Janeiro inaugurou o telef\u00e9rico do Morro do Alem\u00e3o com 4 linhas, 13 esta\u00e7\u00f5es e 10,7 km de extens\u00e3o.<\/span><\/p>\n<p><span style=\"font-weight: 400;\">Dessa maneira, os moradores dos pontos mais altos da comunidade puderam ter acesso facilitado e mais barato a outros pontos da cidade.<\/span><\/p>\n<p><span style=\"font-weight: 400;\">Atualmente, o transporte est\u00e1 fechado para manuten\u00e7\u00e3o \u2014 inicialmente de seis meses, mas que j\u00e1 dura cinco anos.<\/span><\/p>\n<p><span style=\"font-weight: 400;\">Em Curitiba, desde 1974 j\u00e1 existe o BRT (Bus Rapid Transit), um sistema de \u00f4nibus r\u00e1pidos de alta capacidade que permite a integra\u00e7\u00e3o de toda a cidade, por meio de pistas exclusivas.<\/span><\/p>\n<p><span style=\"font-weight: 400;\">Este \u00e9 um dos mais relevantes projetos de mobilidade urbana no mundo, tanto que cidades como o Rio de Janeiro, Bogot\u00e1, Guangzhou e Cidade do M\u00e9xico tamb\u00e9m adotaram o BRT em seus sistemas de transporte p\u00fablico.<\/span><\/p>\n<h2><b>Mudan\u00e7a de cen\u00e1rio causada pela pandemia<\/b><\/h2>\n<p><span style=\"font-weight: 400;\">Uma situa\u00e7\u00e3o completamente inesperada como a pandemia fez com que muita coisa mudasse, at\u00e9 a maneira como as pessoas se deslocam para realizar suas atividades.\u00a0<\/span><\/p>\n<p><span style=\"font-weight: 400;\">Neste cen\u00e1rio, nas capitais brasileiras a busca por carros por aplicativos cresceu, enquanto a ades\u00e3o ao transporte p\u00fablico coletivo caiu.\u00a0<\/span><\/p>\n<p><span style=\"font-weight: 400;\">O levantamento realizado pela <\/span><b>NZN Intelligence, em parceria com o Estad\u00e3o Summit Mobilidade Urbana, mostra que cerca de 45% das pessoas mudaram a forma de se deslocar desde o in\u00edcio da pandemia.<\/b><\/p>\n<p><span style=\"font-weight: 400;\">O <\/span><b>uso do carro particular aumentou em 40,2% e o deslocamento a p\u00e9 ou de bike aumentou 31,6%.<\/b><\/p>\n<p><span style=\"font-weight: 400;\">Embora a <\/span><b>Organiza\u00e7\u00e3o Mundial da Sa\u00fade (OMS)<\/b><span style=\"font-weight: 400;\"> tenha incentivado deslocamentos a p\u00e9 ou de bicicleta, e muitas pessoas tenham aderido a eles, velhos problemas de mobilidade urbana ainda atravancam o ir e vir:\u00a0 cal\u00e7adas pouco acess\u00edveis para pessoas com defici\u00eancia, faltam ciclovias, ilumina\u00e7\u00e3o p\u00fablica e afins.\u00a0<\/span><\/p>\n<p><span style=\"font-weight: 400;\">Mesmo com tantas quest\u00f5es a serem melhoradas quando se trata de boas condi\u00e7\u00f5es para mobilidade urbana, muita gente quer manter esses novos h\u00e1bitos depois que a pandemia acabar.<\/span><\/p>\n<p><span style=\"font-weight: 400;\">Ainda de acordo com a pesquisa citada, <\/span><b>32,3% das pessoas pretendem andar mais a p\u00e9; 40,4% querem continuar usando aplicativos de entrega<\/b><span style=\"font-weight: 400;\">; e, para se sentirem mais seguras, <\/span><b>37,5% dever\u00e3o seguir usando m\u00e1scara e \u00e1lcool em gel em locais p\u00fablicos.<\/b><\/p>\n<p style=\"text-align: center;\"><span style=\"font-weight: 400;\">*<\/span><\/p>\n<p><span style=\"font-weight: 400;\">A Metagal, l\u00edder no mercado de espelhos retrovisores, sistemas de retrovis\u00e3o e no desenvolvimento de c\u00e2meras para monitoramento veicular, \u00e9 um exemplo da constante busca por inova\u00e7\u00e3o. H\u00e1 mais de 50 anos no setor, a empresa investe pesado em pesquisas, capacita\u00e7\u00e3o de seus profissionais e novas tecnologias.<\/span><\/p>\n","protected":false},"excerpt":{"rendered":"<p>A mobilidade urbana passa por uma revolu\u00e7\u00e3o liderada pela tecnologia. Conhe\u00e7a algumas iniciativas no Brasil e ao redor do mundo&#8230;<\/p>\n","protected":false},"author":1,"featured_media":4576,"comment_status":"open","ping_status":"open","sticky":false,"template":"","format":"standard","meta":{"footnotes":""},"categories":[112],"tags":[367,319,257,258,366,368],"class_list":["post-4575","post","type-post","status-publish","format-standard","has-post-thumbnail","hentry","category-tecnologia","tag-ciclistas","tag-mobilidade","tag-mobilidade-urbana","tag-mobilidade-urbana-sustentavel","tag-rodovias","tag-teleferico"],"yoast_head":"<!-- This site is optimized with the Yoast SEO plugin v25.9 - https:\/\/yoast.com\/wordpress\/plugins\/seo\/ -->\n<title>Mobilidade urbana: conhe\u00e7a os principais projetos do Brasil e do mundo - Blog Metagal<\/title>\n<meta name=\"description\" content=\"A mobilidade urbana \u00e9 um desafio para grandes capitais. Por\u00e9m, algumas iniciativas tendem a melhorar a locomo\u00e7\u00e3o da popula\u00e7\u00e3o. Conhe\u00e7a.\" \/>\n<meta name=\"robots\" content=\"index, follow, max-snippet:-1, max-image-preview:large, max-video-preview:-1\" \/>\n<link rel=\"canonical\" href=\"https:\/\/www.metagal.com.br\/blog\/mobilidade-urbana\/\" \/>\n<meta property=\"og:locale\" content=\"pt_BR\" \/>\n<meta property=\"og:type\" content=\"article\" \/>\n<meta property=\"og:title\" content=\"Mobilidade urbana: conhe\u00e7a os principais projetos do Brasil e do mundo - Blog Metagal\" \/>\n<meta property=\"og:description\" content=\"A mobilidade urbana \u00e9 um desafio para grandes capitais. Por\u00e9m, algumas iniciativas tendem a melhorar a locomo\u00e7\u00e3o da popula\u00e7\u00e3o. Conhe\u00e7a.\" \/>\n<meta property=\"og:url\" content=\"https:\/\/www.metagal.com.br\/blog\/mobilidade-urbana\/\" \/>\n<meta property=\"og:site_name\" content=\"Blog Metagal\" \/>\n<meta property=\"article:published_time\" content=\"2021-07-15T18:04:20+00:00\" \/>\n<meta property=\"og:image\" content=\"https:\/\/www.metagal.com.br\/blog\/wp-content\/uploads\/2021\/07\/METAGAL_-header-mobilidade-urbana.png\" \/>\n\t<meta property=\"og:image:width\" content=\"1920\" \/>\n\t<meta property=\"og:image:height\" content=\"655\" \/>\n\t<meta property=\"og:image:type\" content=\"image\/png\" \/>\n<meta name=\"author\" content=\"Metagal\" \/>\n<meta name=\"twitter:card\" content=\"summary_large_image\" \/>\n<meta name=\"twitter:label1\" content=\"Escrito por\" \/>\n\t<meta name=\"twitter:data1\" content=\"Metagal\" \/>\n\t<meta name=\"twitter:label2\" content=\"Est. tempo de leitura\" \/>\n\t<meta name=\"twitter:data2\" content=\"5 minutos\" \/>\n<script type=\"application\/ld+json\" class=\"yoast-schema-graph\">{\"@context\":\"https:\/\/schema.org\",\"@graph\":[{\"@type\":\"Article\",\"@id\":\"https:\/\/www.metagal.com.br\/blog\/mobilidade-urbana\/#article\",\"isPartOf\":{\"@id\":\"https:\/\/www.metagal.com.br\/blog\/mobilidade-urbana\/\"},\"author\":{\"name\":\"Metagal\",\"@id\":\"https:\/\/www.metagal.com.br\/blog\/#\/schema\/person\/86708538b26ec57abb56975e5bc3f3bf\"},\"headline\":\"Mobilidade urbana: conhe\u00e7a os principais projetos do Brasil e do mundo\",\"datePublished\":\"2021-07-15T18:04:20+00:00\",\"mainEntityOfPage\":{\"@id\":\"https:\/\/www.metagal.com.br\/blog\/mobilidade-urbana\/\"},\"wordCount\":1188,\"commentCount\":0,\"publisher\":{\"@id\":\"https:\/\/www.metagal.com.br\/blog\/#organization\"},\"image\":{\"@id\":\"https:\/\/www.metagal.com.br\/blog\/mobilidade-urbana\/#primaryimage\"},\"thumbnailUrl\":\"https:\/\/www.metagal.com.br\/blog\/wp-content\/uploads\/2021\/07\/METAGAL_-header-mobilidade-urbana.png\",\"keywords\":[\"ciclistas\",\"mobilidade\",\"mobilidade urbana\",\"mobilidade urbana sustent\u00e1vel\",\"rodovias\",\"telef\u00e9rico\"],\"articleSection\":[\"Tecnologia\"],\"inLanguage\":\"pt-BR\",\"potentialAction\":[{\"@type\":\"CommentAction\",\"name\":\"Comment\",\"target\":[\"https:\/\/www.metagal.com.br\/blog\/mobilidade-urbana\/#respond\"]}]},{\"@type\":\"WebPage\",\"@id\":\"https:\/\/www.metagal.com.br\/blog\/mobilidade-urbana\/\",\"url\":\"https:\/\/www.metagal.com.br\/blog\/mobilidade-urbana\/\",\"name\":\"Mobilidade urbana: conhe\u00e7a os principais projetos do Brasil e do mundo - Blog Metagal\",\"isPartOf\":{\"@id\":\"https:\/\/www.metagal.com.br\/blog\/#website\"},\"primaryImageOfPage\":{\"@id\":\"https:\/\/www.metagal.com.br\/blog\/mobilidade-urbana\/#primaryimage\"},\"image\":{\"@id\":\"https:\/\/www.metagal.com.br\/blog\/mobilidade-urbana\/#primaryimage\"},\"thumbnailUrl\":\"https:\/\/www.metagal.com.br\/blog\/wp-content\/uploads\/2021\/07\/METAGAL_-header-mobilidade-urbana.png\",\"datePublished\":\"2021-07-15T18:04:20+00:00\",\"description\":\"A mobilidade urbana \u00e9 um desafio para grandes capitais. Por\u00e9m, algumas iniciativas tendem a melhorar a locomo\u00e7\u00e3o da popula\u00e7\u00e3o. Conhe\u00e7a.\",\"breadcrumb\":{\"@id\":\"https:\/\/www.metagal.com.br\/blog\/mobilidade-urbana\/#breadcrumb\"},\"inLanguage\":\"pt-BR\",\"potentialAction\":[{\"@type\":\"ReadAction\",\"target\":[\"https:\/\/www.metagal.com.br\/blog\/mobilidade-urbana\/\"]}]},{\"@type\":\"ImageObject\",\"inLanguage\":\"pt-BR\",\"@id\":\"https:\/\/www.metagal.com.br\/blog\/mobilidade-urbana\/#primaryimage\",\"url\":\"https:\/\/www.metagal.com.br\/blog\/wp-content\/uploads\/2021\/07\/METAGAL_-header-mobilidade-urbana.png\",\"contentUrl\":\"https:\/\/www.metagal.com.br\/blog\/wp-content\/uploads\/2021\/07\/METAGAL_-header-mobilidade-urbana.png\",\"width\":1920,\"height\":655,\"caption\":\"Mobilidade urbana: conhe\u00e7a os principais projetos do Brasil e do mundo\"},{\"@type\":\"BreadcrumbList\",\"@id\":\"https:\/\/www.metagal.com.br\/blog\/mobilidade-urbana\/#breadcrumb\",\"itemListElement\":[{\"@type\":\"ListItem\",\"position\":1,\"name\":\"In\u00edcio\",\"item\":\"https:\/\/www.metagal.com.br\/blog\/\"},{\"@type\":\"ListItem\",\"position\":2,\"name\":\"Mobilidade urbana: conhe\u00e7a os principais projetos do Brasil e do mundo\"}]},{\"@type\":\"WebSite\",\"@id\":\"https:\/\/www.metagal.com.br\/blog\/#website\",\"url\":\"https:\/\/www.metagal.com.br\/blog\/\",\"name\":\"Blog Metagal\",\"description\":\"Metagal | L\u00edder no desenvolvimento e produ\u00e7\u00e3o de espelhos retrovisores\",\"publisher\":{\"@id\":\"https:\/\/www.metagal.com.br\/blog\/#organization\"},\"potentialAction\":[{\"@type\":\"SearchAction\",\"target\":{\"@type\":\"EntryPoint\",\"urlTemplate\":\"https:\/\/www.metagal.com.br\/blog\/?s={search_term_string}\"},\"query-input\":{\"@type\":\"PropertyValueSpecification\",\"valueRequired\":true,\"valueName\":\"search_term_string\"}}],\"inLanguage\":\"pt-BR\"},{\"@type\":\"Organization\",\"@id\":\"https:\/\/www.metagal.com.br\/blog\/#organization\",\"name\":\"Metagal - L\u00edder em Desenvolvimento e Produ\u00e7\u00e3o de Espelhos Retrovisores\",\"url\":\"https:\/\/www.metagal.com.br\/blog\/\",\"logo\":{\"@type\":\"ImageObject\",\"inLanguage\":\"pt-BR\",\"@id\":\"https:\/\/www.metagal.com.br\/blog\/#\/schema\/logo\/image\/\",\"url\":\"https:\/\/www.metagal.com.br\/blog\/wp-content\/uploads\/2018\/11\/Favicon.png\",\"contentUrl\":\"https:\/\/www.metagal.com.br\/blog\/wp-content\/uploads\/2018\/11\/Favicon.png\",\"width\":100,\"height\":100,\"caption\":\"Metagal - L\u00edder em Desenvolvimento e Produ\u00e7\u00e3o de Espelhos Retrovisores\"},\"image\":{\"@id\":\"https:\/\/www.metagal.com.br\/blog\/#\/schema\/logo\/image\/\"}},{\"@type\":\"Person\",\"@id\":\"https:\/\/www.metagal.com.br\/blog\/#\/schema\/person\/86708538b26ec57abb56975e5bc3f3bf\",\"name\":\"Metagal\",\"image\":{\"@type\":\"ImageObject\",\"inLanguage\":\"pt-BR\",\"@id\":\"https:\/\/www.metagal.com.br\/blog\/#\/schema\/person\/image\/\",\"url\":\"https:\/\/secure.gravatar.com\/avatar\/5b99f1b1706488192643fded2a661508?s=96&d=mm&r=g\",\"contentUrl\":\"https:\/\/secure.gravatar.com\/avatar\/5b99f1b1706488192643fded2a661508?s=96&d=mm&r=g\",\"caption\":\"Metagal\"},\"url\":\"https:\/\/www.metagal.com.br\/blog\/autor\/layerup\/\"}]}<\/script>\n<!-- \/ Yoast SEO plugin. -->","yoast_head_json":{"title":"Mobilidade urbana: conhe\u00e7a os principais projetos do Brasil e do mundo - Blog Metagal","description":"A mobilidade urbana \u00e9 um desafio para grandes capitais. Por\u00e9m, algumas iniciativas tendem a melhorar a locomo\u00e7\u00e3o da popula\u00e7\u00e3o. Conhe\u00e7a.","robots":{"index":"index","follow":"follow","max-snippet":"max-snippet:-1","max-image-preview":"max-image-preview:large","max-video-preview":"max-video-preview:-1"},"canonical":"https:\/\/www.metagal.com.br\/blog\/mobilidade-urbana\/","og_locale":"pt_BR","og_type":"article","og_title":"Mobilidade urbana: conhe\u00e7a os principais projetos do Brasil e do mundo - Blog Metagal","og_description":"A mobilidade urbana \u00e9 um desafio para grandes capitais. Por\u00e9m, algumas iniciativas tendem a melhorar a locomo\u00e7\u00e3o da popula\u00e7\u00e3o. Conhe\u00e7a.","og_url":"https:\/\/www.metagal.com.br\/blog\/mobilidade-urbana\/","og_site_name":"Blog Metagal","article_published_time":"2021-07-15T18:04:20+00:00","og_image":[{"width":1920,"height":655,"url":"https:\/\/www.metagal.com.br\/blog\/wp-content\/uploads\/2021\/07\/METAGAL_-header-mobilidade-urbana.png","type":"image\/png"}],"author":"Metagal","twitter_card":"summary_large_image","twitter_misc":{"Escrito por":"Metagal","Est. tempo de leitura":"5 minutos"},"schema":{"@context":"https:\/\/schema.org","@graph":[{"@type":"Article","@id":"https:\/\/www.metagal.com.br\/blog\/mobilidade-urbana\/#article","isPartOf":{"@id":"https:\/\/www.metagal.com.br\/blog\/mobilidade-urbana\/"},"author":{"name":"Metagal","@id":"https:\/\/www.metagal.com.br\/blog\/#\/schema\/person\/86708538b26ec57abb56975e5bc3f3bf"},"headline":"Mobilidade urbana: conhe\u00e7a os principais projetos do Brasil e do mundo","datePublished":"2021-07-15T18:04:20+00:00","mainEntityOfPage":{"@id":"https:\/\/www.metagal.com.br\/blog\/mobilidade-urbana\/"},"wordCount":1188,"commentCount":0,"publisher":{"@id":"https:\/\/www.metagal.com.br\/blog\/#organization"},"image":{"@id":"https:\/\/www.metagal.com.br\/blog\/mobilidade-urbana\/#primaryimage"},"thumbnailUrl":"https:\/\/www.metagal.com.br\/blog\/wp-content\/uploads\/2021\/07\/METAGAL_-header-mobilidade-urbana.png","keywords":["ciclistas","mobilidade","mobilidade urbana","mobilidade urbana sustent\u00e1vel","rodovias","telef\u00e9rico"],"articleSection":["Tecnologia"],"inLanguage":"pt-BR","potentialAction":[{"@type":"CommentAction","name":"Comment","target":["https:\/\/www.metagal.com.br\/blog\/mobilidade-urbana\/#respond"]}]},{"@type":"WebPage","@id":"https:\/\/www.metagal.com.br\/blog\/mobilidade-urbana\/","url":"https:\/\/www.metagal.com.br\/blog\/mobilidade-urbana\/","name":"Mobilidade urbana: conhe\u00e7a os principais projetos do Brasil e do mundo - Blog Metagal","isPartOf":{"@id":"https:\/\/www.metagal.com.br\/blog\/#website"},"primaryImageOfPage":{"@id":"https:\/\/www.metagal.com.br\/blog\/mobilidade-urbana\/#primaryimage"},"image":{"@id":"https:\/\/www.metagal.com.br\/blog\/mobilidade-urbana\/#primaryimage"},"thumbnailUrl":"https:\/\/www.metagal.com.br\/blog\/wp-content\/uploads\/2021\/07\/METAGAL_-header-mobilidade-urbana.png","datePublished":"2021-07-15T18:04:20+00:00","description":"A mobilidade urbana \u00e9 um desafio para grandes capitais. Por\u00e9m, algumas iniciativas tendem a melhorar a locomo\u00e7\u00e3o da popula\u00e7\u00e3o. Conhe\u00e7a.","breadcrumb":{"@id":"https:\/\/www.metagal.com.br\/blog\/mobilidade-urbana\/#breadcrumb"},"inLanguage":"pt-BR","potentialAction":[{"@type":"ReadAction","target":["https:\/\/www.metagal.com.br\/blog\/mobilidade-urbana\/"]}]},{"@type":"ImageObject","inLanguage":"pt-BR","@id":"https:\/\/www.metagal.com.br\/blog\/mobilidade-urbana\/#primaryimage","url":"https:\/\/www.metagal.com.br\/blog\/wp-content\/uploads\/2021\/07\/METAGAL_-header-mobilidade-urbana.png","contentUrl":"https:\/\/www.metagal.com.br\/blog\/wp-content\/uploads\/2021\/07\/METAGAL_-header-mobilidade-urbana.png","width":1920,"height":655,"caption":"Mobilidade urbana: conhe\u00e7a os principais projetos do Brasil e do mundo"},{"@type":"BreadcrumbList","@id":"https:\/\/www.metagal.com.br\/blog\/mobilidade-urbana\/#breadcrumb","itemListElement":[{"@type":"ListItem","position":1,"name":"In\u00edcio","item":"https:\/\/www.metagal.com.br\/blog\/"},{"@type":"ListItem","position":2,"name":"Mobilidade urbana: conhe\u00e7a os principais projetos do Brasil e do mundo"}]},{"@type":"WebSite","@id":"https:\/\/www.metagal.com.br\/blog\/#website","url":"https:\/\/www.metagal.com.br\/blog\/","name":"Blog Metagal","description":"Metagal | L\u00edder no desenvolvimento e produ\u00e7\u00e3o de espelhos retrovisores","publisher":{"@id":"https:\/\/www.metagal.com.br\/blog\/#organization"},"potentialAction":[{"@type":"SearchAction","target":{"@type":"EntryPoint","urlTemplate":"https:\/\/www.metagal.com.br\/blog\/?s={search_term_string}"},"query-input":{"@type":"PropertyValueSpecification","valueRequired":true,"valueName":"search_term_string"}}],"inLanguage":"pt-BR"},{"@type":"Organization","@id":"https:\/\/www.metagal.com.br\/blog\/#organization","name":"Metagal - L\u00edder em Desenvolvimento e Produ\u00e7\u00e3o de Espelhos Retrovisores","url":"https:\/\/www.metagal.com.br\/blog\/","logo":{"@type":"ImageObject","inLanguage":"pt-BR","@id":"https:\/\/www.metagal.com.br\/blog\/#\/schema\/logo\/image\/","url":"https:\/\/www.metagal.com.br\/blog\/wp-content\/uploads\/2018\/11\/Favicon.png","contentUrl":"https:\/\/www.metagal.com.br\/blog\/wp-content\/uploads\/2018\/11\/Favicon.png","width":100,"height":100,"caption":"Metagal - L\u00edder em Desenvolvimento e Produ\u00e7\u00e3o de Espelhos Retrovisores"},"image":{"@id":"https:\/\/www.metagal.com.br\/blog\/#\/schema\/logo\/image\/"}},{"@type":"Person","@id":"https:\/\/www.metagal.com.br\/blog\/#\/schema\/person\/86708538b26ec57abb56975e5bc3f3bf","name":"Metagal","image":{"@type":"ImageObject","inLanguage":"pt-BR","@id":"https:\/\/www.metagal.com.br\/blog\/#\/schema\/person\/image\/","url":"https:\/\/secure.gravatar.com\/avatar\/5b99f1b1706488192643fded2a661508?s=96&d=mm&r=g","contentUrl":"https:\/\/secure.gravatar.com\/avatar\/5b99f1b1706488192643fded2a661508?s=96&d=mm&r=g","caption":"Metagal"},"url":"https:\/\/www.metagal.com.br\/blog\/autor\/layerup\/"}]}},"_links":{"self":[{"href":"https:\/\/www.metagal.com.br\/blog\/wp-json\/wp\/v2\/posts\/4575","targetHints":{"allow":["GET"]}}],"collection":[{"href":"https:\/\/www.metagal.com.br\/blog\/wp-json\/wp\/v2\/posts"}],"about":[{"href":"https:\/\/www.metagal.com.br\/blog\/wp-json\/wp\/v2\/types\/post"}],"author":[{"embeddable":true,"href":"https:\/\/www.metagal.com.br\/blog\/wp-json\/wp\/v2\/users\/1"}],"replies":[{"embeddable":true,"href":"https:\/\/www.metagal.com.br\/blog\/wp-json\/wp\/v2\/comments?post=4575"}],"version-history":[{"count":1,"href":"https:\/\/www.metagal.com.br\/blog\/wp-json\/wp\/v2\/posts\/4575\/revisions"}],"predecessor-version":[{"id":4577,"href":"https:\/\/www.metagal.com.br\/blog\/wp-json\/wp\/v2\/posts\/4575\/revisions\/4577"}],"wp:featuredmedia":[{"embeddable":true,"href":"https:\/\/www.metagal.com.br\/blog\/wp-json\/wp\/v2\/media\/4576"}],"wp:attachment":[{"href":"https:\/\/www.metagal.com.br\/blog\/wp-json\/wp\/v2\/media?parent=4575"}],"wp:term":[{"taxonomy":"category","embeddable":true,"href":"https:\/\/www.metagal.com.br\/blog\/wp-json\/wp\/v2\/categories?post=4575"},{"taxonomy":"post_tag","embeddable":true,"href":"https:\/\/www.metagal.com.br\/blog\/wp-json\/wp\/v2\/tags?post=4575"}],"curies":[{"name":"wp","href":"https:\/\/api.w.org\/{rel}","templated":true}]}}