{"id":4582,"date":"2021-09-03T18:28:08","date_gmt":"2021-09-03T21:28:08","guid":{"rendered":"https:\/\/www.metagal.com.br\/blog\/?p=4582"},"modified":"2021-09-03T18:28:08","modified_gmt":"2021-09-03T21:28:08","slug":"carro-voador","status":"publish","type":"post","link":"https:\/\/www.metagal.com.br\/blog\/carro-voador\/","title":{"rendered":"Carro voador: uma proposta para um futuro que j\u00e1 chegou"},"content":{"rendered":"<p style=\"text-align: center;\"><b><i>Carro voador<\/i><\/b><i><span style=\"font-weight: 400;\"> j\u00e1 existe. Em S\u00e3o Paulo ser\u00e1 poss\u00edvel v\u00ea-los voando em 2030.<\/span><\/i><\/p>\n<p><span style=\"font-weight: 400;\">Desde 1962, podemos acompanhar Os Jetsons nos desenhos animados, uma fam\u00edlia futurista que vive no ano de 2062, em uma \u00e9poca automatizada e com muitos recursos tecnol\u00f3gicos.<\/span><\/p>\n<p><span style=\"font-weight: 400;\">Quem poderia imaginar que em 2021 j\u00e1 ter\u00edamos rob\u00f4s que fazem limpeza, passar\u00edamos horas a fio em reuni\u00f5es por videoconfer\u00eancia, Intelig\u00eancia Artificial e <\/span><b>carro voador<\/b><span style=\"font-weight: 400;\">?<\/span><\/p>\n<p><span style=\"font-weight: 400;\">Sim, <\/span><b>carro voador<\/b><span style=\"font-weight: 400;\">!\u00a0<\/span><\/p>\n<h2><b>O futuro chegou<\/b><\/h2>\n<p><span style=\"font-weight: 400;\">Apesar de em 2021 o tema \u201ccarro voador\u201d ter ganhado destaque, esse assunto j\u00e1 corre h\u00e1 anos pelas salas de desenvolvimento de diversas empresas.<\/span><\/p>\n<p><span style=\"font-weight: 400;\">A maioria deles n\u00e3o se assemelha a um carro convencional e nem a uma aeronave, talvez sua apar\u00eancia esteja mais pr\u00f3xima a de um drone.<\/span><\/p>\n<p><span style=\"font-weight: 400;\">Eles est\u00e3o sendo <\/span><b>projetados para <\/b><span style=\"font-weight: 400;\">oferecer mais uma op\u00e7\u00e3o de mobilidade, diferente\u00a0 <\/span><b>do modelo que conhecemos, a fim de\u00a0 <\/b><span style=\"font-weight: 400;\">desafogar o tr\u00e1fego terrestre<\/span><b>.<\/b><\/p>\n<p><span style=\"font-weight: 400;\">Por\u00e9m, existem empresas que est\u00e3o pensando em potencializar a capacidade de transporte de passageiros, como a <\/span><b>israelense Urban Aeronautics que est\u00e1 investindo em carros voadores supersilenciosos e capazes de transportar at\u00e9 quatro vezes mais passageiros que outros modelos.<\/b><\/p>\n<p><span style=\"font-weight: 400;\">H\u00e1 duas d\u00e9cadas, engenheiros e pilotos da empresa v\u00eam desenvolvendo um modelo mais seguro para o ambiente urbano, com um design inovador e revolucion\u00e1rio e chegaram ao <\/span><b>CityHawk<\/b><span style=\"font-weight: 400;\">, nome do eVTOL da Urban Aeronautics.<\/span><\/p>\n<figure id=\"attachment_4587\" aria-describedby=\"caption-attachment-4587\" style=\"width: 1920px\" class=\"wp-caption alignnone\"><img loading=\"lazy\" decoding=\"async\" class=\"wp-image-4587 size-full\" src=\"https:\/\/www.metagal.com.br\/blog\/wp-content\/uploads\/2021\/09\/imgpsh_fullsize_anim-1.png\" alt=\"prot\u00f3tipo do CityHawk, eVTOL da Urban Aeronautics.\" width=\"1920\" height=\"655\" srcset=\"https:\/\/www.metagal.com.br\/blog\/wp-content\/uploads\/2021\/09\/imgpsh_fullsize_anim-1.png 1920w, https:\/\/www.metagal.com.br\/blog\/wp-content\/uploads\/2021\/09\/imgpsh_fullsize_anim-1-300x102.png 300w, https:\/\/www.metagal.com.br\/blog\/wp-content\/uploads\/2021\/09\/imgpsh_fullsize_anim-1-1024x349.png 1024w, https:\/\/www.metagal.com.br\/blog\/wp-content\/uploads\/2021\/09\/imgpsh_fullsize_anim-1-768x262.png 768w, https:\/\/www.metagal.com.br\/blog\/wp-content\/uploads\/2021\/09\/imgpsh_fullsize_anim-1-1536x524.png 1536w\" sizes=\"auto, (max-width: 1920px) 100vw, 1920px\" \/><figcaption id=\"caption-attachment-4587\" class=\"wp-caption-text\">\u00a0<\/figcaption><\/figure>\n<p><span style=\"font-weight: 400;\">A arquitetura desse sistema de aeronaves \u00e9 totalmente redundante, e ainda conta com um sistema de paraquedas \u00e0 prova de falhas, e sistemas integrados de aux\u00edlio ao piloto, al\u00e9m de <\/span><b>Intelig\u00eancia Artificial que minimiza o erro humano<\/b><span style=\"font-weight: 400;\">.<\/span><\/p>\n<p><span style=\"font-weight: 400;\">O grande diferencial desse modelo \u00e9 que seus rotores<\/span><b> Fancraft s\u00e3o fechados<\/b><span style=\"font-weight: 400;\"> e, por isso, s\u00e3o muito mais silenciosos, seguros e permitem <\/span><b>maior velocidade de voo<\/b><span style=\"font-weight: 400;\"> e <\/span><b>alta estabilidade<\/b><span style=\"font-weight: 400;\"> ao pairar em rajadas de vento.<\/span><\/p>\n<p><span style=\"font-weight: 400;\">Esta tecnologia para rotores internos \u00e9 exclusiva e patenteada pela Urban.<\/span><\/p>\n<p><span style=\"font-weight: 400;\">Outro ponto de destaque do <\/span><b>CityHawk<\/b><span style=\"font-weight: 400;\"> \u00e9 que mesmo sendo pequeno, <\/span><b>pode levar at\u00e9 quatro vezes mais passageiros que os demais modelos do mercado<\/b><span style=\"font-weight: 400;\">, minimizando os investimentos em infraestrutura comercial <\/span><i><span style=\"font-weight: 400;\">vertiport<\/span><\/i><span style=\"font-weight: 400;\"> (local destinado a opera\u00e7\u00e3o dos eVTOLs) e permitindo o acesso dos passageiros em qualquer lugar.<\/span><\/p>\n<p><span style=\"font-weight: 400;\">Essas aeronaves tamb\u00e9m podem ser muito eficazes para <\/span><b>substituir ambul\u00e2ncias<\/b><span style=\"font-weight: 400;\">, uma vez que elas s\u00e3o do tamanho de um SUV padr\u00e3o e podem voar e pousar onde quer que seja necess\u00e1ria ajuda.<\/span><\/p>\n<p><span style=\"font-weight: 400;\">Os <\/span><b>CityHawk<\/b><span style=\"font-weight: 400;\"> s\u00e3o modelos vers\u00e1teis que podem facilitar e melhorar a mobilidade urbana, otimizar o tempo de socorro e ainda podem ajudar a sanar diversos problemas de grandes cidades.<\/span><\/p>\n<p><span style=\"font-weight: 400;\">J\u00e1 foram conclu\u00eddos mais de 300 voos de teste com excel\u00eancia. Em tempo, \u00e9 importante ressaltar que a Urban Aeronautics est\u00e1 comprometida com a energia 100% do hidrog\u00eanio para toda a sua linha de produtos. Sendo assim, ser\u00e1 a frota a\u00e9rea mais ecologicamente correta e eficiente do planeta!<\/span><\/p>\n<h2><b>De olho na concorr\u00eancia de carro voador<\/b><\/h2>\n<p><span style=\"font-weight: 400;\">Em agosto do ano passado, sete anos ap\u00f3s o in\u00edcio do desenvolvimento e passados dois anos de seu lan\u00e7amento oficial, o projeto do <\/span><b>primeiro carro voador japon\u00eas<\/b><span style=\"font-weight: 400;\">, o <\/span><b>SD-03<\/b><span style=\"font-weight: 400;\">, tornou-se realidade e teve o primeiro voo p\u00fablico.\u00a0<\/span><\/p>\n<p><span style=\"font-weight: 400;\">Em setembro de 2020, no Sal\u00e3o de Pequim, a <\/span><b>Xpeng Motors<\/b><span style=\"font-weight: 400;\"> (startup e ve\u00edculos el\u00e9tricos) tamb\u00e9m conhecida como \u201c<\/span><b>Tesla chinesa<\/b><span style=\"font-weight: 400;\">\u201d, mostrou seu primeiro modelo de uma s\u00e9rie de carros voadores que est\u00e3o em desenvolvimento. A previs\u00e3o \u00e9 que <\/span><b>a partir de 2022 as vendas de iniciem no territ\u00f3rio chin\u00eas.<\/b><\/p>\n<p><span style=\"font-weight: 400;\">J\u00e1 este ano, al\u00e9m do modelo da Embraer, o <\/span><b>ASKA<\/b><span style=\"font-weight: 400;\">, <\/span><b>desenvolvido pela startup israelense\/americana NFT Inc.<\/b><span style=\"font-weight: 400;\">, tamb\u00e9m foi lan\u00e7ado e quem quiser \u2014 e puder pagar pelo carro voador \u2014 j\u00e1 pode garantir o seu na pr\u00e9-venda.<\/span><\/p>\n<p><span style=\"font-weight: 400;\">O ve\u00edculo al\u00e9m de<\/span><b> el\u00e9trico, \u00e9 dobr\u00e1vel e pode decolar e pousar verticalmente<\/b><span style=\"font-weight: 400;\">. Ele faz parte do conceito chamado \u201c<\/span><b>fly and drive<\/b><span style=\"font-weight: 400;\">\u201d, ou seja, pode ser utilizado tanto nos c\u00e9us quanto em viagens nas ruas e estradas.<\/span><\/p>\n<p><span style=\"font-weight: 400;\">O <\/span><b>VTOL el\u00e9trico <\/b><span style=\"font-weight: 400;\">foi projetado inicialmente em 2019, com foco em ser uma aeronave, mas agora passou a ser chamado de <\/span><b>carro voador<\/b><span style=\"font-weight: 400;\">.<\/span><\/p>\n<p><span style=\"font-weight: 400;\">A ideia do projeto \u00e9 <\/span><b>revolucionar o mercado de transporte no futuro<\/b><span style=\"font-weight: 400;\">, por\u00e9m n\u00e3o \u00e9 para todos. A NFT divulgou que o <\/span><b>pre\u00e7o inicial do produto \u00e9 US$ 789 mil<\/b><span style=\"font-weight: 400;\">, na cota\u00e7\u00e3o atual \u00e9 equivalente a quase <\/span><b>R$ 4 milh\u00f5es e 336 mil<\/b><span style=\"font-weight: 400;\">.<\/span><\/p>\n<p><iframe loading=\"lazy\" title=\"YouTube video player\" src=\"https:\/\/www.youtube.com\/embed\/5oiWtYLA-Go\" width=\"560\" height=\"315\" frameborder=\"0\" allowfullscreen=\"allowfullscreen\"><\/iframe><\/p>\n<h2><b>Cen\u00e1rio brasileiro<\/b><\/h2>\n<p><span style=\"font-weight: 400;\">No Brasil, algumas empresas j\u00e1 est\u00e3o em est\u00e1gios avan\u00e7ados para a venda e comercializa\u00e7\u00e3o dos eVTOL (Ve\u00edculo El\u00e9trico Voador com Decolagem Vertical, sigla em ingl\u00eas).<\/span><\/p>\n<p><span style=\"font-weight: 400;\">Segundo o diretor estrat\u00e9gico da empresa alem\u00e3 Lilum, Alexandre Asseily, em entrevista ao Estad\u00e3o, em 2030 j\u00e1 ser\u00e1 poss\u00edvel ver carros voadores no c\u00e9u de S\u00e3o Paulo.<\/span><\/p>\n<p><span style=\"font-weight: 400;\">Isso porque, ainda segundo Asseily, o mercado brasileiro, especificamente o de S\u00e3o Paulo, \u00e9 muito promissor.\u00a0<\/span><\/p>\n<p><span style=\"font-weight: 400;\">Com essas iniciativas, a principal miss\u00e3o \u00e9 ampliar as op\u00e7\u00f5es de transporte existentes, desenvolvendo uma gera\u00e7\u00e3o de avia\u00e7\u00e3o urbana e, a longo prazo, acess\u00edvel.<\/span><\/p>\n<p style=\"text-align: center;\"><span style=\"font-weight: 400;\">*<\/span><\/p>\n<p><span style=\"font-weight: 400;\">A Metagal, l\u00edder no mercado de espelhos retrovisores, sistemas de retrovis\u00e3o e no desenvolvimento de c\u00e2meras para monitoramento veicular, \u00e9 um exemplo da constante busca por inova\u00e7\u00e3o. H\u00e1 mais de 50 anos no setor, a empresa investe pesado em pesquisas, capacita\u00e7\u00e3o de seus profissionais e novas tecnologias.<\/span><\/p>\n","protected":false},"excerpt":{"rendered":"<p>Quem poderia imaginar que em 2021 j\u00e1 ter\u00edamos carro voador? Sim, j\u00e1 \u00e9 uma realidade.<\/p>\n","protected":false},"author":1,"featured_media":4585,"comment_status":"open","ping_status":"open","sticky":false,"template":"","format":"standard","meta":{"footnotes":""},"categories":[112],"tags":[372,373,246,247],"class_list":["post-4582","post","type-post","status-publish","format-standard","has-post-thumbnail","hentry","category-tecnologia","tag-carros-voadores","tag-inteligencia-artificial","tag-setor-automotivo","tag-tecnologia"],"yoast_head":"<!-- This site is optimized with the Yoast SEO plugin v25.9 - https:\/\/yoast.com\/wordpress\/plugins\/seo\/ -->\n<title>Carro voador: uma proposta para um futuro que j\u00e1 chegou<\/title>\n<meta name=\"description\" content=\"Quem poderia imaginar que em 2021 j\u00e1 ter\u00edamos carro voador? Sim, j\u00e1 \u00e9 uma realidade. Venha conferir!\" \/>\n<meta name=\"robots\" content=\"index, follow, max-snippet:-1, max-image-preview:large, max-video-preview:-1\" \/>\n<link rel=\"canonical\" href=\"https:\/\/www.metagal.com.br\/blog\/carro-voador\/\" \/>\n<meta property=\"og:locale\" content=\"pt_BR\" \/>\n<meta property=\"og:type\" content=\"article\" \/>\n<meta property=\"og:title\" content=\"Carro voador: uma proposta para um futuro que j\u00e1 chegou\" \/>\n<meta property=\"og:description\" content=\"Quem poderia imaginar que em 2021 j\u00e1 ter\u00edamos carro voador? Sim, j\u00e1 \u00e9 uma realidade. Venha conferir!\" \/>\n<meta property=\"og:url\" content=\"https:\/\/www.metagal.com.br\/blog\/carro-voador\/\" \/>\n<meta property=\"og:site_name\" content=\"Blog Metagal\" \/>\n<meta property=\"article:published_time\" content=\"2021-09-03T21:28:08+00:00\" \/>\n<meta property=\"og:image\" content=\"https:\/\/www.metagal.com.br\/blog\/wp-content\/uploads\/2021\/09\/METAGAL_-header-carro-voador.png\" \/>\n\t<meta property=\"og:image:width\" content=\"1920\" \/>\n\t<meta property=\"og:image:height\" content=\"655\" \/>\n\t<meta property=\"og:image:type\" content=\"image\/png\" \/>\n<meta name=\"author\" content=\"Metagal\" \/>\n<meta name=\"twitter:card\" content=\"summary_large_image\" \/>\n<meta name=\"twitter:label1\" content=\"Escrito por\" \/>\n\t<meta name=\"twitter:data1\" content=\"Metagal\" \/>\n\t<meta name=\"twitter:label2\" content=\"Est. tempo de leitura\" \/>\n\t<meta name=\"twitter:data2\" content=\"4 minutos\" \/>\n<script type=\"application\/ld+json\" class=\"yoast-schema-graph\">{\"@context\":\"https:\/\/schema.org\",\"@graph\":[{\"@type\":\"Article\",\"@id\":\"https:\/\/www.metagal.com.br\/blog\/carro-voador\/#article\",\"isPartOf\":{\"@id\":\"https:\/\/www.metagal.com.br\/blog\/carro-voador\/\"},\"author\":{\"name\":\"Metagal\",\"@id\":\"https:\/\/www.metagal.com.br\/blog\/#\/schema\/person\/86708538b26ec57abb56975e5bc3f3bf\"},\"headline\":\"Carro voador: uma proposta para um futuro que j\u00e1 chegou\",\"datePublished\":\"2021-09-03T21:28:08+00:00\",\"mainEntityOfPage\":{\"@id\":\"https:\/\/www.metagal.com.br\/blog\/carro-voador\/\"},\"wordCount\":906,\"commentCount\":0,\"publisher\":{\"@id\":\"https:\/\/www.metagal.com.br\/blog\/#organization\"},\"image\":{\"@id\":\"https:\/\/www.metagal.com.br\/blog\/carro-voador\/#primaryimage\"},\"thumbnailUrl\":\"https:\/\/www.metagal.com.br\/blog\/wp-content\/uploads\/2021\/09\/METAGAL_-header-carro-voador.png\",\"keywords\":[\"carros voadores\",\"intelig\u00eancia artificial\",\"setor automotivo\",\"tecnologia\"],\"articleSection\":[\"Tecnologia\"],\"inLanguage\":\"pt-BR\",\"potentialAction\":[{\"@type\":\"CommentAction\",\"name\":\"Comment\",\"target\":[\"https:\/\/www.metagal.com.br\/blog\/carro-voador\/#respond\"]}]},{\"@type\":\"WebPage\",\"@id\":\"https:\/\/www.metagal.com.br\/blog\/carro-voador\/\",\"url\":\"https:\/\/www.metagal.com.br\/blog\/carro-voador\/\",\"name\":\"Carro voador: uma proposta para um futuro que j\u00e1 chegou\",\"isPartOf\":{\"@id\":\"https:\/\/www.metagal.com.br\/blog\/#website\"},\"primaryImageOfPage\":{\"@id\":\"https:\/\/www.metagal.com.br\/blog\/carro-voador\/#primaryimage\"},\"image\":{\"@id\":\"https:\/\/www.metagal.com.br\/blog\/carro-voador\/#primaryimage\"},\"thumbnailUrl\":\"https:\/\/www.metagal.com.br\/blog\/wp-content\/uploads\/2021\/09\/METAGAL_-header-carro-voador.png\",\"datePublished\":\"2021-09-03T21:28:08+00:00\",\"description\":\"Quem poderia imaginar que em 2021 j\u00e1 ter\u00edamos carro voador? Sim, j\u00e1 \u00e9 uma realidade. Venha conferir!\",\"breadcrumb\":{\"@id\":\"https:\/\/www.metagal.com.br\/blog\/carro-voador\/#breadcrumb\"},\"inLanguage\":\"pt-BR\",\"potentialAction\":[{\"@type\":\"ReadAction\",\"target\":[\"https:\/\/www.metagal.com.br\/blog\/carro-voador\/\"]}]},{\"@type\":\"ImageObject\",\"inLanguage\":\"pt-BR\",\"@id\":\"https:\/\/www.metagal.com.br\/blog\/carro-voador\/#primaryimage\",\"url\":\"https:\/\/www.metagal.com.br\/blog\/wp-content\/uploads\/2021\/09\/METAGAL_-header-carro-voador.png\",\"contentUrl\":\"https:\/\/www.metagal.com.br\/blog\/wp-content\/uploads\/2021\/09\/METAGAL_-header-carro-voador.png\",\"width\":1920,\"height\":655,\"caption\":\"Carro voador: uma proposta para um futuro que j\u00e1 chegou\"},{\"@type\":\"BreadcrumbList\",\"@id\":\"https:\/\/www.metagal.com.br\/blog\/carro-voador\/#breadcrumb\",\"itemListElement\":[{\"@type\":\"ListItem\",\"position\":1,\"name\":\"In\u00edcio\",\"item\":\"https:\/\/www.metagal.com.br\/blog\/\"},{\"@type\":\"ListItem\",\"position\":2,\"name\":\"Carro voador: uma proposta para um futuro que j\u00e1 chegou\"}]},{\"@type\":\"WebSite\",\"@id\":\"https:\/\/www.metagal.com.br\/blog\/#website\",\"url\":\"https:\/\/www.metagal.com.br\/blog\/\",\"name\":\"Blog Metagal\",\"description\":\"Metagal | L\u00edder no desenvolvimento e produ\u00e7\u00e3o de espelhos retrovisores\",\"publisher\":{\"@id\":\"https:\/\/www.metagal.com.br\/blog\/#organization\"},\"potentialAction\":[{\"@type\":\"SearchAction\",\"target\":{\"@type\":\"EntryPoint\",\"urlTemplate\":\"https:\/\/www.metagal.com.br\/blog\/?s={search_term_string}\"},\"query-input\":{\"@type\":\"PropertyValueSpecification\",\"valueRequired\":true,\"valueName\":\"search_term_string\"}}],\"inLanguage\":\"pt-BR\"},{\"@type\":\"Organization\",\"@id\":\"https:\/\/www.metagal.com.br\/blog\/#organization\",\"name\":\"Metagal - L\u00edder em Desenvolvimento e Produ\u00e7\u00e3o de Espelhos Retrovisores\",\"url\":\"https:\/\/www.metagal.com.br\/blog\/\",\"logo\":{\"@type\":\"ImageObject\",\"inLanguage\":\"pt-BR\",\"@id\":\"https:\/\/www.metagal.com.br\/blog\/#\/schema\/logo\/image\/\",\"url\":\"https:\/\/www.metagal.com.br\/blog\/wp-content\/uploads\/2018\/11\/Favicon.png\",\"contentUrl\":\"https:\/\/www.metagal.com.br\/blog\/wp-content\/uploads\/2018\/11\/Favicon.png\",\"width\":100,\"height\":100,\"caption\":\"Metagal - L\u00edder em Desenvolvimento e Produ\u00e7\u00e3o de Espelhos Retrovisores\"},\"image\":{\"@id\":\"https:\/\/www.metagal.com.br\/blog\/#\/schema\/logo\/image\/\"}},{\"@type\":\"Person\",\"@id\":\"https:\/\/www.metagal.com.br\/blog\/#\/schema\/person\/86708538b26ec57abb56975e5bc3f3bf\",\"name\":\"Metagal\",\"image\":{\"@type\":\"ImageObject\",\"inLanguage\":\"pt-BR\",\"@id\":\"https:\/\/www.metagal.com.br\/blog\/#\/schema\/person\/image\/\",\"url\":\"https:\/\/secure.gravatar.com\/avatar\/5b99f1b1706488192643fded2a661508?s=96&d=mm&r=g\",\"contentUrl\":\"https:\/\/secure.gravatar.com\/avatar\/5b99f1b1706488192643fded2a661508?s=96&d=mm&r=g\",\"caption\":\"Metagal\"},\"url\":\"https:\/\/www.metagal.com.br\/blog\/autor\/layerup\/\"}]}<\/script>\n<!-- \/ Yoast SEO plugin. -->","yoast_head_json":{"title":"Carro voador: uma proposta para um futuro que j\u00e1 chegou","description":"Quem poderia imaginar que em 2021 j\u00e1 ter\u00edamos carro voador? Sim, j\u00e1 \u00e9 uma realidade. Venha conferir!","robots":{"index":"index","follow":"follow","max-snippet":"max-snippet:-1","max-image-preview":"max-image-preview:large","max-video-preview":"max-video-preview:-1"},"canonical":"https:\/\/www.metagal.com.br\/blog\/carro-voador\/","og_locale":"pt_BR","og_type":"article","og_title":"Carro voador: uma proposta para um futuro que j\u00e1 chegou","og_description":"Quem poderia imaginar que em 2021 j\u00e1 ter\u00edamos carro voador? Sim, j\u00e1 \u00e9 uma realidade. Venha conferir!","og_url":"https:\/\/www.metagal.com.br\/blog\/carro-voador\/","og_site_name":"Blog Metagal","article_published_time":"2021-09-03T21:28:08+00:00","og_image":[{"width":1920,"height":655,"url":"https:\/\/www.metagal.com.br\/blog\/wp-content\/uploads\/2021\/09\/METAGAL_-header-carro-voador.png","type":"image\/png"}],"author":"Metagal","twitter_card":"summary_large_image","twitter_misc":{"Escrito por":"Metagal","Est. tempo de leitura":"4 minutos"},"schema":{"@context":"https:\/\/schema.org","@graph":[{"@type":"Article","@id":"https:\/\/www.metagal.com.br\/blog\/carro-voador\/#article","isPartOf":{"@id":"https:\/\/www.metagal.com.br\/blog\/carro-voador\/"},"author":{"name":"Metagal","@id":"https:\/\/www.metagal.com.br\/blog\/#\/schema\/person\/86708538b26ec57abb56975e5bc3f3bf"},"headline":"Carro voador: uma proposta para um futuro que j\u00e1 chegou","datePublished":"2021-09-03T21:28:08+00:00","mainEntityOfPage":{"@id":"https:\/\/www.metagal.com.br\/blog\/carro-voador\/"},"wordCount":906,"commentCount":0,"publisher":{"@id":"https:\/\/www.metagal.com.br\/blog\/#organization"},"image":{"@id":"https:\/\/www.metagal.com.br\/blog\/carro-voador\/#primaryimage"},"thumbnailUrl":"https:\/\/www.metagal.com.br\/blog\/wp-content\/uploads\/2021\/09\/METAGAL_-header-carro-voador.png","keywords":["carros voadores","intelig\u00eancia artificial","setor automotivo","tecnologia"],"articleSection":["Tecnologia"],"inLanguage":"pt-BR","potentialAction":[{"@type":"CommentAction","name":"Comment","target":["https:\/\/www.metagal.com.br\/blog\/carro-voador\/#respond"]}]},{"@type":"WebPage","@id":"https:\/\/www.metagal.com.br\/blog\/carro-voador\/","url":"https:\/\/www.metagal.com.br\/blog\/carro-voador\/","name":"Carro voador: uma proposta para um futuro que j\u00e1 chegou","isPartOf":{"@id":"https:\/\/www.metagal.com.br\/blog\/#website"},"primaryImageOfPage":{"@id":"https:\/\/www.metagal.com.br\/blog\/carro-voador\/#primaryimage"},"image":{"@id":"https:\/\/www.metagal.com.br\/blog\/carro-voador\/#primaryimage"},"thumbnailUrl":"https:\/\/www.metagal.com.br\/blog\/wp-content\/uploads\/2021\/09\/METAGAL_-header-carro-voador.png","datePublished":"2021-09-03T21:28:08+00:00","description":"Quem poderia imaginar que em 2021 j\u00e1 ter\u00edamos carro voador? Sim, j\u00e1 \u00e9 uma realidade. Venha conferir!","breadcrumb":{"@id":"https:\/\/www.metagal.com.br\/blog\/carro-voador\/#breadcrumb"},"inLanguage":"pt-BR","potentialAction":[{"@type":"ReadAction","target":["https:\/\/www.metagal.com.br\/blog\/carro-voador\/"]}]},{"@type":"ImageObject","inLanguage":"pt-BR","@id":"https:\/\/www.metagal.com.br\/blog\/carro-voador\/#primaryimage","url":"https:\/\/www.metagal.com.br\/blog\/wp-content\/uploads\/2021\/09\/METAGAL_-header-carro-voador.png","contentUrl":"https:\/\/www.metagal.com.br\/blog\/wp-content\/uploads\/2021\/09\/METAGAL_-header-carro-voador.png","width":1920,"height":655,"caption":"Carro voador: uma proposta para um futuro que j\u00e1 chegou"},{"@type":"BreadcrumbList","@id":"https:\/\/www.metagal.com.br\/blog\/carro-voador\/#breadcrumb","itemListElement":[{"@type":"ListItem","position":1,"name":"In\u00edcio","item":"https:\/\/www.metagal.com.br\/blog\/"},{"@type":"ListItem","position":2,"name":"Carro voador: uma proposta para um futuro que j\u00e1 chegou"}]},{"@type":"WebSite","@id":"https:\/\/www.metagal.com.br\/blog\/#website","url":"https:\/\/www.metagal.com.br\/blog\/","name":"Blog Metagal","description":"Metagal | L\u00edder no desenvolvimento e produ\u00e7\u00e3o de espelhos retrovisores","publisher":{"@id":"https:\/\/www.metagal.com.br\/blog\/#organization"},"potentialAction":[{"@type":"SearchAction","target":{"@type":"EntryPoint","urlTemplate":"https:\/\/www.metagal.com.br\/blog\/?s={search_term_string}"},"query-input":{"@type":"PropertyValueSpecification","valueRequired":true,"valueName":"search_term_string"}}],"inLanguage":"pt-BR"},{"@type":"Organization","@id":"https:\/\/www.metagal.com.br\/blog\/#organization","name":"Metagal - L\u00edder em Desenvolvimento e Produ\u00e7\u00e3o de Espelhos Retrovisores","url":"https:\/\/www.metagal.com.br\/blog\/","logo":{"@type":"ImageObject","inLanguage":"pt-BR","@id":"https:\/\/www.metagal.com.br\/blog\/#\/schema\/logo\/image\/","url":"https:\/\/www.metagal.com.br\/blog\/wp-content\/uploads\/2018\/11\/Favicon.png","contentUrl":"https:\/\/www.metagal.com.br\/blog\/wp-content\/uploads\/2018\/11\/Favicon.png","width":100,"height":100,"caption":"Metagal - L\u00edder em Desenvolvimento e Produ\u00e7\u00e3o de Espelhos Retrovisores"},"image":{"@id":"https:\/\/www.metagal.com.br\/blog\/#\/schema\/logo\/image\/"}},{"@type":"Person","@id":"https:\/\/www.metagal.com.br\/blog\/#\/schema\/person\/86708538b26ec57abb56975e5bc3f3bf","name":"Metagal","image":{"@type":"ImageObject","inLanguage":"pt-BR","@id":"https:\/\/www.metagal.com.br\/blog\/#\/schema\/person\/image\/","url":"https:\/\/secure.gravatar.com\/avatar\/5b99f1b1706488192643fded2a661508?s=96&d=mm&r=g","contentUrl":"https:\/\/secure.gravatar.com\/avatar\/5b99f1b1706488192643fded2a661508?s=96&d=mm&r=g","caption":"Metagal"},"url":"https:\/\/www.metagal.com.br\/blog\/autor\/layerup\/"}]}},"_links":{"self":[{"href":"https:\/\/www.metagal.com.br\/blog\/wp-json\/wp\/v2\/posts\/4582","targetHints":{"allow":["GET"]}}],"collection":[{"href":"https:\/\/www.metagal.com.br\/blog\/wp-json\/wp\/v2\/posts"}],"about":[{"href":"https:\/\/www.metagal.com.br\/blog\/wp-json\/wp\/v2\/types\/post"}],"author":[{"embeddable":true,"href":"https:\/\/www.metagal.com.br\/blog\/wp-json\/wp\/v2\/users\/1"}],"replies":[{"embeddable":true,"href":"https:\/\/www.metagal.com.br\/blog\/wp-json\/wp\/v2\/comments?post=4582"}],"version-history":[{"count":3,"href":"https:\/\/www.metagal.com.br\/blog\/wp-json\/wp\/v2\/posts\/4582\/revisions"}],"predecessor-version":[{"id":4588,"href":"https:\/\/www.metagal.com.br\/blog\/wp-json\/wp\/v2\/posts\/4582\/revisions\/4588"}],"wp:featuredmedia":[{"embeddable":true,"href":"https:\/\/www.metagal.com.br\/blog\/wp-json\/wp\/v2\/media\/4585"}],"wp:attachment":[{"href":"https:\/\/www.metagal.com.br\/blog\/wp-json\/wp\/v2\/media?parent=4582"}],"wp:term":[{"taxonomy":"category","embeddable":true,"href":"https:\/\/www.metagal.com.br\/blog\/wp-json\/wp\/v2\/categories?post=4582"},{"taxonomy":"post_tag","embeddable":true,"href":"https:\/\/www.metagal.com.br\/blog\/wp-json\/wp\/v2\/tags?post=4582"}],"curies":[{"name":"wp","href":"https:\/\/api.w.org\/{rel}","templated":true}]}}