{"id":4590,"date":"2021-09-22T10:15:17","date_gmt":"2021-09-22T13:15:17","guid":{"rendered":"https:\/\/www.metagal.com.br\/blog\/?p=4590"},"modified":"2021-09-22T10:16:14","modified_gmt":"2021-09-22T13:16:14","slug":"motos-lideram-ranking-vitimas-fatais","status":"publish","type":"post","link":"https:\/\/www.metagal.com.br\/blog\/motos-lideram-ranking-vitimas-fatais\/","title":{"rendered":"Acidentes de tr\u00e2nsito: pilotos de motos lideram ranking de v\u00edtimas fatais"},"content":{"rendered":"<p><span style=\"font-weight: 400;\">N\u00e3o h\u00e1 d\u00favidas sobre a<\/span><b> import\u00e2ncia das motos para a sociedade<\/b><span style=\"font-weight: 400;\">.\u00a0<\/span><\/p>\n<p><span style=\"font-weight: 400;\">Seja em grandes centros urbanos ou em lugares mais remotos, foram <\/span><b>elas que n\u00e3o deixaram o pa\u00eds e parte da economia pararem<\/b><span style=\"font-weight: 400;\"> no per\u00edodo de maior restri\u00e7\u00e3o social por causa da pandemia.<\/span><\/p>\n<p><span style=\"font-weight: 400;\">Al\u00e9m disso, comprar e manter uma moto, em compara\u00e7\u00e3o a um carro, \u00e9 mais acess\u00edvel e mais econ\u00f4mico.<\/span><\/p>\n<p><span style=\"font-weight: 400;\">Definitivamente, s\u00e3o indiscut\u00edveis as facilidades que as motos oferecem como meio de transporte pessoal e de servi\u00e7o.<\/span><\/p>\n<p><span style=\"font-weight: 400;\">Diante de tantos benef\u00edcios, h\u00e1 um contraponto em rela\u00e7\u00e3o a este meio de transporte: <\/span><b>s\u00e3o considerados perigosos e h\u00e1 praticamente um consenso quanto a isso<\/b><span style=\"font-weight: 400;\">.<\/span><\/p>\n<p><span style=\"font-weight: 400;\">Infelizmente, alguns dados confirmam essa hip\u00f3tese: <\/span><b>h\u00e1 uma d\u00e9cada, os pilotos de motos lideram o ranking de acidentes de tr\u00e2nsito fatais no Brasil<\/b><span style=\"font-weight: 400;\">.\u00a0<\/span><\/p>\n<h2><b>Alguns n\u00fameros importantes sobre motos<\/b><\/h2>\n<p><span style=\"font-weight: 400;\">A <\/span><b>produ\u00e7\u00e3o de motos cresceu 45%<\/b><span style=\"font-weight: 400;\"> no primeiro semestre de 2021, isso equivale a 568.863 unidades, segundo o balan\u00e7o da Abraciclo (Associa\u00e7\u00e3o Brasileira dos Fabricantes de Motocicletas, Ciclomotores, Motonetas, Bicicletas e Similares).\u00a0<\/span><\/p>\n<p><b>Em apenas 10 anos, a frota nacional praticamente dobrou<\/b><span style=\"font-weight: 400;\">. Somente no estado de S\u00e3o Paulo, o total de motos \u00e9 de quase 30 milh\u00f5es e na capital a quantidade \u00e9 de 1.076.861 de unidades. Os dados s\u00e3o de abril deste ano e foram divulgados pelo Detran SP.<\/span><\/p>\n<p><span style=\"font-weight: 400;\">Hoje, existe uma moto para cada sete habitantes no Brasil, a tend\u00eancia \u00e9 que cheguemos a n\u00fameros parecidos com os dos pa\u00edses asi\u00e1ticos: uma moto para cada cinco pessoas.<\/span><\/p>\n<p><span style=\"font-weight: 400;\">\u00c9 importante ressaltar que em 10 estados j\u00e1 existem mais motos do que carros. Em Rond\u00f4nia, h\u00e1 uma moto para cada tr\u00eas habitantes.<\/span><\/p>\n<p><span style=\"font-weight: 400;\">E n\u00e3o s\u00e3o somente os n\u00fameros positivos que crescem: em compara\u00e7\u00e3o ao mesmo per\u00edodo do ano passado, <\/span><b>as ocorr\u00eancias de tr\u00e2nsito envolvendo motociclistas aumentaram 45,5%<\/b><span style=\"font-weight: 400;\"> e <\/span><b>a morte de motociclistas aumentou 13,5%<\/b><span style=\"font-weight: 400;\">. Os principais envolvidos s\u00e3o os entregadores de delivery, ainda de acordo com a mesma pesquisa do Detran SP.<\/span><\/p>\n<p><span style=\"font-weight: 400;\">Para alguns especialistas, esses n\u00fameros s\u00e3o reflexo do aumento de motos nas ruas, por\u00e9m n\u00e3o deveria ser uma progress\u00e3o.<\/span><\/p>\n<p><span style=\"font-weight: 400;\">Sendo assim, qual o motivo para tantos acidentes?<\/span><\/p>\n<h2><b>Acidentes de tr\u00e2nsito: quem s\u00e3o os verdadeiros vil\u00f5es?<\/b><\/h2>\n<p><b>O fator humano \u00e9 o principal respons\u00e1vel pelas causas de acidentes de tr\u00e2nsito.<\/b><span style=\"font-weight: 400;\"> Segundo o Atlas da acidentalidade no transporte Brasileiro 2020, essas s\u00e3o os principais motivos:<\/span><\/p>\n<p><img loading=\"lazy\" decoding=\"async\" class=\"aligncenter wp-image-4592 size-full\" src=\"https:\/\/www.metagal.com.br\/blog\/wp-content\/uploads\/2021\/09\/imgem-BP-1-1.png\" alt=\"Causas de acidentes\" width=\"600\" height=\"354\" srcset=\"https:\/\/www.metagal.com.br\/blog\/wp-content\/uploads\/2021\/09\/imgem-BP-1-1.png 600w, https:\/\/www.metagal.com.br\/blog\/wp-content\/uploads\/2021\/09\/imgem-BP-1-1-300x177.png 300w\" sizes=\"auto, (max-width: 600px) 100vw, 600px\" \/><\/p>\n<p><span style=\"font-weight: 400;\">U<\/span><b>m tr\u00e2nsito mais seguro \u00e9 um trabalho coletivo entre pedestres e motoristas.<\/b><span style=\"font-weight: 400;\"> Para tentar amenizar o problema, \u00e9 preciso que todos se conscientizem sobre os perigos nas vias.<\/span><\/p>\n<p><span style=\"font-weight: 400;\">Al\u00e9m disso, <\/span><b>a tecnologia pode ser uma grande aliada dos pilotos de motos<\/b><span style=\"font-weight: 400;\">.<\/span><\/p>\n<p><span style=\"font-weight: 400;\">Existem recursos desenvolvidos especificamente para prevenir situa\u00e7\u00f5es e acidentes de tr\u00e2nsito, como o <\/span><b>Ride Vision: um sistema de alerta avan\u00e7ado e f\u00e1cil de usar para preven\u00e7\u00e3o de colis\u00f5es<\/b><span style=\"font-weight: 400;\">.<\/span><\/p>\n<p><span style=\"font-weight: 400;\">Ele fornece aos passageiros prote\u00e7\u00e3o de 360\u00ba contra amea\u00e7as cr\u00edticas por meio de avisos intrusivos em tempo real.\u00a0<\/span><\/p>\n<p><span style=\"font-weight: 400;\">Dessa maneira, os pilotos ficam mais concentrados ao que est\u00e1 acontecendo \u00e0 frente e tem mais seguran\u00e7a durante seu trajeto.\u00a0<\/span><\/p>\n<p><span style=\"font-weight: 400;\">A <\/span><b>Metagal<\/b><span style=\"font-weight: 400;\"> preza por <\/span><b>excel\u00eancia e inova\u00e7\u00e3o<\/b><span style=\"font-weight: 400;\"> constantes, por isso est\u00e1 sempre em busca de solu\u00e7\u00f5es sustent\u00e1veis que levem mais seguran\u00e7a para o tr\u00e2nsito. Assim, nos tornamos uma empresa <\/span><b>parceira da Ride Vision<\/b><span style=\"font-weight: 400;\">.<\/span><\/p>\n<p><span style=\"font-weight: 400;\">Assista ao v\u00eddeo abaixo e conhe\u00e7a a tecnologia:<\/span><\/p>\n<p><iframe loading=\"lazy\" title=\"YouTube video player\" src=\"https:\/\/www.youtube.com\/embed\/uVTvLCzd3yk\" width=\"560\" height=\"315\" frameborder=\"0\" allowfullscreen=\"allowfullscreen\"><\/iframe><\/p>\n<p><span style=\"font-weight: 400;\">As motos est\u00e3o assumindo cada vez mais o protagonismo da mobilidade urbana no Brasil. Para que haja um clima amistoso e seguro no tr\u00e2nsito, todos precisam fazer a sua parte.<\/span><\/p>\n<p><span style=\"font-weight: 400;\">Seja a mudan\u00e7a que voc\u00ea quer ver.\u00a0<\/span><\/p>\n<p style=\"text-align: center;\"><span style=\"font-weight: 400;\">*<\/span><\/p>\n<p><span style=\"font-weight: 400;\">A Metagal, l\u00edder no mercado de espelhos retrovisores, sistemas de retrovis\u00e3o e no desenvolvimento de c\u00e2meras para monitoramento veicular, \u00e9 um exemplo da constante busca por inova\u00e7\u00e3o. H\u00e1 mais de 50 anos no setor, a empresa investe pesado em pesquisas, capacita\u00e7\u00e3o de seus profissionais e novas tecnologias. <\/span><\/p>\n","protected":false},"excerpt":{"rendered":"<p>N\u00e3o h\u00e1 d\u00favidas sobre a import\u00e2ncia das motos para a sociedade.\u00a0 Seja em grandes centros urbanos ou em lugares mais&#8230;<\/p>\n","protected":false},"author":1,"featured_media":4593,"comment_status":"open","ping_status":"open","sticky":false,"template":"","format":"standard","meta":{"footnotes":""},"categories":[113],"tags":[364,374],"class_list":["post-4590","post","type-post","status-publish","format-standard","has-post-thumbnail","hentry","category-mercado","tag-motos","tag-acidentes"],"yoast_head":"<!-- This site is optimized with the Yoast SEO plugin v25.9 - https:\/\/yoast.com\/wordpress\/plugins\/seo\/ -->\n<title>Acidentes de tr\u00e2nsito: pilotos de motos lideram ranking de v\u00edtimas fatais<\/title>\n<meta name=\"description\" content=\"As motos t\u00eam sido cada vez mais as protagonistas da mobilidade urbana e os motociclistas as maiores v\u00edtimas de acidentes.\" \/>\n<meta name=\"robots\" content=\"index, follow, max-snippet:-1, max-image-preview:large, max-video-preview:-1\" \/>\n<link rel=\"canonical\" href=\"https:\/\/www.metagal.com.br\/blog\/motos-lideram-ranking-vitimas-fatais\/\" \/>\n<meta property=\"og:locale\" content=\"pt_BR\" \/>\n<meta property=\"og:type\" content=\"article\" \/>\n<meta property=\"og:title\" content=\"Acidentes de tr\u00e2nsito: pilotos de motos lideram ranking de v\u00edtimas fatais\" \/>\n<meta property=\"og:description\" content=\"As motos t\u00eam sido cada vez mais as protagonistas da mobilidade urbana e os motociclistas as maiores v\u00edtimas de acidentes.\" \/>\n<meta property=\"og:url\" content=\"https:\/\/www.metagal.com.br\/blog\/motos-lideram-ranking-vitimas-fatais\/\" \/>\n<meta property=\"og:site_name\" content=\"Blog Metagal\" \/>\n<meta property=\"article:published_time\" content=\"2021-09-22T13:15:17+00:00\" \/>\n<meta property=\"article:modified_time\" content=\"2021-09-22T13:16:14+00:00\" \/>\n<meta property=\"og:image\" content=\"https:\/\/www.metagal.com.br\/blog\/wp-content\/uploads\/2021\/09\/imgpsh_fullsize_anim-1-1.png\" \/>\n\t<meta property=\"og:image:width\" content=\"1920\" \/>\n\t<meta property=\"og:image:height\" content=\"655\" \/>\n\t<meta property=\"og:image:type\" content=\"image\/png\" \/>\n<meta name=\"author\" content=\"Metagal\" \/>\n<meta name=\"twitter:card\" content=\"summary_large_image\" \/>\n<meta name=\"twitter:label1\" content=\"Escrito por\" \/>\n\t<meta name=\"twitter:data1\" content=\"Metagal\" \/>\n\t<meta name=\"twitter:label2\" content=\"Est. tempo de leitura\" \/>\n\t<meta name=\"twitter:data2\" content=\"3 minutos\" \/>\n<script type=\"application\/ld+json\" class=\"yoast-schema-graph\">{\"@context\":\"https:\/\/schema.org\",\"@graph\":[{\"@type\":\"Article\",\"@id\":\"https:\/\/www.metagal.com.br\/blog\/motos-lideram-ranking-vitimas-fatais\/#article\",\"isPartOf\":{\"@id\":\"https:\/\/www.metagal.com.br\/blog\/motos-lideram-ranking-vitimas-fatais\/\"},\"author\":{\"name\":\"Metagal\",\"@id\":\"https:\/\/www.metagal.com.br\/blog\/#\/schema\/person\/86708538b26ec57abb56975e5bc3f3bf\"},\"headline\":\"Acidentes de tr\u00e2nsito: pilotos de motos lideram ranking de v\u00edtimas fatais\",\"datePublished\":\"2021-09-22T13:15:17+00:00\",\"dateModified\":\"2021-09-22T13:16:14+00:00\",\"mainEntityOfPage\":{\"@id\":\"https:\/\/www.metagal.com.br\/blog\/motos-lideram-ranking-vitimas-fatais\/\"},\"wordCount\":678,\"commentCount\":0,\"publisher\":{\"@id\":\"https:\/\/www.metagal.com.br\/blog\/#organization\"},\"image\":{\"@id\":\"https:\/\/www.metagal.com.br\/blog\/motos-lideram-ranking-vitimas-fatais\/#primaryimage\"},\"thumbnailUrl\":\"https:\/\/www.metagal.com.br\/blog\/wp-content\/uploads\/2021\/09\/imgpsh_fullsize_anim-1-1.png\",\"keywords\":[\"#Motos\",\"acidentes\"],\"articleSection\":[\"Mercado\"],\"inLanguage\":\"pt-BR\",\"potentialAction\":[{\"@type\":\"CommentAction\",\"name\":\"Comment\",\"target\":[\"https:\/\/www.metagal.com.br\/blog\/motos-lideram-ranking-vitimas-fatais\/#respond\"]}]},{\"@type\":\"WebPage\",\"@id\":\"https:\/\/www.metagal.com.br\/blog\/motos-lideram-ranking-vitimas-fatais\/\",\"url\":\"https:\/\/www.metagal.com.br\/blog\/motos-lideram-ranking-vitimas-fatais\/\",\"name\":\"Acidentes de tr\u00e2nsito: pilotos de motos lideram ranking de v\u00edtimas fatais\",\"isPartOf\":{\"@id\":\"https:\/\/www.metagal.com.br\/blog\/#website\"},\"primaryImageOfPage\":{\"@id\":\"https:\/\/www.metagal.com.br\/blog\/motos-lideram-ranking-vitimas-fatais\/#primaryimage\"},\"image\":{\"@id\":\"https:\/\/www.metagal.com.br\/blog\/motos-lideram-ranking-vitimas-fatais\/#primaryimage\"},\"thumbnailUrl\":\"https:\/\/www.metagal.com.br\/blog\/wp-content\/uploads\/2021\/09\/imgpsh_fullsize_anim-1-1.png\",\"datePublished\":\"2021-09-22T13:15:17+00:00\",\"dateModified\":\"2021-09-22T13:16:14+00:00\",\"description\":\"As motos t\u00eam sido cada vez mais as protagonistas da mobilidade urbana e os motociclistas as maiores v\u00edtimas de acidentes.\",\"breadcrumb\":{\"@id\":\"https:\/\/www.metagal.com.br\/blog\/motos-lideram-ranking-vitimas-fatais\/#breadcrumb\"},\"inLanguage\":\"pt-BR\",\"potentialAction\":[{\"@type\":\"ReadAction\",\"target\":[\"https:\/\/www.metagal.com.br\/blog\/motos-lideram-ranking-vitimas-fatais\/\"]}]},{\"@type\":\"ImageObject\",\"inLanguage\":\"pt-BR\",\"@id\":\"https:\/\/www.metagal.com.br\/blog\/motos-lideram-ranking-vitimas-fatais\/#primaryimage\",\"url\":\"https:\/\/www.metagal.com.br\/blog\/wp-content\/uploads\/2021\/09\/imgpsh_fullsize_anim-1-1.png\",\"contentUrl\":\"https:\/\/www.metagal.com.br\/blog\/wp-content\/uploads\/2021\/09\/imgpsh_fullsize_anim-1-1.png\",\"width\":1920,\"height\":655,\"caption\":\"acidentes de motos\"},{\"@type\":\"BreadcrumbList\",\"@id\":\"https:\/\/www.metagal.com.br\/blog\/motos-lideram-ranking-vitimas-fatais\/#breadcrumb\",\"itemListElement\":[{\"@type\":\"ListItem\",\"position\":1,\"name\":\"In\u00edcio\",\"item\":\"https:\/\/www.metagal.com.br\/blog\/\"},{\"@type\":\"ListItem\",\"position\":2,\"name\":\"Acidentes de tr\u00e2nsito: pilotos de motos lideram ranking de v\u00edtimas fatais\"}]},{\"@type\":\"WebSite\",\"@id\":\"https:\/\/www.metagal.com.br\/blog\/#website\",\"url\":\"https:\/\/www.metagal.com.br\/blog\/\",\"name\":\"Blog Metagal\",\"description\":\"Metagal | L\u00edder no desenvolvimento e produ\u00e7\u00e3o de espelhos retrovisores\",\"publisher\":{\"@id\":\"https:\/\/www.metagal.com.br\/blog\/#organization\"},\"potentialAction\":[{\"@type\":\"SearchAction\",\"target\":{\"@type\":\"EntryPoint\",\"urlTemplate\":\"https:\/\/www.metagal.com.br\/blog\/?s={search_term_string}\"},\"query-input\":{\"@type\":\"PropertyValueSpecification\",\"valueRequired\":true,\"valueName\":\"search_term_string\"}}],\"inLanguage\":\"pt-BR\"},{\"@type\":\"Organization\",\"@id\":\"https:\/\/www.metagal.com.br\/blog\/#organization\",\"name\":\"Metagal - L\u00edder em Desenvolvimento e Produ\u00e7\u00e3o de Espelhos Retrovisores\",\"url\":\"https:\/\/www.metagal.com.br\/blog\/\",\"logo\":{\"@type\":\"ImageObject\",\"inLanguage\":\"pt-BR\",\"@id\":\"https:\/\/www.metagal.com.br\/blog\/#\/schema\/logo\/image\/\",\"url\":\"https:\/\/www.metagal.com.br\/blog\/wp-content\/uploads\/2018\/11\/Favicon.png\",\"contentUrl\":\"https:\/\/www.metagal.com.br\/blog\/wp-content\/uploads\/2018\/11\/Favicon.png\",\"width\":100,\"height\":100,\"caption\":\"Metagal - L\u00edder em Desenvolvimento e Produ\u00e7\u00e3o de Espelhos Retrovisores\"},\"image\":{\"@id\":\"https:\/\/www.metagal.com.br\/blog\/#\/schema\/logo\/image\/\"}},{\"@type\":\"Person\",\"@id\":\"https:\/\/www.metagal.com.br\/blog\/#\/schema\/person\/86708538b26ec57abb56975e5bc3f3bf\",\"name\":\"Metagal\",\"image\":{\"@type\":\"ImageObject\",\"inLanguage\":\"pt-BR\",\"@id\":\"https:\/\/www.metagal.com.br\/blog\/#\/schema\/person\/image\/\",\"url\":\"https:\/\/secure.gravatar.com\/avatar\/5b99f1b1706488192643fded2a661508?s=96&d=mm&r=g\",\"contentUrl\":\"https:\/\/secure.gravatar.com\/avatar\/5b99f1b1706488192643fded2a661508?s=96&d=mm&r=g\",\"caption\":\"Metagal\"},\"url\":\"https:\/\/www.metagal.com.br\/blog\/autor\/layerup\/\"}]}<\/script>\n<!-- \/ Yoast SEO plugin. -->","yoast_head_json":{"title":"Acidentes de tr\u00e2nsito: pilotos de motos lideram ranking de v\u00edtimas fatais","description":"As motos t\u00eam sido cada vez mais as protagonistas da mobilidade urbana e os motociclistas as maiores v\u00edtimas de acidentes.","robots":{"index":"index","follow":"follow","max-snippet":"max-snippet:-1","max-image-preview":"max-image-preview:large","max-video-preview":"max-video-preview:-1"},"canonical":"https:\/\/www.metagal.com.br\/blog\/motos-lideram-ranking-vitimas-fatais\/","og_locale":"pt_BR","og_type":"article","og_title":"Acidentes de tr\u00e2nsito: pilotos de motos lideram ranking de v\u00edtimas fatais","og_description":"As motos t\u00eam sido cada vez mais as protagonistas da mobilidade urbana e os motociclistas as maiores v\u00edtimas de acidentes.","og_url":"https:\/\/www.metagal.com.br\/blog\/motos-lideram-ranking-vitimas-fatais\/","og_site_name":"Blog Metagal","article_published_time":"2021-09-22T13:15:17+00:00","article_modified_time":"2021-09-22T13:16:14+00:00","og_image":[{"width":1920,"height":655,"url":"https:\/\/www.metagal.com.br\/blog\/wp-content\/uploads\/2021\/09\/imgpsh_fullsize_anim-1-1.png","type":"image\/png"}],"author":"Metagal","twitter_card":"summary_large_image","twitter_misc":{"Escrito por":"Metagal","Est. tempo de leitura":"3 minutos"},"schema":{"@context":"https:\/\/schema.org","@graph":[{"@type":"Article","@id":"https:\/\/www.metagal.com.br\/blog\/motos-lideram-ranking-vitimas-fatais\/#article","isPartOf":{"@id":"https:\/\/www.metagal.com.br\/blog\/motos-lideram-ranking-vitimas-fatais\/"},"author":{"name":"Metagal","@id":"https:\/\/www.metagal.com.br\/blog\/#\/schema\/person\/86708538b26ec57abb56975e5bc3f3bf"},"headline":"Acidentes de tr\u00e2nsito: pilotos de motos lideram ranking de v\u00edtimas fatais","datePublished":"2021-09-22T13:15:17+00:00","dateModified":"2021-09-22T13:16:14+00:00","mainEntityOfPage":{"@id":"https:\/\/www.metagal.com.br\/blog\/motos-lideram-ranking-vitimas-fatais\/"},"wordCount":678,"commentCount":0,"publisher":{"@id":"https:\/\/www.metagal.com.br\/blog\/#organization"},"image":{"@id":"https:\/\/www.metagal.com.br\/blog\/motos-lideram-ranking-vitimas-fatais\/#primaryimage"},"thumbnailUrl":"https:\/\/www.metagal.com.br\/blog\/wp-content\/uploads\/2021\/09\/imgpsh_fullsize_anim-1-1.png","keywords":["#Motos","acidentes"],"articleSection":["Mercado"],"inLanguage":"pt-BR","potentialAction":[{"@type":"CommentAction","name":"Comment","target":["https:\/\/www.metagal.com.br\/blog\/motos-lideram-ranking-vitimas-fatais\/#respond"]}]},{"@type":"WebPage","@id":"https:\/\/www.metagal.com.br\/blog\/motos-lideram-ranking-vitimas-fatais\/","url":"https:\/\/www.metagal.com.br\/blog\/motos-lideram-ranking-vitimas-fatais\/","name":"Acidentes de tr\u00e2nsito: pilotos de motos lideram ranking de v\u00edtimas fatais","isPartOf":{"@id":"https:\/\/www.metagal.com.br\/blog\/#website"},"primaryImageOfPage":{"@id":"https:\/\/www.metagal.com.br\/blog\/motos-lideram-ranking-vitimas-fatais\/#primaryimage"},"image":{"@id":"https:\/\/www.metagal.com.br\/blog\/motos-lideram-ranking-vitimas-fatais\/#primaryimage"},"thumbnailUrl":"https:\/\/www.metagal.com.br\/blog\/wp-content\/uploads\/2021\/09\/imgpsh_fullsize_anim-1-1.png","datePublished":"2021-09-22T13:15:17+00:00","dateModified":"2021-09-22T13:16:14+00:00","description":"As motos t\u00eam sido cada vez mais as protagonistas da mobilidade urbana e os motociclistas as maiores v\u00edtimas de acidentes.","breadcrumb":{"@id":"https:\/\/www.metagal.com.br\/blog\/motos-lideram-ranking-vitimas-fatais\/#breadcrumb"},"inLanguage":"pt-BR","potentialAction":[{"@type":"ReadAction","target":["https:\/\/www.metagal.com.br\/blog\/motos-lideram-ranking-vitimas-fatais\/"]}]},{"@type":"ImageObject","inLanguage":"pt-BR","@id":"https:\/\/www.metagal.com.br\/blog\/motos-lideram-ranking-vitimas-fatais\/#primaryimage","url":"https:\/\/www.metagal.com.br\/blog\/wp-content\/uploads\/2021\/09\/imgpsh_fullsize_anim-1-1.png","contentUrl":"https:\/\/www.metagal.com.br\/blog\/wp-content\/uploads\/2021\/09\/imgpsh_fullsize_anim-1-1.png","width":1920,"height":655,"caption":"acidentes de motos"},{"@type":"BreadcrumbList","@id":"https:\/\/www.metagal.com.br\/blog\/motos-lideram-ranking-vitimas-fatais\/#breadcrumb","itemListElement":[{"@type":"ListItem","position":1,"name":"In\u00edcio","item":"https:\/\/www.metagal.com.br\/blog\/"},{"@type":"ListItem","position":2,"name":"Acidentes de tr\u00e2nsito: pilotos de motos lideram ranking de v\u00edtimas fatais"}]},{"@type":"WebSite","@id":"https:\/\/www.metagal.com.br\/blog\/#website","url":"https:\/\/www.metagal.com.br\/blog\/","name":"Blog Metagal","description":"Metagal | L\u00edder no desenvolvimento e produ\u00e7\u00e3o de espelhos retrovisores","publisher":{"@id":"https:\/\/www.metagal.com.br\/blog\/#organization"},"potentialAction":[{"@type":"SearchAction","target":{"@type":"EntryPoint","urlTemplate":"https:\/\/www.metagal.com.br\/blog\/?s={search_term_string}"},"query-input":{"@type":"PropertyValueSpecification","valueRequired":true,"valueName":"search_term_string"}}],"inLanguage":"pt-BR"},{"@type":"Organization","@id":"https:\/\/www.metagal.com.br\/blog\/#organization","name":"Metagal - L\u00edder em Desenvolvimento e Produ\u00e7\u00e3o de Espelhos Retrovisores","url":"https:\/\/www.metagal.com.br\/blog\/","logo":{"@type":"ImageObject","inLanguage":"pt-BR","@id":"https:\/\/www.metagal.com.br\/blog\/#\/schema\/logo\/image\/","url":"https:\/\/www.metagal.com.br\/blog\/wp-content\/uploads\/2018\/11\/Favicon.png","contentUrl":"https:\/\/www.metagal.com.br\/blog\/wp-content\/uploads\/2018\/11\/Favicon.png","width":100,"height":100,"caption":"Metagal - L\u00edder em Desenvolvimento e Produ\u00e7\u00e3o de Espelhos Retrovisores"},"image":{"@id":"https:\/\/www.metagal.com.br\/blog\/#\/schema\/logo\/image\/"}},{"@type":"Person","@id":"https:\/\/www.metagal.com.br\/blog\/#\/schema\/person\/86708538b26ec57abb56975e5bc3f3bf","name":"Metagal","image":{"@type":"ImageObject","inLanguage":"pt-BR","@id":"https:\/\/www.metagal.com.br\/blog\/#\/schema\/person\/image\/","url":"https:\/\/secure.gravatar.com\/avatar\/5b99f1b1706488192643fded2a661508?s=96&d=mm&r=g","contentUrl":"https:\/\/secure.gravatar.com\/avatar\/5b99f1b1706488192643fded2a661508?s=96&d=mm&r=g","caption":"Metagal"},"url":"https:\/\/www.metagal.com.br\/blog\/autor\/layerup\/"}]}},"_links":{"self":[{"href":"https:\/\/www.metagal.com.br\/blog\/wp-json\/wp\/v2\/posts\/4590","targetHints":{"allow":["GET"]}}],"collection":[{"href":"https:\/\/www.metagal.com.br\/blog\/wp-json\/wp\/v2\/posts"}],"about":[{"href":"https:\/\/www.metagal.com.br\/blog\/wp-json\/wp\/v2\/types\/post"}],"author":[{"embeddable":true,"href":"https:\/\/www.metagal.com.br\/blog\/wp-json\/wp\/v2\/users\/1"}],"replies":[{"embeddable":true,"href":"https:\/\/www.metagal.com.br\/blog\/wp-json\/wp\/v2\/comments?post=4590"}],"version-history":[{"count":1,"href":"https:\/\/www.metagal.com.br\/blog\/wp-json\/wp\/v2\/posts\/4590\/revisions"}],"predecessor-version":[{"id":4594,"href":"https:\/\/www.metagal.com.br\/blog\/wp-json\/wp\/v2\/posts\/4590\/revisions\/4594"}],"wp:featuredmedia":[{"embeddable":true,"href":"https:\/\/www.metagal.com.br\/blog\/wp-json\/wp\/v2\/media\/4593"}],"wp:attachment":[{"href":"https:\/\/www.metagal.com.br\/blog\/wp-json\/wp\/v2\/media?parent=4590"}],"wp:term":[{"taxonomy":"category","embeddable":true,"href":"https:\/\/www.metagal.com.br\/blog\/wp-json\/wp\/v2\/categories?post=4590"},{"taxonomy":"post_tag","embeddable":true,"href":"https:\/\/www.metagal.com.br\/blog\/wp-json\/wp\/v2\/tags?post=4590"}],"curies":[{"name":"wp","href":"https:\/\/api.w.org\/{rel}","templated":true}]}}