{"id":4658,"date":"2022-04-22T10:10:11","date_gmt":"2022-04-22T13:10:11","guid":{"rendered":"https:\/\/www.metagal.com.br\/blog\/?p=4658"},"modified":"2022-05-31T16:06:33","modified_gmt":"2022-05-31T19:06:33","slug":"brasil-tem-lideranca-marcada-setor-carros-eletricos","status":"publish","type":"post","link":"https:\/\/www.metagal.com.br\/blog\/brasil-tem-lideranca-marcada-setor-carros-eletricos\/","title":{"rendered":"Brasil tem sua lideran\u00e7a marcada no setor de carros el\u00e9tricos"},"content":{"rendered":"<p><span style=\"font-weight: 400;\">Com <\/span><b>o mundo se tornando cada vez mais tecnol\u00f3gico<\/b><span style=\"font-weight: 400;\">, a <\/span><b>ind\u00fastria automobil\u00edstica<\/b><span style=\"font-weight: 400;\"> tamb\u00e9m precisa se <\/span><b>modernizar<\/b><span style=\"font-weight: 400;\">, caminhando como igual para que as <\/span><b>tecnologias estejam presentes no futuro dos motoristas. Um exemplo disso s\u00e3o os carros el\u00e9tricos<\/b><span style=\"font-weight: 400;\">.\u00a0<\/span><\/p>\n<p><span style=\"font-weight: 400;\">Muitas concession\u00e1rias recentemente relataram que o <\/span><b>futuro de seus carros se baseia na eletrifica\u00e7\u00e3o.<\/b><span style=\"font-weight: 400;\"> Um exemplo disso \u00e9 a declara\u00e7\u00e3o feita pela <\/span><b>Renault<\/b><span style=\"font-weight: 400;\">, referente ao assunto.<\/span><\/p>\n<p><img loading=\"lazy\" decoding=\"async\" class=\"aligncenter wp-image-4744 size-full\" src=\"https:\/\/www.metagal.com.br\/blog\/wp-content\/uploads\/2022\/04\/Imagens-BP-Janeiro-2_IMG_1.png\" alt=\"O CEO da Renaut afirma que a empresa deseja que 90% dos seus modelos sejam de carros el\u00e9tricos at\u00e9 2030.\" width=\"600\" height=\"240\" srcset=\"https:\/\/www.metagal.com.br\/blog\/wp-content\/uploads\/2022\/04\/Imagens-BP-Janeiro-2_IMG_1.png 600w, https:\/\/www.metagal.com.br\/blog\/wp-content\/uploads\/2022\/04\/Imagens-BP-Janeiro-2_IMG_1-300x120.png 300w\" sizes=\"auto, (max-width: 600px) 100vw, 600px\" \/><\/p>\n<p><span style=\"font-weight: 400;\">Al\u00e9m disso, muitas das <\/span><b>pot\u00eancias mundiais<\/b><span style=\"font-weight: 400;\"> t\u00eam como compromisso assumido nos pr\u00f3ximos anos a <\/span><b>descarboniza\u00e7\u00e3o<\/b><span style=\"font-weight: 400;\"> de suas economias, o que afeta diretamente a ind\u00fastria de ve\u00edculos.\u00a0<\/span><\/p>\n<p><span style=\"font-weight: 400;\">Mas como isso afeta o Brasil e qual a rela\u00e7\u00e3o dos carros el\u00e9tricos com esse assunto? Vamos te explicar.<\/span><\/p>\n<h2><b>O Brasil como pot\u00eancia verde<\/b><\/h2>\n<p><span style=\"font-weight: 400;\">O que mais vemos no Brasil, quando o assunto s\u00e3o os autom\u00f3veis, \u00e9 a<\/span><b> paix\u00e3o que os motoristas t\u00eam por carros, sejam eles novos ou modelos antigos que trazem o sentimento de nostalgia.<\/b><\/p>\n<p><span style=\"font-weight: 400;\">Al\u00e9m disso, os brasileiros tamb\u00e9m podem ser chamados de <\/span><b><i>early adopters<\/i><\/b> <span style=\"font-weight: 400;\">\u2013 ou seja, pessoas que adotam inova\u00e7\u00f5es mais r\u00e1pido que o resto do mundo \u2013, e esse \u00e9 um dos<\/span><b> fatores que levam os carros el\u00e9tricos a serem t\u00e3o bem aceitos no pa\u00eds.<\/b><\/p>\n<p><span style=\"font-weight: 400;\">Outro fator que pode \u2013 e deve \u2013 ser apontado, \u00e9 que o Brasil \u00e9 uma <\/span><a href=\"https:\/\/mobilidade.estadao.com.br\/inovacao\/brasil-o-pais-dos-eletricos\/\" target=\"_blank\" rel=\"noopener\"><span style=\"font-weight: 400;\">refer\u00eancia na gera\u00e7\u00e3o de energia limpa e renov\u00e1vel<\/span><\/a><span style=\"font-weight: 400;\"> devido \u00e0s matrizes hidrel\u00e9tricas, solares e e\u00f3licas, o que gera <\/span><b>maior facilidade de implementa\u00e7\u00e3o dos carros el\u00e9tricos.<\/b><\/p>\n<h3><b>Ponto chave para a disparada dos carros el\u00e9tricos no pa\u00eds<\/b><\/h3>\n<p><span style=\"font-weight: 400;\">Para que a eletrifica\u00e7\u00e3o dos carros seja feita de forma que<\/span><b> todos possam tirar proveito do autom\u00f3vel<\/b><span style=\"font-weight: 400;\">, existe um <\/span><b>ponto estrutural fundamental: o abastecimento.<\/b><\/p>\n<p><span style=\"font-weight: 400;\">Isso significa que, para que a viabiliza\u00e7\u00e3o desses ve\u00edculos possa ser feita, \u00e9 preciso entender que uma <\/span><b>rede de abastecimento com cobertura nacional<\/b><span style=\"font-weight: 400;\"> n\u00e3o pode ser dispensada.<\/span><\/p>\n<p><span style=\"font-weight: 400;\">Sabe por qu\u00ea? Para o consumidor pensar em ter um carro el\u00e9trico, ele vai precisar estar <\/span><b>seguro que poder\u00e1 rodar v\u00e1rios quil\u00f4metros sem ter que parar o ve\u00edculo por horas \u2013 em casa ou viajando.<\/b><\/p>\n<h3><b>O Brasil precisa correr para alcan\u00e7ar esse patamar verde<\/b><\/h3>\n<p><span style=\"font-weight: 400;\">N\u00e3o h\u00e1 d\u00favidas que o Brasil est\u00e1 <\/span><b>atrasado no quesito de estrutura\u00e7\u00e3o<\/b><span style=\"font-weight: 400;\">, englobando montadoras, concession\u00e1rias, startups, varejistas e marcas.<\/span><\/p>\n<p><b>Uma solu\u00e7\u00e3o de curto ou m\u00e9dio prazo que pode alavancar essa posi\u00e7\u00e3o<\/b><span style=\"font-weight: 400;\"> do Brasil \u00e9 pensar no que a empresa taiwanesa, Gogoro, fez para implementa\u00e7\u00e3o de motocicletas el\u00e9tricas.<\/span><\/p>\n<p><span style=\"font-weight: 400;\">A empresa pensou no <\/span><b>abastecimento <\/b><b><i>as a service<\/i><\/b><i><span style=\"font-weight: 400;\">:<\/span><\/i><span style=\"font-weight: 400;\"> n\u00e3o \u00e9 preciso pagar para abastecer, basta assinar um plano mensal, <\/span><b>e o motorista n\u00e3o depende de um posto de gasolina, mas sim de pontos de troca.\u00a0<\/b><\/p>\n<p><span style=\"font-weight: 400;\">Nesses pontos os motociclistas podem, simplesmente, <\/span><b>consultar no celular onde est\u00e1 a estrutura de abastecimento mais pr\u00f3xima de sua localiza\u00e7\u00e3o e recarregar a bateria de sua motocicleta.<\/b><\/p>\n<h2><b>Carros el\u00e9tricos est\u00e3o caros? Existe solu\u00e7\u00e3o, sim<\/b><\/h2>\n<p><span style=\"font-weight: 400;\">Por ser uma novidade que est\u00e1 crescendo no mercado automotivo, muitos motoristas t\u00eam <\/span><b>curiosidades sobre como seria estar dirigindo os carros el\u00e9tricos.\u00a0<\/b><\/p>\n<p><span style=\"font-weight: 400;\">E para que mais motoristas tenham <\/span><b>facilidade na decis\u00e3o se eles ir\u00e3o ou n\u00e3o se acostumar com um ve\u00edculo el\u00e9trico<\/b><span style=\"font-weight: 400;\">, a Movida, desde 2020, aposta na loca\u00e7\u00e3o de curto prazo do modelo Nissan Leaf.<\/span><\/p>\n<p><span style=\"font-weight: 400;\">O grande objetivo desta iniciativa \u00e9 a <\/span><b>democratiza\u00e7\u00e3o<\/b><span style=\"font-weight: 400;\"> do uso dos carros el\u00e9tricos no dia a dia, levando tecnologia de ponta e uma experi\u00eancia completa, por um pre\u00e7o mais acess\u00edvel.<\/span><\/p>\n<p><img loading=\"lazy\" decoding=\"async\" class=\"wp-image-4745 size-full aligncenter\" src=\"https:\/\/www.metagal.com.br\/blog\/wp-content\/uploads\/2022\/04\/Imagens-BP-Janeiro-2_IMG_2.png\" alt=\"A Movida aumentou sua frota de carros el\u00e9tricos dispon\u00edveis para loca\u00e7\u00e3o tempor\u00e1ria ou de longo prazo. Isso inclui o Nissan Leaf\" width=\"600\" height=\"240\" srcset=\"https:\/\/www.metagal.com.br\/blog\/wp-content\/uploads\/2022\/04\/Imagens-BP-Janeiro-2_IMG_2.png 600w, https:\/\/www.metagal.com.br\/blog\/wp-content\/uploads\/2022\/04\/Imagens-BP-Janeiro-2_IMG_2-300x120.png 300w\" sizes=\"auto, (max-width: 600px) 100vw, 600px\" \/><\/p>\n<p><span style=\"font-weight: 400;\">Se o que voc\u00ea procura \u00e9 <\/span><b>vivenciar a mobilidade do futuro<\/b><span style=\"font-weight: 400;\">, ent\u00e3o o aluguel desse modelo por um final de semana \u00e9 uma <\/span><b>op\u00e7\u00e3o acess\u00edvel<\/b><span style=\"font-weight: 400;\"> e que pode fazer com que a obten\u00e7\u00e3o de um carro el\u00e9trico seja repensada.\u00a0<\/span><\/p>\n<h2><b>Cresce as redes pr\u00f3prias de recarga nas montadoras<\/b><\/h2>\n<p><span style=\"font-weight: 400;\">Entre os <\/span><b>carros el\u00e9tricos de maior sucesso no mundo est\u00e1 a Tesla<\/b><span style=\"font-weight: 400;\">, que foi a <\/span><b>primeira marca a criar seus pr\u00f3prios centros de recarga<\/b><span style=\"font-weight: 400;\"> para seus ve\u00edculos. Atualmente, conta com 1.100 postos, com at\u00e9 10 pontos de recarga em cada um.\u00a0<\/span><\/p>\n<p><span style=\"font-weight: 400;\">Por\u00e9m, muitas<\/span><b> reclama\u00e7\u00f5es <\/b><span style=\"font-weight: 400;\">come\u00e7aram a ser levantadas devido ao <\/span><b>sistema fechado<\/b><span style=\"font-weight: 400;\"> destes postos a ve\u00edculos de outras marcas. Ou seja,<\/span><b> eles eram exclusivos apenas para ve\u00edculos Tesla.<\/b><\/p>\n<p><span style=\"font-weight: 400;\">Isso fez com que os Estados Unidos decretassem que os <\/span><b>postos de recarga deveriam ser p\u00fablicos<\/b><span style=\"font-weight: 400;\">, al\u00e9m de <\/span><b>n\u00e3o depender apenas de recargas dom\u00e9sticas ou em pontos de grande circula\u00e7\u00e3o urbana<\/b><span style=\"font-weight: 400;\">, mas tamb\u00e9m em constru\u00e7\u00f5es antigas e nas estradas.<\/span><\/p>\n<p><span style=\"font-weight: 400;\">Pensando nisso, muitas das <\/span><b>montadoras<\/b><span style=\"font-weight: 400;\"> que tem em seu portf\u00f3lio os carros el\u00e9tricos apostam em criar suas <\/span><b>pr\u00f3prias redes de recarga<\/b><span style=\"font-weight: 400;\">.\u00a0<\/span><\/p>\n<p><span style=\"font-weight: 400;\">Segundo reportagem da <\/span><a href=\"https:\/\/www.automotivebusiness.com.br\/pt\/posts\/setor-automotivo\/por-que-as-montadoras-investem-em-rede-propria-de-recarga-para-carros-eletricos\/\" target=\"_blank\" rel=\"noopener\"><span style=\"font-weight: 400;\">Automotive Business<\/span><\/a><span style=\"font-weight: 400;\">, a rede Ionity da<\/span><b> BMW, Ford, Hyundai, Mercedes-Benz, e VW<\/b><span style=\"font-weight: 400;\"> j\u00e1 possuem 400 postos e 1.500 carregadores de alta pot\u00eancia; a <\/span><b>Stellantis e outros fabricantes<\/b><span style=\"font-weight: 400;\"> tamb\u00e9m decidiram construir redes pr\u00f3prias.\u00a0<\/span><\/p>\n<p><span style=\"font-weight: 400;\">Al\u00e9m disso, a<\/span><b> Audi est\u00e1 com um projeto-piloto<\/b><span style=\"font-weight: 400;\"> para a constru\u00e7\u00e3o de centros com seis carregadores pr\u00f3prios, com agendamento para uso por meia hora.<\/span><\/p>\n<p><span style=\"font-weight: 400;\">No Brasil, a <\/span><b>Volvo<\/b><span style=\"font-weight: 400;\"> anunciou que ter\u00e1 um investimento de R$ 10 milh\u00f5es iniciais em uma rede p\u00fablica de abastecimento,<\/span><b> sem cobran\u00e7as e com 13 postos de recarga.\u00a0<\/b><\/p>\n<h2><b>Os carros el\u00e9tricos est\u00e3o ganhando mais visibilidade<\/b><\/h2>\n<p><span style=\"font-weight: 400;\">Para <\/span><b>desmistificar de vez todos os segredos sobre os carros el\u00e9tricos<\/b><span style=\"font-weight: 400;\">, al\u00e9m das suas funcionalidades e tecnologias integradas, o Mobilidade Estad\u00e3o criou uma <\/span><b>plataforma de conte\u00fado para tratar do assunto: o<\/b><a href=\"https:\/\/mobilidade.estadao.com.br\/patrocinado\/planeta-eletrico\/\" target=\"_blank\" rel=\"noopener\"><b> Planeta El\u00e9trico.<\/b><\/a><\/p>\n<p><span style=\"font-weight: 400;\">O canal<\/span><b> tem como principal objetivo<\/b> <b>abordar os principais assuntos da eletromobilidade<\/b><span style=\"font-weight: 400;\">, com ajuda de especialistas que ir\u00e3o falar dos principais temas que entrar\u00e3o em pauta nos pr\u00f3ximos meses.<\/span><\/p>\n<p><span style=\"font-weight: 400;\">A ideia tamb\u00e9m \u00e9 trazer <\/span><b>mais seguran\u00e7a aos interessados nos carros el\u00e9tricos<\/b><span style=\"font-weight: 400;\">, contando seus segredos e <\/span><b>mostrando que o futuro pode ser sim descomplicado.<\/b><\/p>\n<h2><b>Conhecer melhor os carros el\u00e9tricos nunca \u00e9 demais<\/b><\/h2>\n<p><span style=\"font-weight: 400;\">Mesmo que o<\/span><b> assunto do momento<\/b><span style=\"font-weight: 400;\"> sejam os carros el\u00e9tricos e como sua popularidade est\u00e1 em <\/span><b>alta no mercado de autom\u00f3veis<\/b><span style=\"font-weight: 400;\">, sempre existem aquelas d\u00favidas pontuais sobre esses ve\u00edculos.\u00a0<\/span><\/p>\n<p><span style=\"font-weight: 400;\">Entender a <\/span><b>fun\u00e7\u00e3o essencial que esses carros trazem para que o mundo se torne mais sustent\u00e1vel nas pr\u00f3ximas d\u00e9cadas<\/b><span style=\"font-weight: 400;\"> \u00e9 de extrema import\u00e2ncia para come\u00e7ar a abandonar a gasolina e as formas de combust\u00edveis que ir\u00e3o se esgotar.<\/span><\/p>\n<p><b>E para tirar todas essas d\u00favidas e ainda conseguir conhecer mais sobre os carros el\u00e9tricos, separamos um e-book gratuito e exclusivo para voc\u00ea.<\/b><\/p>\n<p><a href=\"https:\/\/materiais.metagal.com.br\/lp-e-book-tudo-o-que-voce-precisa-saber-sobre-carros-eletricos?utm_medium=blogpost&amp;utm_source=rd-station&amp;utm_campaign=brasil-tem-lideranca-carros-eletricos&amp;utm_content=cta\"><img loading=\"lazy\" decoding=\"async\" class=\"aligncenter wp-image-4746 size-full\" src=\"https:\/\/www.metagal.com.br\/blog\/wp-content\/uploads\/2022\/04\/CTA-BP-1-MAR.png\" alt=\"Quer saber mais sobre\u00a0 os carros el\u00e9tricos? N\u00e3o deixe de baixar o e-book gratuito sobre o assunto!\" width=\"923\" height=\"238\" srcset=\"https:\/\/www.metagal.com.br\/blog\/wp-content\/uploads\/2022\/04\/CTA-BP-1-MAR.png 923w, https:\/\/www.metagal.com.br\/blog\/wp-content\/uploads\/2022\/04\/CTA-BP-1-MAR-300x77.png 300w, https:\/\/www.metagal.com.br\/blog\/wp-content\/uploads\/2022\/04\/CTA-BP-1-MAR-768x198.png 768w\" sizes=\"auto, (max-width: 923px) 100vw, 923px\" \/><\/a><\/p>\n","protected":false},"excerpt":{"rendered":"<p>Com o mundo se tornando cada vez mais tecnol\u00f3gico, a ind\u00fastria automobil\u00edstica tamb\u00e9m precisa se modernizar, caminhando como igual para&#8230;<\/p>\n","protected":false},"author":1,"featured_media":4659,"comment_status":"open","ping_status":"open","sticky":false,"template":"","format":"standard","meta":{"footnotes":""},"categories":[113],"tags":[238,402,400,401],"class_list":["post-4658","post","type-post","status-publish","format-standard","has-post-thumbnail","hentry","category-mercado","tag-carros-eletricos","tag-potencia-verde","tag-veiculos-eletrificados","tag-visibilidade"],"yoast_head":"<!-- This site is optimized with the Yoast SEO plugin v25.9 - https:\/\/yoast.com\/wordpress\/plugins\/seo\/ -->\n<title>Brasil tem sua lideran\u00e7a marcada no setor de carros el\u00e9tricos<\/title>\n<meta name=\"description\" content=\"Entenda por que o Brasil tem grandes expectativas de desenvolvimento no setor dos ve\u00edculos eletrificados. Saiba tudo sobre os carros el\u00e9tricos.\" \/>\n<meta name=\"robots\" content=\"index, follow, max-snippet:-1, max-image-preview:large, max-video-preview:-1\" \/>\n<link rel=\"canonical\" href=\"https:\/\/www.metagal.com.br\/blog\/brasil-tem-lideranca-marcada-setor-carros-eletricos\/\" \/>\n<meta property=\"og:locale\" content=\"pt_BR\" \/>\n<meta property=\"og:type\" content=\"article\" \/>\n<meta property=\"og:title\" content=\"Brasil tem sua lideran\u00e7a marcada no setor de carros el\u00e9tricos\" \/>\n<meta property=\"og:description\" content=\"Entenda por que o Brasil tem grandes expectativas de desenvolvimento no setor dos ve\u00edculos eletrificados. Saiba tudo sobre os carros el\u00e9tricos.\" \/>\n<meta property=\"og:url\" content=\"https:\/\/www.metagal.com.br\/blog\/brasil-tem-lideranca-marcada-setor-carros-eletricos\/\" \/>\n<meta property=\"og:site_name\" content=\"Blog Metagal\" \/>\n<meta property=\"article:published_time\" content=\"2022-04-22T13:10:11+00:00\" \/>\n<meta property=\"article:modified_time\" content=\"2022-05-31T19:06:33+00:00\" \/>\n<meta property=\"og:image\" content=\"https:\/\/www.metagal.com.br\/blog\/wp-content\/uploads\/2022\/04\/Header-BP1-MAR.png\" \/>\n\t<meta property=\"og:image:width\" content=\"1920\" \/>\n\t<meta property=\"og:image:height\" content=\"655\" \/>\n\t<meta property=\"og:image:type\" content=\"image\/png\" \/>\n<meta name=\"author\" content=\"Metagal\" \/>\n<meta name=\"twitter:card\" content=\"summary_large_image\" \/>\n<meta name=\"twitter:label1\" content=\"Escrito por\" \/>\n\t<meta name=\"twitter:data1\" content=\"Metagal\" \/>\n\t<meta name=\"twitter:label2\" content=\"Est. tempo de leitura\" \/>\n\t<meta name=\"twitter:data2\" content=\"5 minutos\" \/>\n<script type=\"application\/ld+json\" class=\"yoast-schema-graph\">{\"@context\":\"https:\/\/schema.org\",\"@graph\":[{\"@type\":\"Article\",\"@id\":\"https:\/\/www.metagal.com.br\/blog\/brasil-tem-lideranca-marcada-setor-carros-eletricos\/#article\",\"isPartOf\":{\"@id\":\"https:\/\/www.metagal.com.br\/blog\/brasil-tem-lideranca-marcada-setor-carros-eletricos\/\"},\"author\":{\"name\":\"Metagal\",\"@id\":\"https:\/\/www.metagal.com.br\/blog\/#\/schema\/person\/86708538b26ec57abb56975e5bc3f3bf\"},\"headline\":\"Brasil tem sua lideran\u00e7a marcada no setor de carros el\u00e9tricos\",\"datePublished\":\"2022-04-22T13:10:11+00:00\",\"dateModified\":\"2022-05-31T19:06:33+00:00\",\"mainEntityOfPage\":{\"@id\":\"https:\/\/www.metagal.com.br\/blog\/brasil-tem-lideranca-marcada-setor-carros-eletricos\/\"},\"wordCount\":1115,\"commentCount\":0,\"publisher\":{\"@id\":\"https:\/\/www.metagal.com.br\/blog\/#organization\"},\"image\":{\"@id\":\"https:\/\/www.metagal.com.br\/blog\/brasil-tem-lideranca-marcada-setor-carros-eletricos\/#primaryimage\"},\"thumbnailUrl\":\"https:\/\/www.metagal.com.br\/blog\/wp-content\/uploads\/2022\/04\/Header-BP1-MAR.png\",\"keywords\":[\"carros el\u00e9tricos\",\"Pot\u00eancia verde\",\"Ve\u00edculos eletrificados\",\"Visibilidade\"],\"articleSection\":[\"Mercado\"],\"inLanguage\":\"pt-BR\",\"potentialAction\":[{\"@type\":\"CommentAction\",\"name\":\"Comment\",\"target\":[\"https:\/\/www.metagal.com.br\/blog\/brasil-tem-lideranca-marcada-setor-carros-eletricos\/#respond\"]}]},{\"@type\":\"WebPage\",\"@id\":\"https:\/\/www.metagal.com.br\/blog\/brasil-tem-lideranca-marcada-setor-carros-eletricos\/\",\"url\":\"https:\/\/www.metagal.com.br\/blog\/brasil-tem-lideranca-marcada-setor-carros-eletricos\/\",\"name\":\"Brasil tem sua lideran\u00e7a marcada no setor de carros el\u00e9tricos\",\"isPartOf\":{\"@id\":\"https:\/\/www.metagal.com.br\/blog\/#website\"},\"primaryImageOfPage\":{\"@id\":\"https:\/\/www.metagal.com.br\/blog\/brasil-tem-lideranca-marcada-setor-carros-eletricos\/#primaryimage\"},\"image\":{\"@id\":\"https:\/\/www.metagal.com.br\/blog\/brasil-tem-lideranca-marcada-setor-carros-eletricos\/#primaryimage\"},\"thumbnailUrl\":\"https:\/\/www.metagal.com.br\/blog\/wp-content\/uploads\/2022\/04\/Header-BP1-MAR.png\",\"datePublished\":\"2022-04-22T13:10:11+00:00\",\"dateModified\":\"2022-05-31T19:06:33+00:00\",\"description\":\"Entenda por que o Brasil tem grandes expectativas de desenvolvimento no setor dos ve\u00edculos eletrificados. Saiba tudo sobre os carros el\u00e9tricos.\",\"breadcrumb\":{\"@id\":\"https:\/\/www.metagal.com.br\/blog\/brasil-tem-lideranca-marcada-setor-carros-eletricos\/#breadcrumb\"},\"inLanguage\":\"pt-BR\",\"potentialAction\":[{\"@type\":\"ReadAction\",\"target\":[\"https:\/\/www.metagal.com.br\/blog\/brasil-tem-lideranca-marcada-setor-carros-eletricos\/\"]}]},{\"@type\":\"ImageObject\",\"inLanguage\":\"pt-BR\",\"@id\":\"https:\/\/www.metagal.com.br\/blog\/brasil-tem-lideranca-marcada-setor-carros-eletricos\/#primaryimage\",\"url\":\"https:\/\/www.metagal.com.br\/blog\/wp-content\/uploads\/2022\/04\/Header-BP1-MAR.png\",\"contentUrl\":\"https:\/\/www.metagal.com.br\/blog\/wp-content\/uploads\/2022\/04\/Header-BP1-MAR.png\",\"width\":1920,\"height\":655,\"caption\":\"Imagem de um um ve\u00edculo sendo abastecido, representando o Brasil na lideran\u00e7a no mercado dos carros el\u00e9tricos\"},{\"@type\":\"BreadcrumbList\",\"@id\":\"https:\/\/www.metagal.com.br\/blog\/brasil-tem-lideranca-marcada-setor-carros-eletricos\/#breadcrumb\",\"itemListElement\":[{\"@type\":\"ListItem\",\"position\":1,\"name\":\"In\u00edcio\",\"item\":\"https:\/\/www.metagal.com.br\/blog\/\"},{\"@type\":\"ListItem\",\"position\":2,\"name\":\"Brasil tem sua lideran\u00e7a marcada no setor de carros el\u00e9tricos\"}]},{\"@type\":\"WebSite\",\"@id\":\"https:\/\/www.metagal.com.br\/blog\/#website\",\"url\":\"https:\/\/www.metagal.com.br\/blog\/\",\"name\":\"Blog Metagal\",\"description\":\"Metagal | L\u00edder no desenvolvimento e produ\u00e7\u00e3o de espelhos retrovisores\",\"publisher\":{\"@id\":\"https:\/\/www.metagal.com.br\/blog\/#organization\"},\"potentialAction\":[{\"@type\":\"SearchAction\",\"target\":{\"@type\":\"EntryPoint\",\"urlTemplate\":\"https:\/\/www.metagal.com.br\/blog\/?s={search_term_string}\"},\"query-input\":{\"@type\":\"PropertyValueSpecification\",\"valueRequired\":true,\"valueName\":\"search_term_string\"}}],\"inLanguage\":\"pt-BR\"},{\"@type\":\"Organization\",\"@id\":\"https:\/\/www.metagal.com.br\/blog\/#organization\",\"name\":\"Metagal - L\u00edder em Desenvolvimento e Produ\u00e7\u00e3o de Espelhos Retrovisores\",\"url\":\"https:\/\/www.metagal.com.br\/blog\/\",\"logo\":{\"@type\":\"ImageObject\",\"inLanguage\":\"pt-BR\",\"@id\":\"https:\/\/www.metagal.com.br\/blog\/#\/schema\/logo\/image\/\",\"url\":\"https:\/\/www.metagal.com.br\/blog\/wp-content\/uploads\/2018\/11\/Favicon.png\",\"contentUrl\":\"https:\/\/www.metagal.com.br\/blog\/wp-content\/uploads\/2018\/11\/Favicon.png\",\"width\":100,\"height\":100,\"caption\":\"Metagal - L\u00edder em Desenvolvimento e Produ\u00e7\u00e3o de Espelhos Retrovisores\"},\"image\":{\"@id\":\"https:\/\/www.metagal.com.br\/blog\/#\/schema\/logo\/image\/\"}},{\"@type\":\"Person\",\"@id\":\"https:\/\/www.metagal.com.br\/blog\/#\/schema\/person\/86708538b26ec57abb56975e5bc3f3bf\",\"name\":\"Metagal\",\"image\":{\"@type\":\"ImageObject\",\"inLanguage\":\"pt-BR\",\"@id\":\"https:\/\/www.metagal.com.br\/blog\/#\/schema\/person\/image\/\",\"url\":\"https:\/\/secure.gravatar.com\/avatar\/5b99f1b1706488192643fded2a661508?s=96&d=mm&r=g\",\"contentUrl\":\"https:\/\/secure.gravatar.com\/avatar\/5b99f1b1706488192643fded2a661508?s=96&d=mm&r=g\",\"caption\":\"Metagal\"},\"url\":\"https:\/\/www.metagal.com.br\/blog\/autor\/layerup\/\"}]}<\/script>\n<!-- \/ Yoast SEO plugin. -->","yoast_head_json":{"title":"Brasil tem sua lideran\u00e7a marcada no setor de carros el\u00e9tricos","description":"Entenda por que o Brasil tem grandes expectativas de desenvolvimento no setor dos ve\u00edculos eletrificados. Saiba tudo sobre os carros el\u00e9tricos.","robots":{"index":"index","follow":"follow","max-snippet":"max-snippet:-1","max-image-preview":"max-image-preview:large","max-video-preview":"max-video-preview:-1"},"canonical":"https:\/\/www.metagal.com.br\/blog\/brasil-tem-lideranca-marcada-setor-carros-eletricos\/","og_locale":"pt_BR","og_type":"article","og_title":"Brasil tem sua lideran\u00e7a marcada no setor de carros el\u00e9tricos","og_description":"Entenda por que o Brasil tem grandes expectativas de desenvolvimento no setor dos ve\u00edculos eletrificados. Saiba tudo sobre os carros el\u00e9tricos.","og_url":"https:\/\/www.metagal.com.br\/blog\/brasil-tem-lideranca-marcada-setor-carros-eletricos\/","og_site_name":"Blog Metagal","article_published_time":"2022-04-22T13:10:11+00:00","article_modified_time":"2022-05-31T19:06:33+00:00","og_image":[{"width":1920,"height":655,"url":"https:\/\/www.metagal.com.br\/blog\/wp-content\/uploads\/2022\/04\/Header-BP1-MAR.png","type":"image\/png"}],"author":"Metagal","twitter_card":"summary_large_image","twitter_misc":{"Escrito por":"Metagal","Est. tempo de leitura":"5 minutos"},"schema":{"@context":"https:\/\/schema.org","@graph":[{"@type":"Article","@id":"https:\/\/www.metagal.com.br\/blog\/brasil-tem-lideranca-marcada-setor-carros-eletricos\/#article","isPartOf":{"@id":"https:\/\/www.metagal.com.br\/blog\/brasil-tem-lideranca-marcada-setor-carros-eletricos\/"},"author":{"name":"Metagal","@id":"https:\/\/www.metagal.com.br\/blog\/#\/schema\/person\/86708538b26ec57abb56975e5bc3f3bf"},"headline":"Brasil tem sua lideran\u00e7a marcada no setor de carros el\u00e9tricos","datePublished":"2022-04-22T13:10:11+00:00","dateModified":"2022-05-31T19:06:33+00:00","mainEntityOfPage":{"@id":"https:\/\/www.metagal.com.br\/blog\/brasil-tem-lideranca-marcada-setor-carros-eletricos\/"},"wordCount":1115,"commentCount":0,"publisher":{"@id":"https:\/\/www.metagal.com.br\/blog\/#organization"},"image":{"@id":"https:\/\/www.metagal.com.br\/blog\/brasil-tem-lideranca-marcada-setor-carros-eletricos\/#primaryimage"},"thumbnailUrl":"https:\/\/www.metagal.com.br\/blog\/wp-content\/uploads\/2022\/04\/Header-BP1-MAR.png","keywords":["carros el\u00e9tricos","Pot\u00eancia verde","Ve\u00edculos eletrificados","Visibilidade"],"articleSection":["Mercado"],"inLanguage":"pt-BR","potentialAction":[{"@type":"CommentAction","name":"Comment","target":["https:\/\/www.metagal.com.br\/blog\/brasil-tem-lideranca-marcada-setor-carros-eletricos\/#respond"]}]},{"@type":"WebPage","@id":"https:\/\/www.metagal.com.br\/blog\/brasil-tem-lideranca-marcada-setor-carros-eletricos\/","url":"https:\/\/www.metagal.com.br\/blog\/brasil-tem-lideranca-marcada-setor-carros-eletricos\/","name":"Brasil tem sua lideran\u00e7a marcada no setor de carros el\u00e9tricos","isPartOf":{"@id":"https:\/\/www.metagal.com.br\/blog\/#website"},"primaryImageOfPage":{"@id":"https:\/\/www.metagal.com.br\/blog\/brasil-tem-lideranca-marcada-setor-carros-eletricos\/#primaryimage"},"image":{"@id":"https:\/\/www.metagal.com.br\/blog\/brasil-tem-lideranca-marcada-setor-carros-eletricos\/#primaryimage"},"thumbnailUrl":"https:\/\/www.metagal.com.br\/blog\/wp-content\/uploads\/2022\/04\/Header-BP1-MAR.png","datePublished":"2022-04-22T13:10:11+00:00","dateModified":"2022-05-31T19:06:33+00:00","description":"Entenda por que o Brasil tem grandes expectativas de desenvolvimento no setor dos ve\u00edculos eletrificados. Saiba tudo sobre os carros el\u00e9tricos.","breadcrumb":{"@id":"https:\/\/www.metagal.com.br\/blog\/brasil-tem-lideranca-marcada-setor-carros-eletricos\/#breadcrumb"},"inLanguage":"pt-BR","potentialAction":[{"@type":"ReadAction","target":["https:\/\/www.metagal.com.br\/blog\/brasil-tem-lideranca-marcada-setor-carros-eletricos\/"]}]},{"@type":"ImageObject","inLanguage":"pt-BR","@id":"https:\/\/www.metagal.com.br\/blog\/brasil-tem-lideranca-marcada-setor-carros-eletricos\/#primaryimage","url":"https:\/\/www.metagal.com.br\/blog\/wp-content\/uploads\/2022\/04\/Header-BP1-MAR.png","contentUrl":"https:\/\/www.metagal.com.br\/blog\/wp-content\/uploads\/2022\/04\/Header-BP1-MAR.png","width":1920,"height":655,"caption":"Imagem de um um ve\u00edculo sendo abastecido, representando o Brasil na lideran\u00e7a no mercado dos carros el\u00e9tricos"},{"@type":"BreadcrumbList","@id":"https:\/\/www.metagal.com.br\/blog\/brasil-tem-lideranca-marcada-setor-carros-eletricos\/#breadcrumb","itemListElement":[{"@type":"ListItem","position":1,"name":"In\u00edcio","item":"https:\/\/www.metagal.com.br\/blog\/"},{"@type":"ListItem","position":2,"name":"Brasil tem sua lideran\u00e7a marcada no setor de carros el\u00e9tricos"}]},{"@type":"WebSite","@id":"https:\/\/www.metagal.com.br\/blog\/#website","url":"https:\/\/www.metagal.com.br\/blog\/","name":"Blog Metagal","description":"Metagal | L\u00edder no desenvolvimento e produ\u00e7\u00e3o de espelhos retrovisores","publisher":{"@id":"https:\/\/www.metagal.com.br\/blog\/#organization"},"potentialAction":[{"@type":"SearchAction","target":{"@type":"EntryPoint","urlTemplate":"https:\/\/www.metagal.com.br\/blog\/?s={search_term_string}"},"query-input":{"@type":"PropertyValueSpecification","valueRequired":true,"valueName":"search_term_string"}}],"inLanguage":"pt-BR"},{"@type":"Organization","@id":"https:\/\/www.metagal.com.br\/blog\/#organization","name":"Metagal - L\u00edder em Desenvolvimento e Produ\u00e7\u00e3o de Espelhos Retrovisores","url":"https:\/\/www.metagal.com.br\/blog\/","logo":{"@type":"ImageObject","inLanguage":"pt-BR","@id":"https:\/\/www.metagal.com.br\/blog\/#\/schema\/logo\/image\/","url":"https:\/\/www.metagal.com.br\/blog\/wp-content\/uploads\/2018\/11\/Favicon.png","contentUrl":"https:\/\/www.metagal.com.br\/blog\/wp-content\/uploads\/2018\/11\/Favicon.png","width":100,"height":100,"caption":"Metagal - L\u00edder em Desenvolvimento e Produ\u00e7\u00e3o de Espelhos Retrovisores"},"image":{"@id":"https:\/\/www.metagal.com.br\/blog\/#\/schema\/logo\/image\/"}},{"@type":"Person","@id":"https:\/\/www.metagal.com.br\/blog\/#\/schema\/person\/86708538b26ec57abb56975e5bc3f3bf","name":"Metagal","image":{"@type":"ImageObject","inLanguage":"pt-BR","@id":"https:\/\/www.metagal.com.br\/blog\/#\/schema\/person\/image\/","url":"https:\/\/secure.gravatar.com\/avatar\/5b99f1b1706488192643fded2a661508?s=96&d=mm&r=g","contentUrl":"https:\/\/secure.gravatar.com\/avatar\/5b99f1b1706488192643fded2a661508?s=96&d=mm&r=g","caption":"Metagal"},"url":"https:\/\/www.metagal.com.br\/blog\/autor\/layerup\/"}]}},"_links":{"self":[{"href":"https:\/\/www.metagal.com.br\/blog\/wp-json\/wp\/v2\/posts\/4658","targetHints":{"allow":["GET"]}}],"collection":[{"href":"https:\/\/www.metagal.com.br\/blog\/wp-json\/wp\/v2\/posts"}],"about":[{"href":"https:\/\/www.metagal.com.br\/blog\/wp-json\/wp\/v2\/types\/post"}],"author":[{"embeddable":true,"href":"https:\/\/www.metagal.com.br\/blog\/wp-json\/wp\/v2\/users\/1"}],"replies":[{"embeddable":true,"href":"https:\/\/www.metagal.com.br\/blog\/wp-json\/wp\/v2\/comments?post=4658"}],"version-history":[{"count":4,"href":"https:\/\/www.metagal.com.br\/blog\/wp-json\/wp\/v2\/posts\/4658\/revisions"}],"predecessor-version":[{"id":4747,"href":"https:\/\/www.metagal.com.br\/blog\/wp-json\/wp\/v2\/posts\/4658\/revisions\/4747"}],"wp:featuredmedia":[{"embeddable":true,"href":"https:\/\/www.metagal.com.br\/blog\/wp-json\/wp\/v2\/media\/4659"}],"wp:attachment":[{"href":"https:\/\/www.metagal.com.br\/blog\/wp-json\/wp\/v2\/media?parent=4658"}],"wp:term":[{"taxonomy":"category","embeddable":true,"href":"https:\/\/www.metagal.com.br\/blog\/wp-json\/wp\/v2\/categories?post=4658"},{"taxonomy":"post_tag","embeddable":true,"href":"https:\/\/www.metagal.com.br\/blog\/wp-json\/wp\/v2\/tags?post=4658"}],"curies":[{"name":"wp","href":"https:\/\/api.w.org\/{rel}","templated":true}]}}