{"id":4802,"date":"2022-09-12T14:59:15","date_gmt":"2022-09-12T17:59:15","guid":{"rendered":"https:\/\/www.metagal.com.br\/blog\/?p=4802"},"modified":"2022-09-12T14:59:15","modified_gmt":"2022-09-12T17:59:15","slug":"direcao-defensiva-relacao-com-seguranca-automotiva","status":"publish","type":"post","link":"https:\/\/www.metagal.com.br\/blog\/direcao-defensiva-relacao-com-seguranca-automotiva\/","title":{"rendered":"Dire\u00e7\u00e3o defensiva: entenda sua rela\u00e7\u00e3o com a seguran\u00e7a automotiva"},"content":{"rendered":"<p><span style=\"font-weight: 400;\">A <\/span><a href=\"https:\/\/www.metagal.com.br\/blog\/seguranca-veicular\/?utm_medium=blogpost&amp;utm_source=site&amp;utm_campaign=descubra-detalhes-direcao-defensiva&amp;utm_content=hiperlink\"><span style=\"font-weight: 400;\">seguran\u00e7a automotiva<\/span><\/a><span style=\"font-weight: 400;\"> \u00e9 uma pauta que est\u00e1 em alta atualmente. Cada vez mais motoristas procuram <\/span><b>meios mais seguros<\/b><span style=\"font-weight: 400;\"> de rodar nas ruas e estradas, e por isso a dire\u00e7\u00e3o defensiva pode ser a solu\u00e7\u00e3o.\u00a0<\/span><\/p>\n<p><span style=\"font-weight: 400;\">Primeiramente, vale lembrar que ela <\/span><b>n\u00e3o \u00e9 uma novidade<\/b><span style=\"font-weight: 400;\"> no setor automotivo. A dire\u00e7\u00e3o defensiva existe desde 2005 dentro do CTB \u2013 C\u00f3digo de Tr\u00e2nsito Brasileiro.\u00a0<\/span><\/p>\n<p><span style=\"font-weight: 400;\">Ao longo do CTB \u00e9 estabelecido a exig\u00eancia de cursos te\u00f3ricos e pr\u00e1ticos de dire\u00e7\u00e3o veicular para a obten\u00e7\u00e3o da Carteira Nacional de Habilita\u00e7\u00e3o \u2013 CNH \u2013, e<strong> essa<\/strong><\/span><b>\u00a0dire\u00e7\u00e3o est\u00e1 entre eles.<\/b><\/p>\n<p><span style=\"font-weight: 400;\">Ou seja, ela \u00e9 um<\/span><b> conte\u00fado obrigat\u00f3rio nas autoescolas<\/b><span style=\"font-weight: 400;\"> e tem o objetivo de tornar o tr\u00e2nsito mais seguro para motoristas, passageiros e pedestres.<\/span><\/p>\n<p><span style=\"font-weight: 400;\">Segundo dados apresentados pelo <\/span><a href=\"https:\/\/www.atlasacidentesnotransporte.com.br\/consulta?grafico=acidente\" target=\"_blank\" rel=\"noopener\"><span style=\"font-weight: 400;\">Atlas da Acidentalidade no Transporte Brasileiro<\/span><\/a><span style=\"font-weight: 400;\">, dos 1.788.670 acidentes registrados, <\/span><b>33,4%<\/b><span style=\"font-weight: 400;\"> foram causados por falta de aten\u00e7\u00e3o no volante.<\/span><\/p>\n<p><span style=\"font-weight: 400;\">Este n\u00famero foi <\/span><b>maior<\/b><span style=\"font-weight: 400;\"> do que os<\/span><a href=\"https:\/\/www.metagal.com.br\/blog\/motos-lideram-ranking-vitimas-fatais\/?utm_medium=blogpost&amp;utm_source=site&amp;utm_campaign=descubra-detalhes-direcao-defensiva&amp;utm_content=hiperlink\"><span style=\"font-weight: 400;\"> acidentes<\/span><\/a><span style=\"font-weight: 400;\"> causados por consumo de bebidas alco\u00f3licas ou pela falta de respeito \u00e0 sinaliza\u00e7\u00e3o.\u00a0<\/span><\/p>\n<p><span style=\"font-weight: 400;\">Pensando em como esse assunto \u00e9 <\/span><b>extremamente importante<\/b><span style=\"font-weight: 400;\"> para todos, iremos explicar os detalhes sobre a dire\u00e7\u00e3o defensiva, incluindo os seus tipos. Confira!<\/span><\/p>\n<h2><b>Explicando a dire\u00e7\u00e3o defensiva<\/b><\/h2>\n<p><span style=\"font-weight: 400;\">Como j\u00e1 mencionamos, a dire\u00e7\u00e3o defensiva foi inclu\u00edda no CTB h\u00e1 alguns anos e \u00e9 uma <\/span><b>carga hor\u00e1ria obrigat\u00f3ria na forma\u00e7\u00e3o de novos condutores<\/b><span style=\"font-weight: 400;\">.<\/span><\/p>\n<p><span style=\"font-weight: 400;\">De acordo com o Detran \u2013 Departamento Nacional de Tr\u00e2nsito \u2013, essa \u00e9 uma pr\u00e1tica que <\/span><b>melhora a maneira de dirigir<\/b><span style=\"font-weight: 400;\"> e se comportar no tr\u00e2nsito.\u00a0<\/span><\/p>\n<p><span style=\"font-weight: 400;\">Trata-se, portanto, de um <\/span><b>conjunto de pr\u00e1ticas<\/b><span style=\"font-weight: 400;\"> que o motorista deve seguir ao dirigir, permitindo que eles reconhe\u00e7am antecipadamente as situa\u00e7\u00f5es de perigo, previnam suas consequ\u00eancias e tomem decis\u00f5es que protejam os passageiros e pedestres.<\/span><\/p>\n<p><img loading=\"lazy\" decoding=\"async\" class=\"aligncenter size-full wp-image-4803\" src=\"https:\/\/www.metagal.com.br\/blog\/wp-content\/uploads\/2022\/09\/img1.png\" alt=\"Existe um conjunto de pr\u00e1ticas que os motoristas devem seguir para garantir uma dire\u00e7\u00e3o defensiva, como postura correta, concentra\u00e7\u00e3o e respeito \u00e0 velocidade\" width=\"610\" height=\"643\" srcset=\"https:\/\/www.metagal.com.br\/blog\/wp-content\/uploads\/2022\/09\/img1.png 610w, https:\/\/www.metagal.com.br\/blog\/wp-content\/uploads\/2022\/09\/img1-285x300.png 285w\" sizes=\"auto, (max-width: 610px) 100vw, 610px\" \/><\/p>\n<p><span style=\"font-weight: 400;\">Dessa forma, a dire\u00e7\u00e3o defensiva pode ser resumida em um<\/span><b> monitoramento constante das a\u00e7\u00f5es dos condutores<\/b><span style=\"font-weight: 400;\">.<\/span><\/p>\n<h2><b>A dire\u00e7\u00e3o defensiva al\u00e9m das autoescolas<\/b><\/h2>\n<p><span style=\"font-weight: 400;\">Al\u00e9m da obrigatoriedade da sua abordagem nas autoescolas, a legisla\u00e7\u00e3o traz a conscientiza\u00e7\u00e3o sobre a dire\u00e7\u00e3o segura em<\/span><b> outros pontos<\/b><span style=\"font-weight: 400;\">.<\/span><\/p>\n<p><img loading=\"lazy\" decoding=\"async\" class=\"aligncenter size-full wp-image-4804\" src=\"https:\/\/www.metagal.com.br\/blog\/wp-content\/uploads\/2022\/09\/img2.png\" alt=\"A dire\u00e7\u00e3o defensiva n\u00e3o \u00e9 passada apenas nas autoescolas, tamb\u00e9m \u00e9 poss\u00edvel encontra suas boas pr\u00e1ticas no manual de de fabrica\u00e7\u00e3o dos autom\u00f3veis\" width=\"900\" height=\"300\" srcset=\"https:\/\/www.metagal.com.br\/blog\/wp-content\/uploads\/2022\/09\/img2.png 900w, https:\/\/www.metagal.com.br\/blog\/wp-content\/uploads\/2022\/09\/img2-300x100.png 300w, https:\/\/www.metagal.com.br\/blog\/wp-content\/uploads\/2022\/09\/img2-768x256.png 768w\" sizes=\"auto, (max-width: 900px) 100vw, 900px\" \/><\/p>\n<p><span style=\"font-weight: 400;\">Outro ponto de aten\u00e7\u00e3o \u00e9 para as empresas que contratam motoristas para operar a <\/span><b>frota de ve\u00edculos<\/b><span style=\"font-weight: 400;\">. Elas devem oferecer um curso de dire\u00e7\u00e3o defensiva para esses condutores.<\/span><\/p>\n<h2><b>Os tipos de dire\u00e7\u00e3o defensiva<\/b><\/h2>\n<p><span style=\"font-weight: 400;\">Os cursos ministrados pelos CFCs \u2013 Centros de Forma\u00e7\u00e3o de Condutores \u2013 abordam<\/span><b> dois tipos de dire\u00e7\u00e3o defensiva<\/b><span style=\"font-weight: 400;\">:<\/span><\/p>\n<ul>\n<li aria-level=\"1\">\n<h3><b>Dire\u00e7\u00e3o Preventiva<\/b><\/h3>\n<\/li>\n<\/ul>\n<p><span style=\"font-weight: 400;\">O condutor antecipa os riscos. Ela est\u00e1 presente quando o motorista dirige com aten\u00e7\u00e3o, avaliando suas condi\u00e7\u00f5es f\u00edsicas e mentais, assim como a via pela qual est\u00e1 rodando.<\/span><\/p>\n<ul>\n<li aria-level=\"1\">\n<h3><b>Dire\u00e7\u00e3o Corretiva<\/b><\/h3>\n<\/li>\n<\/ul>\n<p><span style=\"font-weight: 400;\">Esse tipo de dire\u00e7\u00e3o \u00e9 exigida quando o motorista deve tomar decis\u00f5es r\u00e1pidas para corrigir uma situa\u00e7\u00e3o de perigo que n\u00e3o p\u00f4de ser antecipada.<\/span><\/p>\n<p><img loading=\"lazy\" decoding=\"async\" class=\"aligncenter size-full wp-image-4805\" src=\"https:\/\/www.metagal.com.br\/blog\/wp-content\/uploads\/2022\/09\/img3.png\" alt=\"A dire\u00e7\u00e3o corretiva \u00e9 um dos tipos de dire\u00e7\u00e3o defensiva e alguns exemplos de a\u00e7\u00f5es que devem ser feitas nela s\u00e3o: prestar aux\u00edlio \u00e0s v\u00edtimas, sinalizar o local do acidente e orientar outros motoristas.\" width=\"635\" height=\"334\" srcset=\"https:\/\/www.metagal.com.br\/blog\/wp-content\/uploads\/2022\/09\/img3.png 635w, https:\/\/www.metagal.com.br\/blog\/wp-content\/uploads\/2022\/09\/img3-300x158.png 300w\" sizes=\"auto, (max-width: 635px) 100vw, 635px\" \/><\/p>\n<h3><b>A dire\u00e7\u00e3o agressiva \u00e9 o contr\u00e1rio da defensiva<\/b><\/h3>\n<p><span style=\"font-weight: 400;\">Neste tipo de dire\u00e7\u00e3o, o condutor <\/span><b>n\u00e3o coloca apenas a sua vida em risco<\/b><span style=\"font-weight: 400;\">, mas tamb\u00e9m a de outras pessoas. Algumas a\u00e7\u00f5es que podem levar a isso s\u00e3o:\u00a0<\/span><\/p>\n<ul>\n<li style=\"font-weight: 400;\" aria-level=\"1\"><span style=\"font-weight: 400;\">Dirigir olhando apenas para um ponto\u00a0<\/span><\/li>\n<li style=\"font-weight: 400;\" aria-level=\"1\"><span style=\"font-weight: 400;\">Falta de concentra\u00e7\u00e3o na dire\u00e7\u00e3o<\/span><\/li>\n<li style=\"font-weight: 400;\" aria-level=\"1\"><span style=\"font-weight: 400;\">Aten\u00e7\u00e3o difusa<\/span><\/li>\n<\/ul>\n<h2><b>Assuntos abordados em cursos de dire\u00e7\u00e3o defensiva<\/b><\/h2>\n<p><span style=\"font-weight: 400;\">De acordo com a <\/span><a href=\"https:\/\/www.legisweb.com.br\/legislacao\/?id=100950\" target=\"_blank\" rel=\"noopener\"><span style=\"font-weight: 400;\">Resolu\u00e7\u00e3o n\u00b0 168 do Contran<\/span><\/a><span style=\"font-weight: 400;\">, os seguintes assuntos devem ser abordados para ve\u00edculos de<\/span><b> duas ou quatro rodas<\/b><span style=\"font-weight: 400;\">:<\/span><\/p>\n<ul>\n<li style=\"font-weight: 400;\" aria-level=\"1\"><span style=\"font-weight: 400;\">Conceito de dire\u00e7\u00e3o defensiva;\u00a0<\/span><\/li>\n<li style=\"font-weight: 400;\" aria-level=\"1\"><span style=\"font-weight: 400;\">Conduzindo em condi\u00e7\u00f5es adversas;<\/span><\/li>\n<li style=\"font-weight: 400;\" aria-level=\"1\"><span style=\"font-weight: 400;\">Conduzindo em situa\u00e7\u00f5es de risco (cruzamentos, curvas, ultrapassagens, frenagem normal e de emerg\u00eancia, derrapagem, ondula\u00e7\u00f5es e buracos);<\/span><\/li>\n<li style=\"font-weight: 400;\" aria-level=\"1\"><span style=\"font-weight: 400;\">Como evitar acidentes em ve\u00edculos de duas ou mais rodas;<\/span><\/li>\n<li style=\"font-weight: 400;\" aria-level=\"1\"><span style=\"font-weight: 400;\">Abordagem te\u00f3rica da condu\u00e7\u00e3o de motocicletas com passageiro e ou cargas;<\/span><\/li>\n<li style=\"font-weight: 400;\" aria-level=\"1\"><span style=\"font-weight: 400;\">Cuidados com os demais usu\u00e1rios da via;<\/span><\/li>\n<li style=\"font-weight: 400;\" aria-level=\"1\"><span style=\"font-weight: 400;\">Respeito m\u00fatuo entre condutores;<\/span><\/li>\n<li style=\"font-weight: 400;\" aria-level=\"1\"><span style=\"font-weight: 400;\">Equipamentos de seguran\u00e7a do condutor motociclista;<\/span><\/li>\n<li style=\"font-weight: 400;\" aria-level=\"1\"><span style=\"font-weight: 400;\">Estado f\u00edsico e mental do condutor<\/span><\/li>\n<li style=\"font-weight: 400;\" aria-level=\"1\"><span style=\"font-weight: 400;\">Consequ\u00eancias da ingest\u00e3o e consumo de bebida alco\u00f3lica e subst\u00e2ncias psicoativas;<\/span><\/li>\n<li style=\"font-weight: 400;\" aria-level=\"1\"><span style=\"font-weight: 400;\">Situa\u00e7\u00f5es de risco.<\/span><\/li>\n<\/ul>\n<p><span style=\"font-weight: 400;\">Para os <\/span><b>condutores habilitados<\/b><span style=\"font-weight: 400;\">, tamb\u00e9m est\u00e3o dispon\u00edveis os cursos online de dire\u00e7\u00e3o defensiva.<\/span><\/p>\n<h2><b>Os carros conectados s\u00e3o o futuro da seguran\u00e7a automotiva<\/b><\/h2>\n<p><span style=\"font-weight: 400;\">J\u00e1 falamos como a dire\u00e7\u00e3o defensiva promove maior seguran\u00e7a automotiva para todos no tr\u00e2nsito. Por\u00e9m, com a expans\u00e3o dos <\/span><b>carros conectados nas ruas<\/b><span style=\"font-weight: 400;\">, esse conceito ser\u00e1 aumentado.<\/span><\/p>\n<p><span style=\"font-weight: 400;\">Isso porque a <\/span><b>conectividade \u00e0 internet<\/b><span style=\"font-weight: 400;\"> que esses modelos possuem possibilitam a chegada de notifica\u00e7\u00f5es sobre o tr\u00e1fego ou acidentes no trajeto, localiza\u00e7\u00e3o de pontos de assist\u00eancia e postos de gasolina nas rodovias, al\u00e9m de alertas do pr\u00f3prio ve\u00edculo sobre a necessidade de manuten\u00e7\u00f5es.\u00a0<\/span><\/p>\n<p><span style=\"font-weight: 400;\">Venha conhecer<\/span><b> outros benef\u00edcios que os carros conectados possuem<\/b><span style=\"font-weight: 400;\">, al\u00e9m de saber mais sobre suas funcionalidades neste material gratuito que separamos para voc\u00ea!<\/span><\/p>\n<p><a href=\"https:\/\/materiais.metagal.com.br\/carros-conectados?utm_medium=blogpost&amp;utm_source=site&amp;utm_campaign=descubra-detalhes-direcao-defensiva&amp;utm_content=cta\"><img loading=\"lazy\" decoding=\"async\" class=\"aligncenter size-full wp-image-4806\" src=\"https:\/\/www.metagal.com.br\/blog\/wp-content\/uploads\/2022\/09\/CTA-2.png\" alt=\"Venha entender como os carros conectados tem rela\u00e7\u00e3o com a dire\u00e7\u00e3o defensiva, entregando um tr\u00e2nsito mais seguro aos motoristas, passageiros e pedestres.\" width=\"900\" height=\"300\" srcset=\"https:\/\/www.metagal.com.br\/blog\/wp-content\/uploads\/2022\/09\/CTA-2.png 900w, https:\/\/www.metagal.com.br\/blog\/wp-content\/uploads\/2022\/09\/CTA-2-300x100.png 300w, https:\/\/www.metagal.com.br\/blog\/wp-content\/uploads\/2022\/09\/CTA-2-768x256.png 768w\" sizes=\"auto, (max-width: 900px) 100vw, 900px\" \/><\/a><\/p>\n","protected":false},"excerpt":{"rendered":"<p>A seguran\u00e7a automotiva \u00e9 uma pauta que est\u00e1 em alta atualmente. Cada vez mais motoristas procuram meios mais seguros de&#8230;<\/p>\n","protected":false},"author":1,"featured_media":4808,"comment_status":"open","ping_status":"open","sticky":false,"template":"","format":"standard","meta":{"footnotes":""},"categories":[113],"tags":[426,424,425,427],"class_list":["post-4802","post","type-post","status-publish","format-standard","has-post-thumbnail","hentry","category-mercado","tag-cursos-de-direcao","tag-direcao-defensiva","tag-seguranca-automotiva","tag-tipos-de-direcao-defensiva"],"yoast_head":"<!-- This site is optimized with the Yoast SEO plugin v25.9 - https:\/\/yoast.com\/wordpress\/plugins\/seo\/ -->\n<title>Dire\u00e7\u00e3o defensiva: entenda sua rela\u00e7\u00e3o com a seguran\u00e7a automotiva<\/title>\n<meta name=\"description\" content=\"Entenda o que \u00e9 a dire\u00e7\u00e3o defensiva e como ela \u00e9 importante para que motoristas possam promover a seguran\u00e7a de todos no tr\u00e2nsito.\" \/>\n<meta name=\"robots\" content=\"index, follow, max-snippet:-1, max-image-preview:large, max-video-preview:-1\" \/>\n<link rel=\"canonical\" href=\"https:\/\/www.metagal.com.br\/blog\/direcao-defensiva-relacao-com-seguranca-automotiva\/\" \/>\n<meta property=\"og:locale\" content=\"pt_BR\" \/>\n<meta property=\"og:type\" content=\"article\" \/>\n<meta property=\"og:title\" content=\"Dire\u00e7\u00e3o defensiva: entenda sua rela\u00e7\u00e3o com a seguran\u00e7a automotiva\" \/>\n<meta property=\"og:description\" content=\"Entenda o que \u00e9 a dire\u00e7\u00e3o defensiva e como ela \u00e9 importante para que motoristas possam promover a seguran\u00e7a de todos no tr\u00e2nsito.\" \/>\n<meta property=\"og:url\" content=\"https:\/\/www.metagal.com.br\/blog\/direcao-defensiva-relacao-com-seguranca-automotiva\/\" \/>\n<meta property=\"og:site_name\" content=\"Blog Metagal\" \/>\n<meta property=\"article:published_time\" content=\"2022-09-12T17:59:15+00:00\" \/>\n<meta property=\"og:image\" content=\"https:\/\/www.metagal.com.br\/blog\/wp-content\/uploads\/2022\/09\/Header-1.jpg\" \/>\n\t<meta property=\"og:image:width\" content=\"1920\" \/>\n\t<meta property=\"og:image:height\" content=\"1080\" \/>\n\t<meta property=\"og:image:type\" content=\"image\/jpeg\" \/>\n<meta name=\"author\" content=\"Metagal\" \/>\n<meta name=\"twitter:card\" content=\"summary_large_image\" \/>\n<meta name=\"twitter:label1\" content=\"Escrito por\" \/>\n\t<meta name=\"twitter:data1\" content=\"Metagal\" \/>\n\t<meta name=\"twitter:label2\" content=\"Est. tempo de leitura\" \/>\n\t<meta name=\"twitter:data2\" content=\"4 minutos\" \/>\n<script type=\"application\/ld+json\" class=\"yoast-schema-graph\">{\"@context\":\"https:\/\/schema.org\",\"@graph\":[{\"@type\":\"Article\",\"@id\":\"https:\/\/www.metagal.com.br\/blog\/direcao-defensiva-relacao-com-seguranca-automotiva\/#article\",\"isPartOf\":{\"@id\":\"https:\/\/www.metagal.com.br\/blog\/direcao-defensiva-relacao-com-seguranca-automotiva\/\"},\"author\":{\"name\":\"Metagal\",\"@id\":\"https:\/\/www.metagal.com.br\/blog\/#\/schema\/person\/86708538b26ec57abb56975e5bc3f3bf\"},\"headline\":\"Dire\u00e7\u00e3o defensiva: entenda sua rela\u00e7\u00e3o com a seguran\u00e7a automotiva\",\"datePublished\":\"2022-09-12T17:59:15+00:00\",\"mainEntityOfPage\":{\"@id\":\"https:\/\/www.metagal.com.br\/blog\/direcao-defensiva-relacao-com-seguranca-automotiva\/\"},\"wordCount\":801,\"commentCount\":0,\"publisher\":{\"@id\":\"https:\/\/www.metagal.com.br\/blog\/#organization\"},\"image\":{\"@id\":\"https:\/\/www.metagal.com.br\/blog\/direcao-defensiva-relacao-com-seguranca-automotiva\/#primaryimage\"},\"thumbnailUrl\":\"https:\/\/www.metagal.com.br\/blog\/wp-content\/uploads\/2022\/09\/Header-1.jpg\",\"keywords\":[\"cursos de dire\u00e7\u00e3o\",\"dire\u00e7\u00e3o defensiva\",\"seguran\u00e7a automotiva\",\"tipos de dire\u00e7\u00e3o defensiva\"],\"articleSection\":[\"Mercado\"],\"inLanguage\":\"pt-BR\",\"potentialAction\":[{\"@type\":\"CommentAction\",\"name\":\"Comment\",\"target\":[\"https:\/\/www.metagal.com.br\/blog\/direcao-defensiva-relacao-com-seguranca-automotiva\/#respond\"]}]},{\"@type\":\"WebPage\",\"@id\":\"https:\/\/www.metagal.com.br\/blog\/direcao-defensiva-relacao-com-seguranca-automotiva\/\",\"url\":\"https:\/\/www.metagal.com.br\/blog\/direcao-defensiva-relacao-com-seguranca-automotiva\/\",\"name\":\"Dire\u00e7\u00e3o defensiva: entenda sua rela\u00e7\u00e3o com a seguran\u00e7a automotiva\",\"isPartOf\":{\"@id\":\"https:\/\/www.metagal.com.br\/blog\/#website\"},\"primaryImageOfPage\":{\"@id\":\"https:\/\/www.metagal.com.br\/blog\/direcao-defensiva-relacao-com-seguranca-automotiva\/#primaryimage\"},\"image\":{\"@id\":\"https:\/\/www.metagal.com.br\/blog\/direcao-defensiva-relacao-com-seguranca-automotiva\/#primaryimage\"},\"thumbnailUrl\":\"https:\/\/www.metagal.com.br\/blog\/wp-content\/uploads\/2022\/09\/Header-1.jpg\",\"datePublished\":\"2022-09-12T17:59:15+00:00\",\"description\":\"Entenda o que \u00e9 a dire\u00e7\u00e3o defensiva e como ela \u00e9 importante para que motoristas possam promover a seguran\u00e7a de todos no tr\u00e2nsito.\",\"breadcrumb\":{\"@id\":\"https:\/\/www.metagal.com.br\/blog\/direcao-defensiva-relacao-com-seguranca-automotiva\/#breadcrumb\"},\"inLanguage\":\"pt-BR\",\"potentialAction\":[{\"@type\":\"ReadAction\",\"target\":[\"https:\/\/www.metagal.com.br\/blog\/direcao-defensiva-relacao-com-seguranca-automotiva\/\"]}]},{\"@type\":\"ImageObject\",\"inLanguage\":\"pt-BR\",\"@id\":\"https:\/\/www.metagal.com.br\/blog\/direcao-defensiva-relacao-com-seguranca-automotiva\/#primaryimage\",\"url\":\"https:\/\/www.metagal.com.br\/blog\/wp-content\/uploads\/2022\/09\/Header-1.jpg\",\"contentUrl\":\"https:\/\/www.metagal.com.br\/blog\/wp-content\/uploads\/2022\/09\/Header-1.jpg\",\"width\":1920,\"height\":1080,\"caption\":\"Imagem de um motorista colocando seu cinto de seguran\u00e7a, demonstrando como a dire\u00e7\u00e3o defensiva \u00e9 importante para todos no tr\u00e2nsito\"},{\"@type\":\"BreadcrumbList\",\"@id\":\"https:\/\/www.metagal.com.br\/blog\/direcao-defensiva-relacao-com-seguranca-automotiva\/#breadcrumb\",\"itemListElement\":[{\"@type\":\"ListItem\",\"position\":1,\"name\":\"In\u00edcio\",\"item\":\"https:\/\/www.metagal.com.br\/blog\/\"},{\"@type\":\"ListItem\",\"position\":2,\"name\":\"Dire\u00e7\u00e3o defensiva: entenda sua rela\u00e7\u00e3o com a seguran\u00e7a automotiva\"}]},{\"@type\":\"WebSite\",\"@id\":\"https:\/\/www.metagal.com.br\/blog\/#website\",\"url\":\"https:\/\/www.metagal.com.br\/blog\/\",\"name\":\"Blog Metagal\",\"description\":\"Metagal | L\u00edder no desenvolvimento e produ\u00e7\u00e3o de espelhos retrovisores\",\"publisher\":{\"@id\":\"https:\/\/www.metagal.com.br\/blog\/#organization\"},\"potentialAction\":[{\"@type\":\"SearchAction\",\"target\":{\"@type\":\"EntryPoint\",\"urlTemplate\":\"https:\/\/www.metagal.com.br\/blog\/?s={search_term_string}\"},\"query-input\":{\"@type\":\"PropertyValueSpecification\",\"valueRequired\":true,\"valueName\":\"search_term_string\"}}],\"inLanguage\":\"pt-BR\"},{\"@type\":\"Organization\",\"@id\":\"https:\/\/www.metagal.com.br\/blog\/#organization\",\"name\":\"Metagal - L\u00edder em Desenvolvimento e Produ\u00e7\u00e3o de Espelhos Retrovisores\",\"url\":\"https:\/\/www.metagal.com.br\/blog\/\",\"logo\":{\"@type\":\"ImageObject\",\"inLanguage\":\"pt-BR\",\"@id\":\"https:\/\/www.metagal.com.br\/blog\/#\/schema\/logo\/image\/\",\"url\":\"https:\/\/www.metagal.com.br\/blog\/wp-content\/uploads\/2018\/11\/Favicon.png\",\"contentUrl\":\"https:\/\/www.metagal.com.br\/blog\/wp-content\/uploads\/2018\/11\/Favicon.png\",\"width\":100,\"height\":100,\"caption\":\"Metagal - L\u00edder em Desenvolvimento e Produ\u00e7\u00e3o de Espelhos Retrovisores\"},\"image\":{\"@id\":\"https:\/\/www.metagal.com.br\/blog\/#\/schema\/logo\/image\/\"}},{\"@type\":\"Person\",\"@id\":\"https:\/\/www.metagal.com.br\/blog\/#\/schema\/person\/86708538b26ec57abb56975e5bc3f3bf\",\"name\":\"Metagal\",\"image\":{\"@type\":\"ImageObject\",\"inLanguage\":\"pt-BR\",\"@id\":\"https:\/\/www.metagal.com.br\/blog\/#\/schema\/person\/image\/\",\"url\":\"https:\/\/secure.gravatar.com\/avatar\/5b99f1b1706488192643fded2a661508?s=96&d=mm&r=g\",\"contentUrl\":\"https:\/\/secure.gravatar.com\/avatar\/5b99f1b1706488192643fded2a661508?s=96&d=mm&r=g\",\"caption\":\"Metagal\"},\"url\":\"https:\/\/www.metagal.com.br\/blog\/autor\/layerup\/\"}]}<\/script>\n<!-- \/ Yoast SEO plugin. -->","yoast_head_json":{"title":"Dire\u00e7\u00e3o defensiva: entenda sua rela\u00e7\u00e3o com a seguran\u00e7a automotiva","description":"Entenda o que \u00e9 a dire\u00e7\u00e3o defensiva e como ela \u00e9 importante para que motoristas possam promover a seguran\u00e7a de todos no tr\u00e2nsito.","robots":{"index":"index","follow":"follow","max-snippet":"max-snippet:-1","max-image-preview":"max-image-preview:large","max-video-preview":"max-video-preview:-1"},"canonical":"https:\/\/www.metagal.com.br\/blog\/direcao-defensiva-relacao-com-seguranca-automotiva\/","og_locale":"pt_BR","og_type":"article","og_title":"Dire\u00e7\u00e3o defensiva: entenda sua rela\u00e7\u00e3o com a seguran\u00e7a automotiva","og_description":"Entenda o que \u00e9 a dire\u00e7\u00e3o defensiva e como ela \u00e9 importante para que motoristas possam promover a seguran\u00e7a de todos no tr\u00e2nsito.","og_url":"https:\/\/www.metagal.com.br\/blog\/direcao-defensiva-relacao-com-seguranca-automotiva\/","og_site_name":"Blog Metagal","article_published_time":"2022-09-12T17:59:15+00:00","og_image":[{"width":1920,"height":1080,"url":"https:\/\/www.metagal.com.br\/blog\/wp-content\/uploads\/2022\/09\/Header-1.jpg","type":"image\/jpeg"}],"author":"Metagal","twitter_card":"summary_large_image","twitter_misc":{"Escrito por":"Metagal","Est. tempo de leitura":"4 minutos"},"schema":{"@context":"https:\/\/schema.org","@graph":[{"@type":"Article","@id":"https:\/\/www.metagal.com.br\/blog\/direcao-defensiva-relacao-com-seguranca-automotiva\/#article","isPartOf":{"@id":"https:\/\/www.metagal.com.br\/blog\/direcao-defensiva-relacao-com-seguranca-automotiva\/"},"author":{"name":"Metagal","@id":"https:\/\/www.metagal.com.br\/blog\/#\/schema\/person\/86708538b26ec57abb56975e5bc3f3bf"},"headline":"Dire\u00e7\u00e3o defensiva: entenda sua rela\u00e7\u00e3o com a seguran\u00e7a automotiva","datePublished":"2022-09-12T17:59:15+00:00","mainEntityOfPage":{"@id":"https:\/\/www.metagal.com.br\/blog\/direcao-defensiva-relacao-com-seguranca-automotiva\/"},"wordCount":801,"commentCount":0,"publisher":{"@id":"https:\/\/www.metagal.com.br\/blog\/#organization"},"image":{"@id":"https:\/\/www.metagal.com.br\/blog\/direcao-defensiva-relacao-com-seguranca-automotiva\/#primaryimage"},"thumbnailUrl":"https:\/\/www.metagal.com.br\/blog\/wp-content\/uploads\/2022\/09\/Header-1.jpg","keywords":["cursos de dire\u00e7\u00e3o","dire\u00e7\u00e3o defensiva","seguran\u00e7a automotiva","tipos de dire\u00e7\u00e3o defensiva"],"articleSection":["Mercado"],"inLanguage":"pt-BR","potentialAction":[{"@type":"CommentAction","name":"Comment","target":["https:\/\/www.metagal.com.br\/blog\/direcao-defensiva-relacao-com-seguranca-automotiva\/#respond"]}]},{"@type":"WebPage","@id":"https:\/\/www.metagal.com.br\/blog\/direcao-defensiva-relacao-com-seguranca-automotiva\/","url":"https:\/\/www.metagal.com.br\/blog\/direcao-defensiva-relacao-com-seguranca-automotiva\/","name":"Dire\u00e7\u00e3o defensiva: entenda sua rela\u00e7\u00e3o com a seguran\u00e7a automotiva","isPartOf":{"@id":"https:\/\/www.metagal.com.br\/blog\/#website"},"primaryImageOfPage":{"@id":"https:\/\/www.metagal.com.br\/blog\/direcao-defensiva-relacao-com-seguranca-automotiva\/#primaryimage"},"image":{"@id":"https:\/\/www.metagal.com.br\/blog\/direcao-defensiva-relacao-com-seguranca-automotiva\/#primaryimage"},"thumbnailUrl":"https:\/\/www.metagal.com.br\/blog\/wp-content\/uploads\/2022\/09\/Header-1.jpg","datePublished":"2022-09-12T17:59:15+00:00","description":"Entenda o que \u00e9 a dire\u00e7\u00e3o defensiva e como ela \u00e9 importante para que motoristas possam promover a seguran\u00e7a de todos no tr\u00e2nsito.","breadcrumb":{"@id":"https:\/\/www.metagal.com.br\/blog\/direcao-defensiva-relacao-com-seguranca-automotiva\/#breadcrumb"},"inLanguage":"pt-BR","potentialAction":[{"@type":"ReadAction","target":["https:\/\/www.metagal.com.br\/blog\/direcao-defensiva-relacao-com-seguranca-automotiva\/"]}]},{"@type":"ImageObject","inLanguage":"pt-BR","@id":"https:\/\/www.metagal.com.br\/blog\/direcao-defensiva-relacao-com-seguranca-automotiva\/#primaryimage","url":"https:\/\/www.metagal.com.br\/blog\/wp-content\/uploads\/2022\/09\/Header-1.jpg","contentUrl":"https:\/\/www.metagal.com.br\/blog\/wp-content\/uploads\/2022\/09\/Header-1.jpg","width":1920,"height":1080,"caption":"Imagem de um motorista colocando seu cinto de seguran\u00e7a, demonstrando como a dire\u00e7\u00e3o defensiva \u00e9 importante para todos no tr\u00e2nsito"},{"@type":"BreadcrumbList","@id":"https:\/\/www.metagal.com.br\/blog\/direcao-defensiva-relacao-com-seguranca-automotiva\/#breadcrumb","itemListElement":[{"@type":"ListItem","position":1,"name":"In\u00edcio","item":"https:\/\/www.metagal.com.br\/blog\/"},{"@type":"ListItem","position":2,"name":"Dire\u00e7\u00e3o defensiva: entenda sua rela\u00e7\u00e3o com a seguran\u00e7a automotiva"}]},{"@type":"WebSite","@id":"https:\/\/www.metagal.com.br\/blog\/#website","url":"https:\/\/www.metagal.com.br\/blog\/","name":"Blog Metagal","description":"Metagal | L\u00edder no desenvolvimento e produ\u00e7\u00e3o de espelhos retrovisores","publisher":{"@id":"https:\/\/www.metagal.com.br\/blog\/#organization"},"potentialAction":[{"@type":"SearchAction","target":{"@type":"EntryPoint","urlTemplate":"https:\/\/www.metagal.com.br\/blog\/?s={search_term_string}"},"query-input":{"@type":"PropertyValueSpecification","valueRequired":true,"valueName":"search_term_string"}}],"inLanguage":"pt-BR"},{"@type":"Organization","@id":"https:\/\/www.metagal.com.br\/blog\/#organization","name":"Metagal - L\u00edder em Desenvolvimento e Produ\u00e7\u00e3o de Espelhos Retrovisores","url":"https:\/\/www.metagal.com.br\/blog\/","logo":{"@type":"ImageObject","inLanguage":"pt-BR","@id":"https:\/\/www.metagal.com.br\/blog\/#\/schema\/logo\/image\/","url":"https:\/\/www.metagal.com.br\/blog\/wp-content\/uploads\/2018\/11\/Favicon.png","contentUrl":"https:\/\/www.metagal.com.br\/blog\/wp-content\/uploads\/2018\/11\/Favicon.png","width":100,"height":100,"caption":"Metagal - L\u00edder em Desenvolvimento e Produ\u00e7\u00e3o de Espelhos Retrovisores"},"image":{"@id":"https:\/\/www.metagal.com.br\/blog\/#\/schema\/logo\/image\/"}},{"@type":"Person","@id":"https:\/\/www.metagal.com.br\/blog\/#\/schema\/person\/86708538b26ec57abb56975e5bc3f3bf","name":"Metagal","image":{"@type":"ImageObject","inLanguage":"pt-BR","@id":"https:\/\/www.metagal.com.br\/blog\/#\/schema\/person\/image\/","url":"https:\/\/secure.gravatar.com\/avatar\/5b99f1b1706488192643fded2a661508?s=96&d=mm&r=g","contentUrl":"https:\/\/secure.gravatar.com\/avatar\/5b99f1b1706488192643fded2a661508?s=96&d=mm&r=g","caption":"Metagal"},"url":"https:\/\/www.metagal.com.br\/blog\/autor\/layerup\/"}]}},"_links":{"self":[{"href":"https:\/\/www.metagal.com.br\/blog\/wp-json\/wp\/v2\/posts\/4802","targetHints":{"allow":["GET"]}}],"collection":[{"href":"https:\/\/www.metagal.com.br\/blog\/wp-json\/wp\/v2\/posts"}],"about":[{"href":"https:\/\/www.metagal.com.br\/blog\/wp-json\/wp\/v2\/types\/post"}],"author":[{"embeddable":true,"href":"https:\/\/www.metagal.com.br\/blog\/wp-json\/wp\/v2\/users\/1"}],"replies":[{"embeddable":true,"href":"https:\/\/www.metagal.com.br\/blog\/wp-json\/wp\/v2\/comments?post=4802"}],"version-history":[{"count":1,"href":"https:\/\/www.metagal.com.br\/blog\/wp-json\/wp\/v2\/posts\/4802\/revisions"}],"predecessor-version":[{"id":4807,"href":"https:\/\/www.metagal.com.br\/blog\/wp-json\/wp\/v2\/posts\/4802\/revisions\/4807"}],"wp:featuredmedia":[{"embeddable":true,"href":"https:\/\/www.metagal.com.br\/blog\/wp-json\/wp\/v2\/media\/4808"}],"wp:attachment":[{"href":"https:\/\/www.metagal.com.br\/blog\/wp-json\/wp\/v2\/media?parent=4802"}],"wp:term":[{"taxonomy":"category","embeddable":true,"href":"https:\/\/www.metagal.com.br\/blog\/wp-json\/wp\/v2\/categories?post=4802"},{"taxonomy":"post_tag","embeddable":true,"href":"https:\/\/www.metagal.com.br\/blog\/wp-json\/wp\/v2\/tags?post=4802"}],"curies":[{"name":"wp","href":"https:\/\/api.w.org\/{rel}","templated":true}]}}