{"id":4927,"date":"2023-06-01T11:09:05","date_gmt":"2023-06-01T14:09:05","guid":{"rendered":"https:\/\/www.metagal.com.br\/blog\/?p=4927"},"modified":"2023-06-28T11:14:08","modified_gmt":"2023-06-28T14:14:08","slug":"saiba-o-que-pode-estar-causando-ruidos-no-volante-do-seu-automovel","status":"publish","type":"post","link":"https:\/\/www.metagal.com.br\/blog\/saiba-o-que-pode-estar-causando-ruidos-no-volante-do-seu-automovel\/","title":{"rendered":"Saiba o que pode estar causando ru\u00eddos no volante do seu autom\u00f3vel"},"content":{"rendered":"<p><span style=\"font-weight: 400;\">\u00c9 fato que, ao dirigir, \u00e9 preciso estar atento ao tr\u00e2nsito e aos pedestres que se encontram ao redor. Mas existe um fator, que nem todas as pessoas d\u00e3o a devida aten\u00e7\u00e3o, mas que precisa estar no radar do motorista: <\/span><b>os famosos <\/b><a href=\"https:\/\/quatrorodas.abril.com.br\/auto-servico\/automoveis-precisam-seguir-alguma-norma-de-ruidos-internos\"><b>ru\u00eddos do carro<\/b><\/a><span style=\"font-weight: 400;\">.\u00a0<\/span><\/p>\n<p><span style=\"font-weight: 400;\">Por exemplo, <\/span><b>voc\u00ea j\u00e1 percebeu algum ru\u00eddo no volante do seu ve\u00edculo?<\/b><\/p>\n<p><span style=\"font-weight: 400;\">Independentemente se a sua resposta for sim ou n\u00e3o, \u00e9 sempre muito importante <\/span><b>estar atento a esses sinais que o carro d\u00e1<\/b><span style=\"font-weight: 400;\">, assim como ter um <\/span><b>bom plano de manuten\u00e7\u00e3o preventiva<\/b><span style=\"font-weight: 400;\">.\u00a0<\/span><\/p>\n<p><span style=\"font-weight: 400;\">Quer saber mais o que pode significar esse tipo de ru\u00eddo e descobrir por que manter uma manuten\u00e7\u00e3o peri\u00f3dica \u00e9 a melhor aliada do seu tempo e dinheiro? Ent\u00e3o continue lendo aqui!\u00a0<\/span><\/p>\n<h2><b>A import\u00e2ncia de perceber os ru\u00eddos dos autom\u00f3veis<\/b><\/h2>\n<p><span style=\"font-weight: 400;\">Um carro produz <\/span><a href=\"https:\/\/www.gazetadopovo.com.br\/automoveis\/carro-barulhento-fique-atento-aos-ruidos-emitidos-bi46qh05su8jp57th77ezozg1\/\"><span style=\"font-weight: 400;\">diferentes tipos de barulhos<\/span><\/a><span style=\"font-weight: 400;\"> e, muitos deles, voc\u00ea provavelmente j\u00e1 est\u00e1 acostumado a ouvir, como o efeito sonoro que o ve\u00edculo produz ao ligar ou ao acelerar, ou seja, o famoso \u201cronco do <\/span><a href=\"https:\/\/www.metagal.com.br\/blog\/conheca-cada-tipo-de-motor-e-sua-potencia\/?utm_medium=blogpost&amp;utm_source=site&amp;utm_campaign=bp-ruidos-no-volante&amp;utm_term=trafego&amp;utm_content=hiperlink\"><span style=\"font-weight: 400;\">motor<\/span><\/a><span style=\"font-weight: 400;\">\u201d\u00a0<\/span><\/p>\n<p><b>Qualquer ru\u00eddo que seja novo ou diferente dos rotineiros, j\u00e1 \u00e9 um<\/b> <b>sinal de alerta para o motorista<\/b><span style=\"font-weight: 400;\">, justamente porque pode significar alguma falha ou erro no carro.\u00a0<\/span><\/p>\n<p><span style=\"font-weight: 400;\">Barulho ao frear o autom\u00f3vel ou ao virar o volante, s\u00e3o ru\u00eddos que n\u00e3o podem acontecer e indicam problemas nas pastilhas de freio ou um defeito no rolamento do coxim do amortecedor.<\/span><\/p>\n<p><span style=\"font-weight: 400;\">E n\u00e3o se engane: n\u00e3o \u00e9 s\u00f3 porque voc\u00ea come\u00e7ou a ouvir o ru\u00eddo hoje que o problema ainda est\u00e1 em est\u00e1gio inicial, o som fora do comum tamb\u00e9m pode ser causado por um problema que j\u00e1 est\u00e1 muito avan\u00e7ado.<\/span><\/p>\n<p><span style=\"font-weight: 400;\">Manter os ouvidos muito atentos a esses sinais<\/span><b> evita que acidentes, dos mais leves aos mais graves, aconte\u00e7am, protegendo a sua vida<\/b><span style=\"font-weight: 400;\">, assim como, a dos seus passageiros e a de todos que passam ao seu redor. Por isso, n\u00e3o hesite em levar o seu carro a um mec\u00e2nico assim que perceber qualquer sinal estranho.<\/span><\/p>\n<h2><b>Mas e os ru\u00eddos nos volantes?<\/b><\/h2>\n<p><span style=\"font-weight: 400;\">Agora que voc\u00ea j\u00e1 entendeu a import\u00e2ncia de perceber os ru\u00eddos estranhos do seu ve\u00edculo, vamos entender um pouco mais o que pode significar o <\/span><b>ru\u00eddo espec\u00edfico no volante.<\/b><\/p>\n<p><span style=\"font-weight: 400;\">Voc\u00ea j\u00e1 ouviu um som emitido da parte frontal do seu carro que acontece sempre que voc\u00ea gira a dire\u00e7\u00e3o? Ent\u00e3o saiba que o problema pode n\u00e3o ser apenas na dire\u00e7\u00e3o do autom\u00f3vel, mas tamb\u00e9m no <\/span><b>sistema de suspens\u00e3o, freios ou tra\u00e7\u00e3o.<\/b><\/p>\n<p><span style=\"font-weight: 400;\">Esse problema \u00e9 um pouco mais complexo porque o sistema de dire\u00e7\u00e3o trabalha em conjunto com essas outras estruturas do carro. Vamos conhecer hoje as <\/span><b>3 poss\u00edveis causas de ru\u00eddos no volante que voc\u00ea precisa ficar de olho!<\/b><\/p>\n<h3><b>1. Defeito no rolamento do coxim do amortecedor<\/b><\/h3>\n<p><img loading=\"lazy\" decoding=\"async\" class=\"alignnone wp-image-4931 size-full\" src=\"https:\/\/www.metagal.com.br\/blog\/wp-content\/uploads\/2023\/06\/BLOGPOST1-MAI-PARTE2-METAGAL.png\" alt=\"rolamentos e coxins\" width=\"1372\" height=\"565\" srcset=\"https:\/\/www.metagal.com.br\/blog\/wp-content\/uploads\/2023\/06\/BLOGPOST1-MAI-PARTE2-METAGAL.png 1372w, https:\/\/www.metagal.com.br\/blog\/wp-content\/uploads\/2023\/06\/BLOGPOST1-MAI-PARTE2-METAGAL-300x124.png 300w, https:\/\/www.metagal.com.br\/blog\/wp-content\/uploads\/2023\/06\/BLOGPOST1-MAI-PARTE2-METAGAL-1024x422.png 1024w, https:\/\/www.metagal.com.br\/blog\/wp-content\/uploads\/2023\/06\/BLOGPOST1-MAI-PARTE2-METAGAL-768x316.png 768w\" sizes=\"auto, (max-width: 1372px) 100vw, 1372px\" \/><\/p>\n<p><span style=\"font-weight: 400;\">Apareceu um<\/span><b> rangido ou estalo<\/b><span style=\"font-weight: 400;\"> ao ester\u00e7ar a dire\u00e7\u00e3o com o carro parado? Ent\u00e3o o problema pode estar no <\/span><b>rolamento do coxim do amortecedor.<\/b><\/p>\n<p><span style=\"font-weight: 400;\">Essa pe\u00e7a est\u00e1 localizada nas torres dos batentes hidr\u00e1ulicos, que se encontram entre a parte interna e externa da caixa de roda. Quando se produz um ru\u00eddo estranho advindo da frente do carro significa que o <\/span><b>rolamento travou<\/b><span style=\"font-weight: 400;\">, for\u00e7ando a mola existente correr fora de sua posi\u00e7\u00e3o ideal.<\/span><\/p>\n<h3><b>2. Junta homocin\u00e9tica<\/b><\/h3>\n<p><img loading=\"lazy\" decoding=\"async\" class=\"alignnone wp-image-4930 size-full\" src=\"https:\/\/www.metagal.com.br\/blog\/wp-content\/uploads\/2023\/06\/BLOGPOST1-MAI-PARTE3-METAGAL.png\" alt=\"Junta homocin\u00e9tica\" width=\"1372\" height=\"565\" srcset=\"https:\/\/www.metagal.com.br\/blog\/wp-content\/uploads\/2023\/06\/BLOGPOST1-MAI-PARTE3-METAGAL.png 1372w, https:\/\/www.metagal.com.br\/blog\/wp-content\/uploads\/2023\/06\/BLOGPOST1-MAI-PARTE3-METAGAL-300x124.png 300w, https:\/\/www.metagal.com.br\/blog\/wp-content\/uploads\/2023\/06\/BLOGPOST1-MAI-PARTE3-METAGAL-1024x422.png 1024w, https:\/\/www.metagal.com.br\/blog\/wp-content\/uploads\/2023\/06\/BLOGPOST1-MAI-PARTE3-METAGAL-768x316.png 768w\" sizes=\"auto, (max-width: 1372px) 100vw, 1372px\" \/><\/p>\n<p><span style=\"font-weight: 400;\">Se o ru\u00eddo que voc\u00ea percebeu em seu carro \u00e9 algo parecido como um <\/span><b>estalo met\u00e1lico<\/b><span style=\"font-weight: 400;\">, ent\u00e3o talvez o problema esteja na <\/span><b>junta homocin\u00e9tica<\/b><span style=\"font-weight: 400;\">.<\/span><\/p>\n<p><span style=\"font-weight: 400;\">Esse item permite que o semieixo e a roda possam se movimentar em \u00e2ngulos diferentes (para os lados e de cima para baixo ou vice-versa). \u00c9 comum que esse componente d\u00ea problemas quando <\/span><b>entra em contato com \u00e1gua, lama ou poeira<\/b><span style=\"font-weight: 400;\">, por isso, sempre vem acompanhado de um guarda-p\u00f3 ou coifa.<\/span><\/p>\n<h3><b>3. Baixo n\u00edvel do flu\u00eddo da dire\u00e7\u00e3o hidr\u00e1ulica<\/b><\/h3>\n<p><img loading=\"lazy\" decoding=\"async\" class=\"alignnone wp-image-4929 size-full\" src=\"https:\/\/www.metagal.com.br\/blog\/wp-content\/uploads\/2023\/06\/BLOGPOST1-MAI-PARTE4-METAGAL.png\" alt=\"Baixo n\u00edvel do flu\u00eddo da dire\u00e7\u00e3o hidr\u00e1ulica pode causa ru\u00eddos\" width=\"1372\" height=\"565\" srcset=\"https:\/\/www.metagal.com.br\/blog\/wp-content\/uploads\/2023\/06\/BLOGPOST1-MAI-PARTE4-METAGAL.png 1372w, https:\/\/www.metagal.com.br\/blog\/wp-content\/uploads\/2023\/06\/BLOGPOST1-MAI-PARTE4-METAGAL-300x124.png 300w, https:\/\/www.metagal.com.br\/blog\/wp-content\/uploads\/2023\/06\/BLOGPOST1-MAI-PARTE4-METAGAL-1024x422.png 1024w, https:\/\/www.metagal.com.br\/blog\/wp-content\/uploads\/2023\/06\/BLOGPOST1-MAI-PARTE4-METAGAL-768x316.png 768w\" sizes=\"auto, (max-width: 1372px) 100vw, 1372px\" \/><\/p>\n<p><span style=\"font-weight: 400;\">Os ve\u00edculos com dire\u00e7\u00e3o hidr\u00e1ulica precisam de um<\/span><b> flu\u00eddo para lubrifica\u00e7\u00e3o e funcionamento do sistema de dire\u00e7\u00e3o<\/b><span style=\"font-weight: 400;\">. Caso esse l\u00edquido esteja em um n\u00edvel abaixo do recomendado ser\u00e1 comum que surja um<\/span><b> som agudo e cont\u00ednuo que pode vir acompanhado de uma vibra\u00e7\u00e3o no volante<\/b><span style=\"font-weight: 400;\">, sempre que o motorista precise ester\u00e7ar o volante.\u00a0<\/span><\/p>\n<p><span style=\"font-weight: 400;\">Para todos os casos citados acima, \u00e9 recomendado levar a um<\/span><b> mec\u00e2nico ou centro especializado<\/b><span style=\"font-weight: 400;\"> para ajustar a falha e mitigar os ru\u00eddos. E, para que esses e outros problemas sejam evitados, voc\u00ea pode apostar na <\/span><b>manuten\u00e7\u00e3o preventiva<\/b><span style=\"font-weight: 400;\"> para <\/span><a href=\"https:\/\/www.metagal.com.br\/blog\/cambio-automatico-precisa-de-manutencao\/?utm_medium=blogpost&amp;utm_source=site&amp;utm_campaign=bp-ruidos-no-volante&amp;utm_term=trafego&amp;utm_content=hiperlink\"><span style=\"font-weight: 400;\">evitar novas \u201csurpresas\u201d em seu autom\u00f3vel<\/span><\/a><span style=\"font-weight: 400;\">.<\/span><\/p>\n<h2><b>Como a manuten\u00e7\u00e3o preventiva \u00e9 essencial para evitar acidentes e gastos?<\/b><\/h2>\n<p><span style=\"font-weight: 400;\">Voc\u00ea sabe o que \u00e9 manuten\u00e7\u00e3o preventiva? De forma simples, essa \u00e9 uma a\u00e7\u00e3o planejada de <\/span><b>manuten\u00e7\u00f5es e revis\u00f5es peri\u00f3dicas<\/b><span style=\"font-weight: 400;\"> em m\u00e1quinas, ferramentas, equipamentos e ve\u00edculos. O seu maior objetivo \u00e9 <\/span><b>reduzir falhas inesperadas<\/b><span style=\"font-weight: 400;\">, por\u00e9m muitas outras vantagens acompanham esse tipo de plano, veja:<\/span><\/p>\n<ul>\n<li style=\"font-weight: 400;\" aria-level=\"1\"><span style=\"font-weight: 400;\">Aumento da vida \u00fatil da m\u00e1quina<\/span><\/li>\n<li style=\"font-weight: 400;\" aria-level=\"1\"><span style=\"font-weight: 400;\">Resolu\u00e7\u00e3o de problemas em est\u00e1gio inicial<\/span><\/li>\n<li style=\"font-weight: 400;\" aria-level=\"1\"><span style=\"font-weight: 400;\">Menores gastos com problemas avan\u00e7ados e custosos<\/span><\/li>\n<li style=\"font-weight: 400;\" aria-level=\"1\"><span style=\"font-weight: 400;\">Anteced\u00eancia para um bom planejamento financeiro para trocas de pe\u00e7as ou outros problemas<\/span><\/li>\n<\/ul>\n<p><b>A manuten\u00e7\u00e3o peri\u00f3dica para carros \u00e9 essencial e muito simples de se planejar!<\/b><span style=\"font-weight: 400;\"> \u00c9 poss\u00edvel programar revis\u00f5es baseadas no tempo ou no uso, por exemplo:<\/span><\/p>\n<ol>\n<li style=\"font-weight: 400;\" aria-level=\"1\"><b>A troca de \u00f3leo deve ocorrer a cada seis meses<\/b><span style=\"font-weight: 400;\"> &#8211; nesse caso, a cada semestre voc\u00ea j\u00e1 deixa anotado para levar o seu carro e realizar a troca.\u00a0<\/span><\/li>\n<li style=\"font-weight: 400;\" aria-level=\"1\"><b>A troca de \u00f3leo deve ocorrer a cada 10.000 KM percorridos<\/b><span style=\"font-weight: 400;\"> &#8211; j\u00e1 aqui, voc\u00ea deve ficar atento aos KM percorridos para levar o seu carro para manuten\u00e7\u00e3o.<\/span><\/li>\n<\/ol>\n<p><span style=\"font-weight: 400;\">Se voc\u00ea optar pela primeira op\u00e7\u00e3o, por exemplo, voc\u00ea pode <\/span><b>aliar a troca de \u00f3leo a uma revis\u00e3o geral<\/b><span style=\"font-weight: 400;\">. Converse com um mec\u00e2nico e profissionais automotivos de confian\u00e7a para entender o melhor plano de manuten\u00e7\u00e3o preventiva para o seu carro.<\/span><\/p>\n<h2><b>Precisa realizar outros reparos? Aprenda mais sobre manuten\u00e7\u00e3o automotiva sustent\u00e1vel<\/b><\/h2>\n<p><span style=\"font-weight: 400;\">Voc\u00ea j\u00e1 ouviu falar em <\/span><b>manuten\u00e7\u00e3o automotiva sustent\u00e1vel<\/b><span style=\"font-weight: 400;\">? Essa \u00e9 uma pr\u00e1tica que, quando feita da maneira correta,<\/span><b> pode diminuir as emiss\u00f5es de gases poluentes <\/b><span style=\"font-weight: 400;\">e ainda r<\/span><b>eduzir o consumo de combust\u00edveis<\/b><span style=\"font-weight: 400;\">. Ou seja, tanto voc\u00ea quanto o planeta saem ganhando!<\/span><\/p>\n<p><span style=\"font-weight: 400;\">Atualmente, cada vez mais <\/span><b>empresas concession\u00e1rias e montadoras<\/b><span style=\"font-weight: 400;\"> buscam otimizar suas a\u00e7\u00f5es para que fiquem alinhadas ao <\/span><b>conceito de ESG<\/b><span style=\"font-weight: 400;\"> (<\/span><i><span style=\"font-weight: 400;\">Environmental, Social e Governance<\/span><\/i><span style=\"font-weight: 400;\"> \u2013 em portugu\u00eas, Meio ambiente, Social e Governan\u00e7a.) e, pensando justamente nisso, a Metagal preparou um <\/span><a href=\"https:\/\/www.metagal.com.br\/blog\/manutencao-automotiva-sustentavel-6-dicas-sobre-como-faze-la\/?utm_medium=blogpost&amp;utm_source=site&amp;utm_campaign=bp-ruidos-no-volante&amp;utm_term=trafego&amp;utm_content=hiperlink\"><span style=\"font-weight: 400;\">conte\u00fado completo sobre o assunto<\/span><\/a><span style=\"font-weight: 400;\">!<\/span><\/p>\n<p><span style=\"font-weight: 400;\">Leia o texto na \u00edntegra em <\/span><a href=\"https:\/\/www.metagal.com.br\/blog\/manutencao-automotiva-sustentavel-6-dicas-sobre-como-faze-la\/?utm_medium=blogpost&amp;utm_source=site&amp;utm_campaign=bp-ruidos-no-volante&amp;utm_term=trafego&amp;utm_content=hiperlink\"><span style=\"font-weight: 400;\">nosso blog<\/span><\/a><span style=\"font-weight: 400;\"> e saiba mais:<\/span><\/p>\n<p><a href=\"https:\/\/www.metagal.com.br\/blog\/manutencao-automotiva-sustentavel-6-dicas-sobre-como-faze-la\/?utm_medium=blogpost&amp;utm_source=site&amp;utm_campaign=bp-ruidos-no-volante&amp;utm_term=trafego&amp;utm_content=hiperlink\"><img loading=\"lazy\" decoding=\"async\" class=\"alignnone wp-image-4928 size-full\" src=\"https:\/\/www.metagal.com.br\/blog\/wp-content\/uploads\/2023\/06\/BLOGPOST1-MAI-PARTE5-METAGAL.png\" alt=\"Manuten\u00e7\u00e3o automotiva sustent\u00e1vel: 6 dicas sobre como faz\u00ea-la!. Bot\u00e3o saber mais.\" width=\"900\" height=\"300\" srcset=\"https:\/\/www.metagal.com.br\/blog\/wp-content\/uploads\/2023\/06\/BLOGPOST1-MAI-PARTE5-METAGAL.png 900w, https:\/\/www.metagal.com.br\/blog\/wp-content\/uploads\/2023\/06\/BLOGPOST1-MAI-PARTE5-METAGAL-300x100.png 300w, https:\/\/www.metagal.com.br\/blog\/wp-content\/uploads\/2023\/06\/BLOGPOST1-MAI-PARTE5-METAGAL-768x256.png 768w\" sizes=\"auto, (max-width: 900px) 100vw, 900px\" \/><\/a><\/p>\n","protected":false},"excerpt":{"rendered":"<p>\u00c9 fato que, ao dirigir, \u00e9 preciso estar atento ao tr\u00e2nsito e aos pedestres que se encontram ao redor. Mas&#8230;<\/p>\n","protected":false},"author":1,"featured_media":4932,"comment_status":"open","ping_status":"open","sticky":false,"template":"","format":"standard","meta":{"footnotes":""},"categories":[113],"tags":[404,475],"class_list":["post-4927","post","type-post","status-publish","format-standard","has-post-thumbnail","hentry","category-mercado","tag-manutencao","tag-ruidos-no-volante"],"yoast_head":"<!-- This site is optimized with the Yoast SEO plugin v25.9 - https:\/\/yoast.com\/wordpress\/plugins\/seo\/ -->\n<title>3 causas de ru\u00eddos no volante do seu autom\u00f3vel<\/title>\n<meta name=\"description\" content=\"Voc\u00ea sabe o que pode estar causando ru\u00eddos ao usar o volante? Venha descobrir as 3 principais causas e a import\u00e2ncia da manuten\u00e7\u00e3o preventiva!\" \/>\n<meta name=\"robots\" content=\"index, follow, max-snippet:-1, max-image-preview:large, max-video-preview:-1\" \/>\n<link rel=\"canonical\" href=\"https:\/\/www.metagal.com.br\/blog\/saiba-o-que-pode-estar-causando-ruidos-no-volante-do-seu-automovel\/\" \/>\n<meta property=\"og:locale\" content=\"pt_BR\" \/>\n<meta property=\"og:type\" content=\"article\" \/>\n<meta property=\"og:title\" content=\"3 causas de ru\u00eddos no volante do seu autom\u00f3vel\" \/>\n<meta property=\"og:description\" content=\"Voc\u00ea sabe o que pode estar causando ru\u00eddos ao usar o volante? Venha descobrir as 3 principais causas e a import\u00e2ncia da manuten\u00e7\u00e3o preventiva!\" \/>\n<meta property=\"og:url\" content=\"https:\/\/www.metagal.com.br\/blog\/saiba-o-que-pode-estar-causando-ruidos-no-volante-do-seu-automovel\/\" \/>\n<meta property=\"og:site_name\" content=\"Blog Metagal\" \/>\n<meta property=\"article:published_time\" content=\"2023-06-01T14:09:05+00:00\" \/>\n<meta property=\"article:modified_time\" content=\"2023-06-28T14:14:08+00:00\" \/>\n<meta property=\"og:image\" content=\"https:\/\/www.metagal.com.br\/blog\/wp-content\/uploads\/2023\/06\/BLOGPOST1-MAI-PARTE1-METAGAL.png\" \/>\n\t<meta property=\"og:image:width\" content=\"1920\" \/>\n\t<meta property=\"og:image:height\" content=\"1080\" \/>\n\t<meta property=\"og:image:type\" content=\"image\/png\" \/>\n<meta name=\"author\" content=\"Metagal\" \/>\n<meta name=\"twitter:card\" content=\"summary_large_image\" \/>\n<meta name=\"twitter:label1\" content=\"Escrito por\" \/>\n\t<meta name=\"twitter:data1\" content=\"Metagal\" \/>\n\t<meta name=\"twitter:label2\" content=\"Est. tempo de leitura\" \/>\n\t<meta name=\"twitter:data2\" content=\"6 minutos\" \/>\n<script type=\"application\/ld+json\" class=\"yoast-schema-graph\">{\"@context\":\"https:\/\/schema.org\",\"@graph\":[{\"@type\":\"Article\",\"@id\":\"https:\/\/www.metagal.com.br\/blog\/saiba-o-que-pode-estar-causando-ruidos-no-volante-do-seu-automovel\/#article\",\"isPartOf\":{\"@id\":\"https:\/\/www.metagal.com.br\/blog\/saiba-o-que-pode-estar-causando-ruidos-no-volante-do-seu-automovel\/\"},\"author\":{\"name\":\"Metagal\",\"@id\":\"https:\/\/www.metagal.com.br\/blog\/#\/schema\/person\/86708538b26ec57abb56975e5bc3f3bf\"},\"headline\":\"Saiba o que pode estar causando ru\u00eddos no volante do seu autom\u00f3vel\",\"datePublished\":\"2023-06-01T14:09:05+00:00\",\"dateModified\":\"2023-06-28T14:14:08+00:00\",\"mainEntityOfPage\":{\"@id\":\"https:\/\/www.metagal.com.br\/blog\/saiba-o-que-pode-estar-causando-ruidos-no-volante-do-seu-automovel\/\"},\"wordCount\":1124,\"commentCount\":0,\"publisher\":{\"@id\":\"https:\/\/www.metagal.com.br\/blog\/#organization\"},\"image\":{\"@id\":\"https:\/\/www.metagal.com.br\/blog\/saiba-o-que-pode-estar-causando-ruidos-no-volante-do-seu-automovel\/#primaryimage\"},\"thumbnailUrl\":\"https:\/\/www.metagal.com.br\/blog\/wp-content\/uploads\/2023\/06\/BLOGPOST1-MAI-PARTE1-METAGAL.png\",\"keywords\":[\"Manuten\u00e7\u00e3o\",\"ru\u00eddos no volante\"],\"articleSection\":[\"Mercado\"],\"inLanguage\":\"pt-BR\",\"potentialAction\":[{\"@type\":\"CommentAction\",\"name\":\"Comment\",\"target\":[\"https:\/\/www.metagal.com.br\/blog\/saiba-o-que-pode-estar-causando-ruidos-no-volante-do-seu-automovel\/#respond\"]}]},{\"@type\":\"WebPage\",\"@id\":\"https:\/\/www.metagal.com.br\/blog\/saiba-o-que-pode-estar-causando-ruidos-no-volante-do-seu-automovel\/\",\"url\":\"https:\/\/www.metagal.com.br\/blog\/saiba-o-que-pode-estar-causando-ruidos-no-volante-do-seu-automovel\/\",\"name\":\"3 causas de ru\u00eddos no volante do seu autom\u00f3vel\",\"isPartOf\":{\"@id\":\"https:\/\/www.metagal.com.br\/blog\/#website\"},\"primaryImageOfPage\":{\"@id\":\"https:\/\/www.metagal.com.br\/blog\/saiba-o-que-pode-estar-causando-ruidos-no-volante-do-seu-automovel\/#primaryimage\"},\"image\":{\"@id\":\"https:\/\/www.metagal.com.br\/blog\/saiba-o-que-pode-estar-causando-ruidos-no-volante-do-seu-automovel\/#primaryimage\"},\"thumbnailUrl\":\"https:\/\/www.metagal.com.br\/blog\/wp-content\/uploads\/2023\/06\/BLOGPOST1-MAI-PARTE1-METAGAL.png\",\"datePublished\":\"2023-06-01T14:09:05+00:00\",\"dateModified\":\"2023-06-28T14:14:08+00:00\",\"description\":\"Voc\u00ea sabe o que pode estar causando ru\u00eddos ao usar o volante? Venha descobrir as 3 principais causas e a import\u00e2ncia da manuten\u00e7\u00e3o preventiva!\",\"breadcrumb\":{\"@id\":\"https:\/\/www.metagal.com.br\/blog\/saiba-o-que-pode-estar-causando-ruidos-no-volante-do-seu-automovel\/#breadcrumb\"},\"inLanguage\":\"pt-BR\",\"potentialAction\":[{\"@type\":\"ReadAction\",\"target\":[\"https:\/\/www.metagal.com.br\/blog\/saiba-o-que-pode-estar-causando-ruidos-no-volante-do-seu-automovel\/\"]}]},{\"@type\":\"ImageObject\",\"inLanguage\":\"pt-BR\",\"@id\":\"https:\/\/www.metagal.com.br\/blog\/saiba-o-que-pode-estar-causando-ruidos-no-volante-do-seu-automovel\/#primaryimage\",\"url\":\"https:\/\/www.metagal.com.br\/blog\/wp-content\/uploads\/2023\/06\/BLOGPOST1-MAI-PARTE1-METAGAL.png\",\"contentUrl\":\"https:\/\/www.metagal.com.br\/blog\/wp-content\/uploads\/2023\/06\/BLOGPOST1-MAI-PARTE1-METAGAL.png\",\"width\":1920,\"height\":1080,\"caption\":\"Saiba o que pode estar causando ru\u00eddos no volante do seu autom\u00f3vel\"},{\"@type\":\"BreadcrumbList\",\"@id\":\"https:\/\/www.metagal.com.br\/blog\/saiba-o-que-pode-estar-causando-ruidos-no-volante-do-seu-automovel\/#breadcrumb\",\"itemListElement\":[{\"@type\":\"ListItem\",\"position\":1,\"name\":\"In\u00edcio\",\"item\":\"https:\/\/www.metagal.com.br\/blog\/\"},{\"@type\":\"ListItem\",\"position\":2,\"name\":\"Saiba o que pode estar causando ru\u00eddos no volante do seu autom\u00f3vel\"}]},{\"@type\":\"WebSite\",\"@id\":\"https:\/\/www.metagal.com.br\/blog\/#website\",\"url\":\"https:\/\/www.metagal.com.br\/blog\/\",\"name\":\"Blog Metagal\",\"description\":\"Metagal | L\u00edder no desenvolvimento e produ\u00e7\u00e3o de espelhos retrovisores\",\"publisher\":{\"@id\":\"https:\/\/www.metagal.com.br\/blog\/#organization\"},\"potentialAction\":[{\"@type\":\"SearchAction\",\"target\":{\"@type\":\"EntryPoint\",\"urlTemplate\":\"https:\/\/www.metagal.com.br\/blog\/?s={search_term_string}\"},\"query-input\":{\"@type\":\"PropertyValueSpecification\",\"valueRequired\":true,\"valueName\":\"search_term_string\"}}],\"inLanguage\":\"pt-BR\"},{\"@type\":\"Organization\",\"@id\":\"https:\/\/www.metagal.com.br\/blog\/#organization\",\"name\":\"Metagal - L\u00edder em Desenvolvimento e Produ\u00e7\u00e3o de Espelhos Retrovisores\",\"url\":\"https:\/\/www.metagal.com.br\/blog\/\",\"logo\":{\"@type\":\"ImageObject\",\"inLanguage\":\"pt-BR\",\"@id\":\"https:\/\/www.metagal.com.br\/blog\/#\/schema\/logo\/image\/\",\"url\":\"https:\/\/www.metagal.com.br\/blog\/wp-content\/uploads\/2018\/11\/Favicon.png\",\"contentUrl\":\"https:\/\/www.metagal.com.br\/blog\/wp-content\/uploads\/2018\/11\/Favicon.png\",\"width\":100,\"height\":100,\"caption\":\"Metagal - L\u00edder em Desenvolvimento e Produ\u00e7\u00e3o de Espelhos Retrovisores\"},\"image\":{\"@id\":\"https:\/\/www.metagal.com.br\/blog\/#\/schema\/logo\/image\/\"}},{\"@type\":\"Person\",\"@id\":\"https:\/\/www.metagal.com.br\/blog\/#\/schema\/person\/86708538b26ec57abb56975e5bc3f3bf\",\"name\":\"Metagal\",\"image\":{\"@type\":\"ImageObject\",\"inLanguage\":\"pt-BR\",\"@id\":\"https:\/\/www.metagal.com.br\/blog\/#\/schema\/person\/image\/\",\"url\":\"https:\/\/secure.gravatar.com\/avatar\/5b99f1b1706488192643fded2a661508?s=96&d=mm&r=g\",\"contentUrl\":\"https:\/\/secure.gravatar.com\/avatar\/5b99f1b1706488192643fded2a661508?s=96&d=mm&r=g\",\"caption\":\"Metagal\"},\"url\":\"https:\/\/www.metagal.com.br\/blog\/autor\/layerup\/\"}]}<\/script>\n<!-- \/ Yoast SEO plugin. -->","yoast_head_json":{"title":"3 causas de ru\u00eddos no volante do seu autom\u00f3vel","description":"Voc\u00ea sabe o que pode estar causando ru\u00eddos ao usar o volante? Venha descobrir as 3 principais causas e a import\u00e2ncia da manuten\u00e7\u00e3o preventiva!","robots":{"index":"index","follow":"follow","max-snippet":"max-snippet:-1","max-image-preview":"max-image-preview:large","max-video-preview":"max-video-preview:-1"},"canonical":"https:\/\/www.metagal.com.br\/blog\/saiba-o-que-pode-estar-causando-ruidos-no-volante-do-seu-automovel\/","og_locale":"pt_BR","og_type":"article","og_title":"3 causas de ru\u00eddos no volante do seu autom\u00f3vel","og_description":"Voc\u00ea sabe o que pode estar causando ru\u00eddos ao usar o volante? Venha descobrir as 3 principais causas e a import\u00e2ncia da manuten\u00e7\u00e3o preventiva!","og_url":"https:\/\/www.metagal.com.br\/blog\/saiba-o-que-pode-estar-causando-ruidos-no-volante-do-seu-automovel\/","og_site_name":"Blog Metagal","article_published_time":"2023-06-01T14:09:05+00:00","article_modified_time":"2023-06-28T14:14:08+00:00","og_image":[{"width":1920,"height":1080,"url":"https:\/\/www.metagal.com.br\/blog\/wp-content\/uploads\/2023\/06\/BLOGPOST1-MAI-PARTE1-METAGAL.png","type":"image\/png"}],"author":"Metagal","twitter_card":"summary_large_image","twitter_misc":{"Escrito por":"Metagal","Est. tempo de leitura":"6 minutos"},"schema":{"@context":"https:\/\/schema.org","@graph":[{"@type":"Article","@id":"https:\/\/www.metagal.com.br\/blog\/saiba-o-que-pode-estar-causando-ruidos-no-volante-do-seu-automovel\/#article","isPartOf":{"@id":"https:\/\/www.metagal.com.br\/blog\/saiba-o-que-pode-estar-causando-ruidos-no-volante-do-seu-automovel\/"},"author":{"name":"Metagal","@id":"https:\/\/www.metagal.com.br\/blog\/#\/schema\/person\/86708538b26ec57abb56975e5bc3f3bf"},"headline":"Saiba o que pode estar causando ru\u00eddos no volante do seu autom\u00f3vel","datePublished":"2023-06-01T14:09:05+00:00","dateModified":"2023-06-28T14:14:08+00:00","mainEntityOfPage":{"@id":"https:\/\/www.metagal.com.br\/blog\/saiba-o-que-pode-estar-causando-ruidos-no-volante-do-seu-automovel\/"},"wordCount":1124,"commentCount":0,"publisher":{"@id":"https:\/\/www.metagal.com.br\/blog\/#organization"},"image":{"@id":"https:\/\/www.metagal.com.br\/blog\/saiba-o-que-pode-estar-causando-ruidos-no-volante-do-seu-automovel\/#primaryimage"},"thumbnailUrl":"https:\/\/www.metagal.com.br\/blog\/wp-content\/uploads\/2023\/06\/BLOGPOST1-MAI-PARTE1-METAGAL.png","keywords":["Manuten\u00e7\u00e3o","ru\u00eddos no volante"],"articleSection":["Mercado"],"inLanguage":"pt-BR","potentialAction":[{"@type":"CommentAction","name":"Comment","target":["https:\/\/www.metagal.com.br\/blog\/saiba-o-que-pode-estar-causando-ruidos-no-volante-do-seu-automovel\/#respond"]}]},{"@type":"WebPage","@id":"https:\/\/www.metagal.com.br\/blog\/saiba-o-que-pode-estar-causando-ruidos-no-volante-do-seu-automovel\/","url":"https:\/\/www.metagal.com.br\/blog\/saiba-o-que-pode-estar-causando-ruidos-no-volante-do-seu-automovel\/","name":"3 causas de ru\u00eddos no volante do seu autom\u00f3vel","isPartOf":{"@id":"https:\/\/www.metagal.com.br\/blog\/#website"},"primaryImageOfPage":{"@id":"https:\/\/www.metagal.com.br\/blog\/saiba-o-que-pode-estar-causando-ruidos-no-volante-do-seu-automovel\/#primaryimage"},"image":{"@id":"https:\/\/www.metagal.com.br\/blog\/saiba-o-que-pode-estar-causando-ruidos-no-volante-do-seu-automovel\/#primaryimage"},"thumbnailUrl":"https:\/\/www.metagal.com.br\/blog\/wp-content\/uploads\/2023\/06\/BLOGPOST1-MAI-PARTE1-METAGAL.png","datePublished":"2023-06-01T14:09:05+00:00","dateModified":"2023-06-28T14:14:08+00:00","description":"Voc\u00ea sabe o que pode estar causando ru\u00eddos ao usar o volante? Venha descobrir as 3 principais causas e a import\u00e2ncia da manuten\u00e7\u00e3o preventiva!","breadcrumb":{"@id":"https:\/\/www.metagal.com.br\/blog\/saiba-o-que-pode-estar-causando-ruidos-no-volante-do-seu-automovel\/#breadcrumb"},"inLanguage":"pt-BR","potentialAction":[{"@type":"ReadAction","target":["https:\/\/www.metagal.com.br\/blog\/saiba-o-que-pode-estar-causando-ruidos-no-volante-do-seu-automovel\/"]}]},{"@type":"ImageObject","inLanguage":"pt-BR","@id":"https:\/\/www.metagal.com.br\/blog\/saiba-o-que-pode-estar-causando-ruidos-no-volante-do-seu-automovel\/#primaryimage","url":"https:\/\/www.metagal.com.br\/blog\/wp-content\/uploads\/2023\/06\/BLOGPOST1-MAI-PARTE1-METAGAL.png","contentUrl":"https:\/\/www.metagal.com.br\/blog\/wp-content\/uploads\/2023\/06\/BLOGPOST1-MAI-PARTE1-METAGAL.png","width":1920,"height":1080,"caption":"Saiba o que pode estar causando ru\u00eddos no volante do seu autom\u00f3vel"},{"@type":"BreadcrumbList","@id":"https:\/\/www.metagal.com.br\/blog\/saiba-o-que-pode-estar-causando-ruidos-no-volante-do-seu-automovel\/#breadcrumb","itemListElement":[{"@type":"ListItem","position":1,"name":"In\u00edcio","item":"https:\/\/www.metagal.com.br\/blog\/"},{"@type":"ListItem","position":2,"name":"Saiba o que pode estar causando ru\u00eddos no volante do seu autom\u00f3vel"}]},{"@type":"WebSite","@id":"https:\/\/www.metagal.com.br\/blog\/#website","url":"https:\/\/www.metagal.com.br\/blog\/","name":"Blog Metagal","description":"Metagal | L\u00edder no desenvolvimento e produ\u00e7\u00e3o de espelhos retrovisores","publisher":{"@id":"https:\/\/www.metagal.com.br\/blog\/#organization"},"potentialAction":[{"@type":"SearchAction","target":{"@type":"EntryPoint","urlTemplate":"https:\/\/www.metagal.com.br\/blog\/?s={search_term_string}"},"query-input":{"@type":"PropertyValueSpecification","valueRequired":true,"valueName":"search_term_string"}}],"inLanguage":"pt-BR"},{"@type":"Organization","@id":"https:\/\/www.metagal.com.br\/blog\/#organization","name":"Metagal - L\u00edder em Desenvolvimento e Produ\u00e7\u00e3o de Espelhos Retrovisores","url":"https:\/\/www.metagal.com.br\/blog\/","logo":{"@type":"ImageObject","inLanguage":"pt-BR","@id":"https:\/\/www.metagal.com.br\/blog\/#\/schema\/logo\/image\/","url":"https:\/\/www.metagal.com.br\/blog\/wp-content\/uploads\/2018\/11\/Favicon.png","contentUrl":"https:\/\/www.metagal.com.br\/blog\/wp-content\/uploads\/2018\/11\/Favicon.png","width":100,"height":100,"caption":"Metagal - L\u00edder em Desenvolvimento e Produ\u00e7\u00e3o de Espelhos Retrovisores"},"image":{"@id":"https:\/\/www.metagal.com.br\/blog\/#\/schema\/logo\/image\/"}},{"@type":"Person","@id":"https:\/\/www.metagal.com.br\/blog\/#\/schema\/person\/86708538b26ec57abb56975e5bc3f3bf","name":"Metagal","image":{"@type":"ImageObject","inLanguage":"pt-BR","@id":"https:\/\/www.metagal.com.br\/blog\/#\/schema\/person\/image\/","url":"https:\/\/secure.gravatar.com\/avatar\/5b99f1b1706488192643fded2a661508?s=96&d=mm&r=g","contentUrl":"https:\/\/secure.gravatar.com\/avatar\/5b99f1b1706488192643fded2a661508?s=96&d=mm&r=g","caption":"Metagal"},"url":"https:\/\/www.metagal.com.br\/blog\/autor\/layerup\/"}]}},"_links":{"self":[{"href":"https:\/\/www.metagal.com.br\/blog\/wp-json\/wp\/v2\/posts\/4927","targetHints":{"allow":["GET"]}}],"collection":[{"href":"https:\/\/www.metagal.com.br\/blog\/wp-json\/wp\/v2\/posts"}],"about":[{"href":"https:\/\/www.metagal.com.br\/blog\/wp-json\/wp\/v2\/types\/post"}],"author":[{"embeddable":true,"href":"https:\/\/www.metagal.com.br\/blog\/wp-json\/wp\/v2\/users\/1"}],"replies":[{"embeddable":true,"href":"https:\/\/www.metagal.com.br\/blog\/wp-json\/wp\/v2\/comments?post=4927"}],"version-history":[{"count":3,"href":"https:\/\/www.metagal.com.br\/blog\/wp-json\/wp\/v2\/posts\/4927\/revisions"}],"predecessor-version":[{"id":4935,"href":"https:\/\/www.metagal.com.br\/blog\/wp-json\/wp\/v2\/posts\/4927\/revisions\/4935"}],"wp:featuredmedia":[{"embeddable":true,"href":"https:\/\/www.metagal.com.br\/blog\/wp-json\/wp\/v2\/media\/4932"}],"wp:attachment":[{"href":"https:\/\/www.metagal.com.br\/blog\/wp-json\/wp\/v2\/media?parent=4927"}],"wp:term":[{"taxonomy":"category","embeddable":true,"href":"https:\/\/www.metagal.com.br\/blog\/wp-json\/wp\/v2\/categories?post=4927"},{"taxonomy":"post_tag","embeddable":true,"href":"https:\/\/www.metagal.com.br\/blog\/wp-json\/wp\/v2\/tags?post=4927"}],"curies":[{"name":"wp","href":"https:\/\/api.w.org\/{rel}","templated":true}]}}