{"id":4982,"date":"2023-10-16T12:11:48","date_gmt":"2023-10-16T15:11:48","guid":{"rendered":"https:\/\/www.metagal.com.br\/blog\/?p=4982"},"modified":"2023-10-16T12:11:48","modified_gmt":"2023-10-16T15:11:48","slug":"dicas-de-conservacao-de-automoveis-tudo-que-voce-precisa-para-cuidar-do-seu","status":"publish","type":"post","link":"https:\/\/www.metagal.com.br\/blog\/dicas-de-conservacao-de-automoveis-tudo-que-voce-precisa-para-cuidar-do-seu\/","title":{"rendered":"Dicas de conserva\u00e7\u00e3o de autom\u00f3veis: tudo que voc\u00ea precisa para cuidar do seu!"},"content":{"rendered":"<p><span style=\"font-weight: 400;\">Trocar de carro nem sempre \u00e9 uma alternativa, por isso a <\/span><b>conserva\u00e7\u00e3o do autom\u00f3vel<\/b><span style=\"font-weight: 400;\"> \u00e9 fundamental para garantir que ele mantenha um bom desempenho por mais tempo.\u00a0<\/span><\/p>\n<p><span style=\"font-weight: 400;\">Os desgastes acontecem naturalmente, entretanto, \u00e9 poss\u00edvel minimizar os problemas com alguns <\/span><b>cuidados b\u00e1sicos<\/b><span style=\"font-weight: 400;\"> e aumentar a vida \u00fatil do seu ve\u00edculo.<\/span><\/p>\n<p><span style=\"font-weight: 400;\">Isso inclui desde a\u00e7\u00f5es preventivas, at\u00e9 algumas mudan\u00e7as de h\u00e1bito no cotidiano. Continue a leitura e fique por dentro desse assunto!<\/span><\/p>\n<h2><span style=\"font-weight: 400;\">7 dicas de conserva\u00e7\u00e3o de autom\u00f3veis<\/span><\/h2>\n<p><span style=\"font-weight: 400;\">Se comprar um carro n\u00e3o est\u00e1 entre seus planos, esse conte\u00fado \u00e9 para voc\u00ea! Separamos algumas dicas que v\u00e3o colaborar para manter seu carro conservado.<\/span><\/p>\n<ol>\n<li><b> N\u00e3o deixe o carro parado por muito tempo<\/b><\/li>\n<\/ol>\n<p><span style=\"font-weight: 400;\">A primeira dica de conserva\u00e7\u00e3o \u00e9 n\u00e3o deix\u00e1-lo parado por muitos dias, pois isso pode gerar danos. Sendo assim, se voc\u00ea n\u00e3o costuma us\u00e1-lo diariamente, \u00e9 importante, pelo menos, <\/span><b>lig\u00e1-lo por um minuto a cada dois dias<\/b><span style=\"font-weight: 400;\">. Mas se n\u00e3o for poss\u00edvel, uma recomenda\u00e7\u00e3o alternativa \u00e9 desligar os cabos de bateria para preservar a integridade do sistema el\u00e9trico.<\/span><\/p>\n<ol start=\"2\">\n<li><b> Troque os fluidos e filtros regularmente<\/b><\/li>\n<\/ol>\n<p><span style=\"font-weight: 400;\">A troca regular dos fluidos e filtros n\u00e3o s\u00f3 colabora com a conserva\u00e7\u00e3o do ve\u00edculo, como <\/span><b>melhora seu desempenho<\/b><span style=\"font-weight: 400;\">. Ao deixar esses cuidados de lado, o propriet\u00e1rio coloca seu carro em risco, que pode at\u00e9 mesmo ter o motor fundido. Portanto, fique atento para fazer a troca no prazo. Nesse caso, as revis\u00f5es tamb\u00e9m s\u00e3o importantes para verificar a necessidade da substitui\u00e7\u00e3o desses componentes.<\/span><\/p>\n<ol start=\"3\">\n<li><b> Atente-se a vida \u00fatil do \u00f3leo<\/b><\/li>\n<\/ol>\n<p><span style=\"font-weight: 400;\">O \u00f3leo \u00e9 um dos componentes mais importantes para o bom funcionamento do autom\u00f3vel, pois lubrifica as pe\u00e7as para que elas trabalhem sem se desgastar. Por esse motivo, a troca deve ser realizada no prazo correto. Al\u00e9m disso, \u00e9 importante seguir as <\/span><b>recomenda\u00e7\u00f5es do fabricante<\/b><span style=\"font-weight: 400;\"> e utilizar um produto de qualidade, caso contr\u00e1rio, os preju\u00edzos podem ser grandes.<\/span><\/p>\n<ol start=\"4\">\n<li><b> Cuide dos pneus<\/b><\/li>\n<\/ol>\n<p><span style=\"font-weight: 400;\">Primeiramente, \u00e9 preciso lembrar que os pneus devem estar sempre <\/span><b>calibrados<\/b><span style=\"font-weight: 400;\">. Algumas outras dicas de conserva\u00e7\u00e3o neste aspecto s\u00e3o: manter o alinhamento e balanceamento em dia e estar sempre atento se h\u00e1 vibra\u00e7\u00f5es no volante ou se o carro est\u00e1 puxando para um dos lados. Outro ponto importante \u00e9 a verifica\u00e7\u00e3o di\u00e1ria dos pneus, para constatar se h\u00e1 irregularidades, como bolhas ou desgastes.<\/span><\/p>\n<ol start=\"5\">\n<li><b> Observe se h\u00e1 ru\u00eddos<\/b><\/li>\n<\/ol>\n<p><span style=\"font-weight: 400;\">Al\u00e9m de incomodar quem est\u00e1 no interior do ve\u00edculo, os ru\u00eddos podem ser um <\/span><b>sinal de alerta<\/b><span style=\"font-weight: 400;\">, indicando a presen\u00e7a de problemas. Sendo assim, sempre que perceber algum barulho diferente, busque identificar sua origem. Caso n\u00e3o consiga compreender de onde ele vem ou seu significado, procure um mec\u00e2nico de sua confian\u00e7a para identificar o problema.<\/span><\/p>\n<ol start=\"6\">\n<li><b> Evite h\u00e1bitos que prejudicam o seu ve\u00edculo<\/b><\/li>\n<\/ol>\n<p><span style=\"font-weight: 400;\">Algumas a\u00e7\u00f5es, que a princ\u00edpio parecem bobas, podem <\/span><b>comprometer o ve\u00edculo<\/b><span style=\"font-weight: 400;\"> e prejudicar sua conserva\u00e7\u00e3o. Podemos citar: ficar com o p\u00e9 na embreagem, deixar o combust\u00edvel na reserva, mexer no volante com o ve\u00edculo parado, apoiar a m\u00e3o no c\u00e2mbio, sair com o motor frio, frear exageradamente em descidas, mudar para uma marcha menor em alta velocidade, etc. Evite todas elas.<\/span><\/p>\n<ol start=\"7\">\n<li><b> Fa\u00e7a manuten\u00e7\u00f5es preventivas<\/b><\/li>\n<\/ol>\n<p><span style=\"font-weight: 400;\">Optar pela manuten\u00e7\u00e3o corretiva \u2014\u00a0 aquela realizada apenas depois que o problema j\u00e1 afetou carro \u2014 pode custar mais e gerar outros preju\u00edzos. Portanto, n\u00e3o deixe de realizar <\/span><b>manuten\u00e7\u00f5es preventivas<\/b><span style=\"font-weight: 400;\"> \u2014 aquelas que ocorrem mesmo quando tudo parece ir bem com o ve\u00edculo. Afinal, elas s\u00e3o essenciais para manter a conserva\u00e7\u00e3o do autom\u00f3vel e evitar que o ve\u00edculo sofra com danos maiores.\u00a0<\/span><\/p>\n<p><span style=\"font-weight: 400;\">Para n\u00e3o esquecer nenhuma das informa\u00e7\u00f5es acima, salve essa lista:<\/span><\/p>\n<p><img loading=\"lazy\" decoding=\"async\" class=\"aligncenter wp-image-4984 size-large\" src=\"https:\/\/www.metagal.com.br\/blog\/wp-content\/uploads\/2023\/10\/BLOGPOST2-AGO-PARTE2-METAGAL-802x1024.png\" alt=\"Resumo das dicas de conserva\u00e7\u00e3o para carros\" width=\"640\" height=\"817\" srcset=\"https:\/\/www.metagal.com.br\/blog\/wp-content\/uploads\/2023\/10\/BLOGPOST2-AGO-PARTE2-METAGAL-802x1024.png 802w, https:\/\/www.metagal.com.br\/blog\/wp-content\/uploads\/2023\/10\/BLOGPOST2-AGO-PARTE2-METAGAL-235x300.png 235w, https:\/\/www.metagal.com.br\/blog\/wp-content\/uploads\/2023\/10\/BLOGPOST2-AGO-PARTE2-METAGAL-768x981.png 768w, https:\/\/www.metagal.com.br\/blog\/wp-content\/uploads\/2023\/10\/BLOGPOST2-AGO-PARTE2-METAGAL-1203x1536.png 1203w, https:\/\/www.metagal.com.br\/blog\/wp-content\/uploads\/2023\/10\/BLOGPOST2-AGO-PARTE2-METAGAL.png 1238w\" sizes=\"auto, (max-width: 640px) 100vw, 640px\" \/><\/p>\n<h2><span style=\"font-weight: 400;\">Comprar um novo carro vale a pena?<\/span><\/h2>\n<p><span style=\"font-weight: 400;\">Os valores dos autom\u00f3veis no atual mercado \u00e9 um dos fatores que est\u00e1 prejudicando as compras para grande parte dos brasileiros.<\/span><\/p>\n<p><span style=\"font-weight: 400;\">A Metagal desenvolveu um conte\u00fado sobre <\/span><a href=\"https:\/\/www.metagal.com.br\/blog\/o-fim-da-era-dos-carros-populares\/?utm_medium=blogpost&amp;utm_source=site&amp;utm_campaign=conserva%C3%A7%C3%A3o-de-autom%C3%B3veis&amp;utm_content=hiperlink\"><span style=\"font-weight: 400;\">o fim da era dos carros populares<\/span><\/a><span style=\"font-weight: 400;\">, tamb\u00e9m reuniu as <\/span><a href=\"https:\/\/www.metagal.com.br\/blog\/saiba-quais-sao-as-medidas-do-governo-para-baratear-carros-populares\/?utm_medium=blogpost&amp;utm_source=site&amp;utm_campaign=conserva%C3%A7%C3%A3o-de-autom%C3%B3veis&amp;utm_content=hiperlink\"><span style=\"font-weight: 400;\">medidas do governo para baratear carros populares<\/span><\/a><span style=\"font-weight: 400;\">.<\/span><\/p>\n<p><span style=\"font-weight: 400;\">Para conferir esses e outros materiais, acesse o blog da Metagal e fique por dentro de temas relevantes para o mercado automotivo:<\/span><\/p>\n<p><a href=\"https:\/\/www.metagal.com.br\/?utm_medium=blogpost&amp;utm_source=site&amp;utm_campaign=conserva%C3%A7%C3%A3o-de-autom%C3%B3veis&amp;utm_content=banner\"><img loading=\"lazy\" decoding=\"async\" class=\"aligncenter wp-image-4985 size-full\" src=\"https:\/\/www.metagal.com.br\/blog\/wp-content\/uploads\/2023\/10\/BLOGPOST2-AGO-PARTE3-METAGAL.png\" alt=\"CTA para blogpost sobre conserva\u00e7\u00e3o dos carros\" width=\"900\" height=\"300\" srcset=\"https:\/\/www.metagal.com.br\/blog\/wp-content\/uploads\/2023\/10\/BLOGPOST2-AGO-PARTE3-METAGAL.png 900w, https:\/\/www.metagal.com.br\/blog\/wp-content\/uploads\/2023\/10\/BLOGPOST2-AGO-PARTE3-METAGAL-300x100.png 300w, https:\/\/www.metagal.com.br\/blog\/wp-content\/uploads\/2023\/10\/BLOGPOST2-AGO-PARTE3-METAGAL-768x256.png 768w\" sizes=\"auto, (max-width: 900px) 100vw, 900px\" \/><\/a><\/p>\n","protected":false},"excerpt":{"rendered":"<p>Trocar de carro nem sempre \u00e9 uma alternativa, por isso a conserva\u00e7\u00e3o do autom\u00f3vel \u00e9 fundamental para garantir que ele&#8230;<\/p>\n","protected":false},"author":1,"featured_media":4983,"comment_status":"open","ping_status":"open","sticky":false,"template":"","format":"standard","meta":{"footnotes":""},"categories":[113],"tags":[418,498,444,463,499],"class_list":["post-4982","post","type-post","status-publish","format-standard","has-post-thumbnail","hentry","category-mercado","tag-carros-populares","tag-conservacao-dos-carros","tag-manutencao-automotiva","tag-manutencao-de-cambio-automatico","tag-manutencao-preventiva"],"yoast_head":"<!-- This site is optimized with the Yoast SEO plugin v25.9 - https:\/\/yoast.com\/wordpress\/plugins\/seo\/ -->\n<title>Dicas de conserva\u00e7\u00e3o para o seu autom\u00f3vel: tudo o que precisa saber<\/title>\n<meta name=\"description\" content=\"Se trocar de carro n\u00e3o \u00e9 uma op\u00e7\u00e3o para o momento, que tal usar essas dicas de conserva\u00e7\u00e3o para aumentar a vida \u00fatil do seu carro?\" \/>\n<meta name=\"robots\" content=\"index, follow, max-snippet:-1, max-image-preview:large, max-video-preview:-1\" \/>\n<link rel=\"canonical\" href=\"https:\/\/www.metagal.com.br\/blog\/dicas-de-conservacao-de-automoveis-tudo-que-voce-precisa-para-cuidar-do-seu\/\" \/>\n<meta property=\"og:locale\" content=\"pt_BR\" \/>\n<meta property=\"og:type\" content=\"article\" \/>\n<meta property=\"og:title\" content=\"Dicas de conserva\u00e7\u00e3o para o seu autom\u00f3vel: tudo o que precisa saber\" \/>\n<meta property=\"og:description\" content=\"Se trocar de carro n\u00e3o \u00e9 uma op\u00e7\u00e3o para o momento, que tal usar essas dicas de conserva\u00e7\u00e3o para aumentar a vida \u00fatil do seu carro?\" \/>\n<meta property=\"og:url\" content=\"https:\/\/www.metagal.com.br\/blog\/dicas-de-conservacao-de-automoveis-tudo-que-voce-precisa-para-cuidar-do-seu\/\" \/>\n<meta property=\"og:site_name\" content=\"Blog Metagal\" \/>\n<meta property=\"article:published_time\" content=\"2023-10-16T15:11:48+00:00\" \/>\n<meta property=\"og:image\" content=\"https:\/\/www.metagal.com.br\/blog\/wp-content\/uploads\/2023\/10\/BLOGPOST2-AGO-PARTE1-METAGAL.png\" \/>\n\t<meta property=\"og:image:width\" content=\"1920\" \/>\n\t<meta property=\"og:image:height\" content=\"1080\" \/>\n\t<meta property=\"og:image:type\" content=\"image\/png\" \/>\n<meta name=\"author\" content=\"Metagal\" \/>\n<meta name=\"twitter:card\" content=\"summary_large_image\" \/>\n<meta name=\"twitter:label1\" content=\"Escrito por\" \/>\n\t<meta name=\"twitter:data1\" content=\"Metagal\" \/>\n\t<meta name=\"twitter:label2\" content=\"Est. tempo de leitura\" \/>\n\t<meta name=\"twitter:data2\" content=\"4 minutos\" \/>\n<script type=\"application\/ld+json\" class=\"yoast-schema-graph\">{\"@context\":\"https:\/\/schema.org\",\"@graph\":[{\"@type\":\"Article\",\"@id\":\"https:\/\/www.metagal.com.br\/blog\/dicas-de-conservacao-de-automoveis-tudo-que-voce-precisa-para-cuidar-do-seu\/#article\",\"isPartOf\":{\"@id\":\"https:\/\/www.metagal.com.br\/blog\/dicas-de-conservacao-de-automoveis-tudo-que-voce-precisa-para-cuidar-do-seu\/\"},\"author\":{\"name\":\"Metagal\",\"@id\":\"https:\/\/www.metagal.com.br\/blog\/#\/schema\/person\/86708538b26ec57abb56975e5bc3f3bf\"},\"headline\":\"Dicas de conserva\u00e7\u00e3o de autom\u00f3veis: tudo que voc\u00ea precisa para cuidar do seu!\",\"datePublished\":\"2023-10-16T15:11:48+00:00\",\"mainEntityOfPage\":{\"@id\":\"https:\/\/www.metagal.com.br\/blog\/dicas-de-conservacao-de-automoveis-tudo-que-voce-precisa-para-cuidar-do-seu\/\"},\"wordCount\":718,\"commentCount\":0,\"publisher\":{\"@id\":\"https:\/\/www.metagal.com.br\/blog\/#organization\"},\"image\":{\"@id\":\"https:\/\/www.metagal.com.br\/blog\/dicas-de-conservacao-de-automoveis-tudo-que-voce-precisa-para-cuidar-do-seu\/#primaryimage\"},\"thumbnailUrl\":\"https:\/\/www.metagal.com.br\/blog\/wp-content\/uploads\/2023\/10\/BLOGPOST2-AGO-PARTE1-METAGAL.png\",\"keywords\":[\"Carros populares\",\"Conserva\u00e7\u00e3o dos carros\",\"Manuten\u00e7\u00e3o automotiva\",\"Manuten\u00e7\u00e3o de c\u00e2mbio autom\u00e1tico\",\"Manuten\u00e7\u00e3o preventiva\"],\"articleSection\":[\"Mercado\"],\"inLanguage\":\"pt-BR\",\"potentialAction\":[{\"@type\":\"CommentAction\",\"name\":\"Comment\",\"target\":[\"https:\/\/www.metagal.com.br\/blog\/dicas-de-conservacao-de-automoveis-tudo-que-voce-precisa-para-cuidar-do-seu\/#respond\"]}]},{\"@type\":\"WebPage\",\"@id\":\"https:\/\/www.metagal.com.br\/blog\/dicas-de-conservacao-de-automoveis-tudo-que-voce-precisa-para-cuidar-do-seu\/\",\"url\":\"https:\/\/www.metagal.com.br\/blog\/dicas-de-conservacao-de-automoveis-tudo-que-voce-precisa-para-cuidar-do-seu\/\",\"name\":\"Dicas de conserva\u00e7\u00e3o para o seu autom\u00f3vel: tudo o que precisa saber\",\"isPartOf\":{\"@id\":\"https:\/\/www.metagal.com.br\/blog\/#website\"},\"primaryImageOfPage\":{\"@id\":\"https:\/\/www.metagal.com.br\/blog\/dicas-de-conservacao-de-automoveis-tudo-que-voce-precisa-para-cuidar-do-seu\/#primaryimage\"},\"image\":{\"@id\":\"https:\/\/www.metagal.com.br\/blog\/dicas-de-conservacao-de-automoveis-tudo-que-voce-precisa-para-cuidar-do-seu\/#primaryimage\"},\"thumbnailUrl\":\"https:\/\/www.metagal.com.br\/blog\/wp-content\/uploads\/2023\/10\/BLOGPOST2-AGO-PARTE1-METAGAL.png\",\"datePublished\":\"2023-10-16T15:11:48+00:00\",\"description\":\"Se trocar de carro n\u00e3o \u00e9 uma op\u00e7\u00e3o para o momento, que tal usar essas dicas de conserva\u00e7\u00e3o para aumentar a vida \u00fatil do seu carro?\",\"breadcrumb\":{\"@id\":\"https:\/\/www.metagal.com.br\/blog\/dicas-de-conservacao-de-automoveis-tudo-que-voce-precisa-para-cuidar-do-seu\/#breadcrumb\"},\"inLanguage\":\"pt-BR\",\"potentialAction\":[{\"@type\":\"ReadAction\",\"target\":[\"https:\/\/www.metagal.com.br\/blog\/dicas-de-conservacao-de-automoveis-tudo-que-voce-precisa-para-cuidar-do-seu\/\"]}]},{\"@type\":\"ImageObject\",\"inLanguage\":\"pt-BR\",\"@id\":\"https:\/\/www.metagal.com.br\/blog\/dicas-de-conservacao-de-automoveis-tudo-que-voce-precisa-para-cuidar-do-seu\/#primaryimage\",\"url\":\"https:\/\/www.metagal.com.br\/blog\/wp-content\/uploads\/2023\/10\/BLOGPOST2-AGO-PARTE1-METAGAL.png\",\"contentUrl\":\"https:\/\/www.metagal.com.br\/blog\/wp-content\/uploads\/2023\/10\/BLOGPOST2-AGO-PARTE1-METAGAL.png\",\"width\":1920,\"height\":1080,\"caption\":\"Header para blogpost sobre conserva\u00e7\u00e3o dos carros\"},{\"@type\":\"BreadcrumbList\",\"@id\":\"https:\/\/www.metagal.com.br\/blog\/dicas-de-conservacao-de-automoveis-tudo-que-voce-precisa-para-cuidar-do-seu\/#breadcrumb\",\"itemListElement\":[{\"@type\":\"ListItem\",\"position\":1,\"name\":\"In\u00edcio\",\"item\":\"https:\/\/www.metagal.com.br\/blog\/\"},{\"@type\":\"ListItem\",\"position\":2,\"name\":\"Dicas de conserva\u00e7\u00e3o de autom\u00f3veis: tudo que voc\u00ea precisa para cuidar do seu!\"}]},{\"@type\":\"WebSite\",\"@id\":\"https:\/\/www.metagal.com.br\/blog\/#website\",\"url\":\"https:\/\/www.metagal.com.br\/blog\/\",\"name\":\"Blog Metagal\",\"description\":\"Metagal | L\u00edder no desenvolvimento e produ\u00e7\u00e3o de espelhos retrovisores\",\"publisher\":{\"@id\":\"https:\/\/www.metagal.com.br\/blog\/#organization\"},\"potentialAction\":[{\"@type\":\"SearchAction\",\"target\":{\"@type\":\"EntryPoint\",\"urlTemplate\":\"https:\/\/www.metagal.com.br\/blog\/?s={search_term_string}\"},\"query-input\":{\"@type\":\"PropertyValueSpecification\",\"valueRequired\":true,\"valueName\":\"search_term_string\"}}],\"inLanguage\":\"pt-BR\"},{\"@type\":\"Organization\",\"@id\":\"https:\/\/www.metagal.com.br\/blog\/#organization\",\"name\":\"Metagal - L\u00edder em Desenvolvimento e Produ\u00e7\u00e3o de Espelhos Retrovisores\",\"url\":\"https:\/\/www.metagal.com.br\/blog\/\",\"logo\":{\"@type\":\"ImageObject\",\"inLanguage\":\"pt-BR\",\"@id\":\"https:\/\/www.metagal.com.br\/blog\/#\/schema\/logo\/image\/\",\"url\":\"https:\/\/www.metagal.com.br\/blog\/wp-content\/uploads\/2018\/11\/Favicon.png\",\"contentUrl\":\"https:\/\/www.metagal.com.br\/blog\/wp-content\/uploads\/2018\/11\/Favicon.png\",\"width\":100,\"height\":100,\"caption\":\"Metagal - L\u00edder em Desenvolvimento e Produ\u00e7\u00e3o de Espelhos Retrovisores\"},\"image\":{\"@id\":\"https:\/\/www.metagal.com.br\/blog\/#\/schema\/logo\/image\/\"}},{\"@type\":\"Person\",\"@id\":\"https:\/\/www.metagal.com.br\/blog\/#\/schema\/person\/86708538b26ec57abb56975e5bc3f3bf\",\"name\":\"Metagal\",\"image\":{\"@type\":\"ImageObject\",\"inLanguage\":\"pt-BR\",\"@id\":\"https:\/\/www.metagal.com.br\/blog\/#\/schema\/person\/image\/\",\"url\":\"https:\/\/secure.gravatar.com\/avatar\/5b99f1b1706488192643fded2a661508?s=96&d=mm&r=g\",\"contentUrl\":\"https:\/\/secure.gravatar.com\/avatar\/5b99f1b1706488192643fded2a661508?s=96&d=mm&r=g\",\"caption\":\"Metagal\"},\"url\":\"https:\/\/www.metagal.com.br\/blog\/autor\/layerup\/\"}]}<\/script>\n<!-- \/ Yoast SEO plugin. -->","yoast_head_json":{"title":"Dicas de conserva\u00e7\u00e3o para o seu autom\u00f3vel: tudo o que precisa saber","description":"Se trocar de carro n\u00e3o \u00e9 uma op\u00e7\u00e3o para o momento, que tal usar essas dicas de conserva\u00e7\u00e3o para aumentar a vida \u00fatil do seu carro?","robots":{"index":"index","follow":"follow","max-snippet":"max-snippet:-1","max-image-preview":"max-image-preview:large","max-video-preview":"max-video-preview:-1"},"canonical":"https:\/\/www.metagal.com.br\/blog\/dicas-de-conservacao-de-automoveis-tudo-que-voce-precisa-para-cuidar-do-seu\/","og_locale":"pt_BR","og_type":"article","og_title":"Dicas de conserva\u00e7\u00e3o para o seu autom\u00f3vel: tudo o que precisa saber","og_description":"Se trocar de carro n\u00e3o \u00e9 uma op\u00e7\u00e3o para o momento, que tal usar essas dicas de conserva\u00e7\u00e3o para aumentar a vida \u00fatil do seu carro?","og_url":"https:\/\/www.metagal.com.br\/blog\/dicas-de-conservacao-de-automoveis-tudo-que-voce-precisa-para-cuidar-do-seu\/","og_site_name":"Blog Metagal","article_published_time":"2023-10-16T15:11:48+00:00","og_image":[{"width":1920,"height":1080,"url":"https:\/\/www.metagal.com.br\/blog\/wp-content\/uploads\/2023\/10\/BLOGPOST2-AGO-PARTE1-METAGAL.png","type":"image\/png"}],"author":"Metagal","twitter_card":"summary_large_image","twitter_misc":{"Escrito por":"Metagal","Est. tempo de leitura":"4 minutos"},"schema":{"@context":"https:\/\/schema.org","@graph":[{"@type":"Article","@id":"https:\/\/www.metagal.com.br\/blog\/dicas-de-conservacao-de-automoveis-tudo-que-voce-precisa-para-cuidar-do-seu\/#article","isPartOf":{"@id":"https:\/\/www.metagal.com.br\/blog\/dicas-de-conservacao-de-automoveis-tudo-que-voce-precisa-para-cuidar-do-seu\/"},"author":{"name":"Metagal","@id":"https:\/\/www.metagal.com.br\/blog\/#\/schema\/person\/86708538b26ec57abb56975e5bc3f3bf"},"headline":"Dicas de conserva\u00e7\u00e3o de autom\u00f3veis: tudo que voc\u00ea precisa para cuidar do seu!","datePublished":"2023-10-16T15:11:48+00:00","mainEntityOfPage":{"@id":"https:\/\/www.metagal.com.br\/blog\/dicas-de-conservacao-de-automoveis-tudo-que-voce-precisa-para-cuidar-do-seu\/"},"wordCount":718,"commentCount":0,"publisher":{"@id":"https:\/\/www.metagal.com.br\/blog\/#organization"},"image":{"@id":"https:\/\/www.metagal.com.br\/blog\/dicas-de-conservacao-de-automoveis-tudo-que-voce-precisa-para-cuidar-do-seu\/#primaryimage"},"thumbnailUrl":"https:\/\/www.metagal.com.br\/blog\/wp-content\/uploads\/2023\/10\/BLOGPOST2-AGO-PARTE1-METAGAL.png","keywords":["Carros populares","Conserva\u00e7\u00e3o dos carros","Manuten\u00e7\u00e3o automotiva","Manuten\u00e7\u00e3o de c\u00e2mbio autom\u00e1tico","Manuten\u00e7\u00e3o preventiva"],"articleSection":["Mercado"],"inLanguage":"pt-BR","potentialAction":[{"@type":"CommentAction","name":"Comment","target":["https:\/\/www.metagal.com.br\/blog\/dicas-de-conservacao-de-automoveis-tudo-que-voce-precisa-para-cuidar-do-seu\/#respond"]}]},{"@type":"WebPage","@id":"https:\/\/www.metagal.com.br\/blog\/dicas-de-conservacao-de-automoveis-tudo-que-voce-precisa-para-cuidar-do-seu\/","url":"https:\/\/www.metagal.com.br\/blog\/dicas-de-conservacao-de-automoveis-tudo-que-voce-precisa-para-cuidar-do-seu\/","name":"Dicas de conserva\u00e7\u00e3o para o seu autom\u00f3vel: tudo o que precisa saber","isPartOf":{"@id":"https:\/\/www.metagal.com.br\/blog\/#website"},"primaryImageOfPage":{"@id":"https:\/\/www.metagal.com.br\/blog\/dicas-de-conservacao-de-automoveis-tudo-que-voce-precisa-para-cuidar-do-seu\/#primaryimage"},"image":{"@id":"https:\/\/www.metagal.com.br\/blog\/dicas-de-conservacao-de-automoveis-tudo-que-voce-precisa-para-cuidar-do-seu\/#primaryimage"},"thumbnailUrl":"https:\/\/www.metagal.com.br\/blog\/wp-content\/uploads\/2023\/10\/BLOGPOST2-AGO-PARTE1-METAGAL.png","datePublished":"2023-10-16T15:11:48+00:00","description":"Se trocar de carro n\u00e3o \u00e9 uma op\u00e7\u00e3o para o momento, que tal usar essas dicas de conserva\u00e7\u00e3o para aumentar a vida \u00fatil do seu carro?","breadcrumb":{"@id":"https:\/\/www.metagal.com.br\/blog\/dicas-de-conservacao-de-automoveis-tudo-que-voce-precisa-para-cuidar-do-seu\/#breadcrumb"},"inLanguage":"pt-BR","potentialAction":[{"@type":"ReadAction","target":["https:\/\/www.metagal.com.br\/blog\/dicas-de-conservacao-de-automoveis-tudo-que-voce-precisa-para-cuidar-do-seu\/"]}]},{"@type":"ImageObject","inLanguage":"pt-BR","@id":"https:\/\/www.metagal.com.br\/blog\/dicas-de-conservacao-de-automoveis-tudo-que-voce-precisa-para-cuidar-do-seu\/#primaryimage","url":"https:\/\/www.metagal.com.br\/blog\/wp-content\/uploads\/2023\/10\/BLOGPOST2-AGO-PARTE1-METAGAL.png","contentUrl":"https:\/\/www.metagal.com.br\/blog\/wp-content\/uploads\/2023\/10\/BLOGPOST2-AGO-PARTE1-METAGAL.png","width":1920,"height":1080,"caption":"Header para blogpost sobre conserva\u00e7\u00e3o dos carros"},{"@type":"BreadcrumbList","@id":"https:\/\/www.metagal.com.br\/blog\/dicas-de-conservacao-de-automoveis-tudo-que-voce-precisa-para-cuidar-do-seu\/#breadcrumb","itemListElement":[{"@type":"ListItem","position":1,"name":"In\u00edcio","item":"https:\/\/www.metagal.com.br\/blog\/"},{"@type":"ListItem","position":2,"name":"Dicas de conserva\u00e7\u00e3o de autom\u00f3veis: tudo que voc\u00ea precisa para cuidar do seu!"}]},{"@type":"WebSite","@id":"https:\/\/www.metagal.com.br\/blog\/#website","url":"https:\/\/www.metagal.com.br\/blog\/","name":"Blog Metagal","description":"Metagal | L\u00edder no desenvolvimento e produ\u00e7\u00e3o de espelhos retrovisores","publisher":{"@id":"https:\/\/www.metagal.com.br\/blog\/#organization"},"potentialAction":[{"@type":"SearchAction","target":{"@type":"EntryPoint","urlTemplate":"https:\/\/www.metagal.com.br\/blog\/?s={search_term_string}"},"query-input":{"@type":"PropertyValueSpecification","valueRequired":true,"valueName":"search_term_string"}}],"inLanguage":"pt-BR"},{"@type":"Organization","@id":"https:\/\/www.metagal.com.br\/blog\/#organization","name":"Metagal - L\u00edder em Desenvolvimento e Produ\u00e7\u00e3o de Espelhos Retrovisores","url":"https:\/\/www.metagal.com.br\/blog\/","logo":{"@type":"ImageObject","inLanguage":"pt-BR","@id":"https:\/\/www.metagal.com.br\/blog\/#\/schema\/logo\/image\/","url":"https:\/\/www.metagal.com.br\/blog\/wp-content\/uploads\/2018\/11\/Favicon.png","contentUrl":"https:\/\/www.metagal.com.br\/blog\/wp-content\/uploads\/2018\/11\/Favicon.png","width":100,"height":100,"caption":"Metagal - L\u00edder em Desenvolvimento e Produ\u00e7\u00e3o de Espelhos Retrovisores"},"image":{"@id":"https:\/\/www.metagal.com.br\/blog\/#\/schema\/logo\/image\/"}},{"@type":"Person","@id":"https:\/\/www.metagal.com.br\/blog\/#\/schema\/person\/86708538b26ec57abb56975e5bc3f3bf","name":"Metagal","image":{"@type":"ImageObject","inLanguage":"pt-BR","@id":"https:\/\/www.metagal.com.br\/blog\/#\/schema\/person\/image\/","url":"https:\/\/secure.gravatar.com\/avatar\/5b99f1b1706488192643fded2a661508?s=96&d=mm&r=g","contentUrl":"https:\/\/secure.gravatar.com\/avatar\/5b99f1b1706488192643fded2a661508?s=96&d=mm&r=g","caption":"Metagal"},"url":"https:\/\/www.metagal.com.br\/blog\/autor\/layerup\/"}]}},"_links":{"self":[{"href":"https:\/\/www.metagal.com.br\/blog\/wp-json\/wp\/v2\/posts\/4982","targetHints":{"allow":["GET"]}}],"collection":[{"href":"https:\/\/www.metagal.com.br\/blog\/wp-json\/wp\/v2\/posts"}],"about":[{"href":"https:\/\/www.metagal.com.br\/blog\/wp-json\/wp\/v2\/types\/post"}],"author":[{"embeddable":true,"href":"https:\/\/www.metagal.com.br\/blog\/wp-json\/wp\/v2\/users\/1"}],"replies":[{"embeddable":true,"href":"https:\/\/www.metagal.com.br\/blog\/wp-json\/wp\/v2\/comments?post=4982"}],"version-history":[{"count":1,"href":"https:\/\/www.metagal.com.br\/blog\/wp-json\/wp\/v2\/posts\/4982\/revisions"}],"predecessor-version":[{"id":4986,"href":"https:\/\/www.metagal.com.br\/blog\/wp-json\/wp\/v2\/posts\/4982\/revisions\/4986"}],"wp:featuredmedia":[{"embeddable":true,"href":"https:\/\/www.metagal.com.br\/blog\/wp-json\/wp\/v2\/media\/4983"}],"wp:attachment":[{"href":"https:\/\/www.metagal.com.br\/blog\/wp-json\/wp\/v2\/media?parent=4982"}],"wp:term":[{"taxonomy":"category","embeddable":true,"href":"https:\/\/www.metagal.com.br\/blog\/wp-json\/wp\/v2\/categories?post=4982"},{"taxonomy":"post_tag","embeddable":true,"href":"https:\/\/www.metagal.com.br\/blog\/wp-json\/wp\/v2\/tags?post=4982"}],"curies":[{"name":"wp","href":"https:\/\/api.w.org\/{rel}","templated":true}]}}