{"id":5021,"date":"2023-12-06T12:28:09","date_gmt":"2023-12-06T15:28:09","guid":{"rendered":"https:\/\/www.metagal.com.br\/blog\/?p=5021"},"modified":"2023-12-06T12:28:09","modified_gmt":"2023-12-06T15:28:09","slug":"carro-voador-em-sao-paulo-vem-ai-a-primeira-fabrica-no-brasil","status":"publish","type":"post","link":"https:\/\/www.metagal.com.br\/blog\/carro-voador-em-sao-paulo-vem-ai-a-primeira-fabrica-no-brasil\/","title":{"rendered":"Carro voador em S\u00e3o Paulo? Vem a\u00ed a primeira f\u00e1brica no Brasil"},"content":{"rendered":"<p><span style=\"font-weight: 400;\">Nas telonas, o carro voador n\u00e3o \u00e9 nenhuma novidade, protagonizando v\u00e1rios filmes de fic\u00e7\u00e3o cient\u00edfica como \u201cDe Volta para o Futuro\u201d, \u201cStar Wars\u201d e outros. Mas <\/span><b>agora ele ser\u00e1 realidade no Brasil<\/b><span style=\"font-weight: 400;\">.<\/span><\/p>\n<p><span style=\"font-weight: 400;\">A Embraer anunciou em julho deste ano que <\/span><b>a primeira f\u00e1brica a produzir carros voadores ser\u00e1 em Taubat\u00e9, S\u00e3o Paulo<\/b><span style=\"font-weight: 400;\">. A expectativa \u00e9 que em 2026 j\u00e1 tenham modelos prontos.<\/span><\/p>\n<p><span style=\"font-weight: 400;\">Para saber mais, continue lendo este artigo.<\/span><\/p>\n<h2><b>F\u00e1brica de carro voador em SP<\/b><\/h2>\n<p><span style=\"font-weight: 400;\">A Embraer controla uma empresa chamada Eve Air Mobility, que fabrica aeronaves, e esta anunciou a chegada da f\u00e1brica de carro voador em S\u00e3o Paulo.<\/span><\/p>\n<p><span style=\"font-weight: 400;\">Segundo <\/span><a href=\"https:\/\/g1.globo.com\/sp\/vale-do-paraiba-regiao\/noticia\/2023\/07\/20\/carro-voador-da-embraer-taubate.ghtml\"><span style=\"font-weight: 400;\">mat\u00e9ria publicada no G1<\/span><\/a><span style=\"font-weight: 400;\">, a f\u00e1brica j\u00e1 tem endere\u00e7o porque ocupar\u00e1 uma das unidades da Embraer na cidade de Taubat\u00e9. Todavia, a sede passar\u00e1 por algumas adapta\u00e7\u00f5es para receber a produ\u00e7\u00e3o dos carros voadores adequadamente.<\/span><\/p>\n<p><span style=\"font-weight: 400;\">A previs\u00e3o \u00e9 que <\/span><b>at\u00e9 2026 os modelos j\u00e1 estejam prontos<\/b><span style=\"font-weight: 400;\">, at\u00e9 porque j\u00e1 existe demanda para esses ve\u00edculos, pois h\u00e1 encomendas de 2,8 mil unidades, o que representa mais de US$ 8 bilh\u00f5es em vendas.\u00a0<\/span><\/p>\n<p><span style=\"font-weight: 400;\">Os compradores s\u00e3o operadores de helic\u00f3pteros, companhias a\u00e9reas, empresas de leasing e plataformas de voos compartilhados que somam um total de 28 clientes.<\/span><\/p>\n<h2><b>Carro voador ou um helic\u00f3ptero?<\/b><\/h2>\n<p><span style=\"font-weight: 400;\">Apesar de ser conhecido como um carro voador, <\/span><b>ele ainda n\u00e3o ter\u00e1 o formato como visto nas telonas<\/b><span style=\"font-weight: 400;\">. Sendo assim, o nome mais correto para este ve\u00edculo \u00e9 eVTOL, que significa <\/span><b>ve\u00edculo el\u00e9trico de pouso e decolagem vertical<\/b><span style=\"font-weight: 400;\">.<\/span><\/p>\n<p><span style=\"font-weight: 400;\">O eVTOL \u00e9 muito parecido com um helic\u00f3ptero, como se fosse um drone gigante, por\u00e9m tem suas distin\u00e7\u00f5es.<\/span><\/p>\n<p><img loading=\"lazy\" decoding=\"async\" class=\"aligncenter wp-image-5023\" src=\"https:\/\/www.metagal.com.br\/blog\/wp-content\/uploads\/2023\/12\/BLOGPOST2-NOV-PARTE2-METAGAL-1024x919.png\" alt=\"Caracter\u00edsticas dos carros voadores\" width=\"640\" height=\"574\" srcset=\"https:\/\/www.metagal.com.br\/blog\/wp-content\/uploads\/2023\/12\/BLOGPOST2-NOV-PARTE2-METAGAL-1024x919.png 1024w, https:\/\/www.metagal.com.br\/blog\/wp-content\/uploads\/2023\/12\/BLOGPOST2-NOV-PARTE2-METAGAL-300x269.png 300w, https:\/\/www.metagal.com.br\/blog\/wp-content\/uploads\/2023\/12\/BLOGPOST2-NOV-PARTE2-METAGAL-768x689.png 768w, https:\/\/www.metagal.com.br\/blog\/wp-content\/uploads\/2023\/12\/BLOGPOST2-NOV-PARTE2-METAGAL.png 1405w\" sizes=\"auto, (max-width: 640px) 100vw, 640px\" \/><\/p>\n<p>&nbsp;<\/p>\n<p><span style=\"font-weight: 400;\">Ou seja, ele apenas se assemelha com um helic\u00f3ptero pela <\/span><b>movimenta\u00e7\u00e3o vertical<\/b><span style=\"font-weight: 400;\"> e o <\/span><b>uso de rotores<\/b><span style=\"font-weight: 400;\">, sendo que no outro ve\u00edculo h\u00e1 a presen\u00e7a de apenas dois \u2014 um central e um na cauda.\u00a0<\/span><\/p>\n<p><span style=\"font-weight: 400;\">Uma vantagem do carro voador \u00e9 que ele \u00e9 bem mais silencioso, j\u00e1 que sua alimenta\u00e7\u00e3o \u00e9 el\u00e9trica, por\u00e9m o helic\u00f3ptero consegue fazer viagens mais longas.<\/span><\/p>\n<p><span style=\"font-weight: 400;\">Outro ve\u00edculo que se assemelha ao eVTOL \u00e9 o avi\u00e3o el\u00e9trico, pois alguns modelos possuem asas fixas. S\u00f3 que o avi\u00e3o precisa percorrer uma pista para atingir velocidade de voo, e o carro voador n\u00e3o.<\/span><\/p>\n<h2><b>Os eVTOLs do futuro<\/b><\/h2>\n<p><span style=\"font-weight: 400;\">Redesenhado pela empresa <\/span><a href=\"https:\/\/www.urbanaero.com\/\"><span style=\"font-weight: 400;\">Urban Aeronautics<\/span><\/a><span style=\"font-weight: 400;\">, com sede em Israel, o ve\u00edculo voador CityHawk agora tem um novo formato.<\/span><\/p>\n<p><img loading=\"lazy\" decoding=\"async\" class=\"aligncenter wp-image-5024 size-large\" src=\"https:\/\/www.metagal.com.br\/blog\/wp-content\/uploads\/2023\/12\/BLOGPOST2-NOV-PARTE3-METAGAL-1024x523.png\" alt=\"O novo modelo do Cityhawk\" width=\"640\" height=\"327\" srcset=\"https:\/\/www.metagal.com.br\/blog\/wp-content\/uploads\/2023\/12\/BLOGPOST2-NOV-PARTE3-METAGAL-1024x523.png 1024w, https:\/\/www.metagal.com.br\/blog\/wp-content\/uploads\/2023\/12\/BLOGPOST2-NOV-PARTE3-METAGAL-300x153.png 300w, https:\/\/www.metagal.com.br\/blog\/wp-content\/uploads\/2023\/12\/BLOGPOST2-NOV-PARTE3-METAGAL-768x392.png 768w, https:\/\/www.metagal.com.br\/blog\/wp-content\/uploads\/2023\/12\/BLOGPOST2-NOV-PARTE3-METAGAL-1536x784.png 1536w, https:\/\/www.metagal.com.br\/blog\/wp-content\/uploads\/2023\/12\/BLOGPOST2-NOV-PARTE3-METAGAL.png 1920w\" sizes=\"auto, (max-width: 640px) 100vw, 640px\" \/><\/p>\n<p><span style=\"font-weight: 400;\">Diferente dos eVTOLs convencionais que mencionamos acima, este possui dois ventiladores acomodados em dutos \u2014 desse modo n\u00e3o ficam aparentes como os antecessores \u2014 e seu design<\/span><b> se aproxima mais dos modelos de carros voadores<\/b><span style=\"font-weight: 400;\"> presentes nos filmes. Ele n\u00e3o tem asas nem rotores.<\/span><\/p>\n<p><span style=\"font-weight: 400;\">Mas h\u00e1 outro destaque interessante. Apesar dos eVTOLs j\u00e1 serem constitu\u00eddos por motores el\u00e9tricos, o CityHawk ainda apresenta uma vantagem mais amiga da natureza: <\/span><b>sua alimenta\u00e7\u00e3o el\u00e9trica \u00e9 feita por c\u00e9lulas de hidrog\u00eanio<\/b><span style=\"font-weight: 400;\">.<\/span><\/p>\n<p><span style=\"font-weight: 400;\">A mudan\u00e7a no formato n\u00e3o \u00e9 apenas uma quest\u00e3o est\u00e9tica, pois suas dimens\u00f5es possibilitam a otimiza\u00e7\u00e3o do espa\u00e7o urbano, uma vez que o espa\u00e7o ocupado por um eVTOL convencional cabe quatro aeronaves CityHawk.<\/span><\/p>\n<h2><b>Para al\u00e9m dos eVTOLs<\/b><\/h2>\n<p><span style=\"font-weight: 400;\">O carro voador \u00e9 uma ideia futurista, mas n\u00e3o \u00e9 a \u00fanica. O carro tradicional \u2014 o que anda no ch\u00e3o \u2014 tamb\u00e9m vai ser diferente daqui a alguns anos. A previs\u00e3o \u00e9 que novas tecnologias sejam integradas ao ve\u00edculo.<\/span><\/p>\n<p><b>Realidade aumentada<\/b><span style=\"font-weight: 400;\"> \u2192 Sabe as rotas de GPS que aparecem no celular ou no HUD? Elas v\u00e3o ocupar o para-brisa. Outras informa\u00e7\u00f5es sobre tr\u00e2nsito e obst\u00e1culos tamb\u00e9m estar\u00e3o nessa quase primeira tela.<\/span><\/p>\n<p><b>Sensor de detec\u00e7\u00e3o de bicicleta \u2192<\/b><span style=\"font-weight: 400;\"> Isso j\u00e1 est\u00e1 incorporado em alguns carros de luxo, mas a previs\u00e3o \u00e9 que todos os modelos do futuro venham com o equipamento. Al\u00e9m de identificar as bicicletas, o sensor ativar\u00e1 uma frenagem autom\u00e1tica, evitando assim uma colis\u00e3o direta.<\/span><\/p>\n<p><b>Dire\u00e7\u00e3o de emerg\u00eancia \u2192 <\/b><span style=\"font-weight: 400;\">Ainda no escopo dos comandos aut\u00f4nomos, o carro do futuro tamb\u00e9m ter\u00e1 a \u201cintelig\u00eancia\u201d de ester\u00e7ar outro ve\u00edculo, evitando uma batida. Isso ocorre da seguinte forma: o sensor identifica uma colis\u00e3o iminente, move o volante para o lado que estiver livre e o carro, ent\u00e3o, muda de dire\u00e7\u00e3o automaticamente.<\/span><\/p>\n<p><b>Cores sob demanda \u2192<\/b><span style=\"font-weight: 400;\"> Imagina trocar a cor da carroceria em segundos? Isso n\u00e3o s\u00f3 ser\u00e1 poss\u00edvel como <\/span><b>j\u00e1 existe em um modelo da BMW<\/b><span style=\"font-weight: 400;\">, que conseguiu reunir 32 cores diferentes com trocas instant\u00e2neas. Al\u00e9m de agradar o gosto do consumidor, a troca de cores pode ser alinhada ao clima, alternando automaticamente para evitar o superaquecimento ou esfriamento do ve\u00edculo.<\/span><\/p>\n<p><img loading=\"lazy\" decoding=\"async\" class=\"aligncenter wp-image-5025 size-large\" src=\"https:\/\/www.metagal.com.br\/blog\/wp-content\/uploads\/2023\/12\/BLOGPOST2-NOV-PARTE4-METAGAL-1024x523.png\" alt=\"Carro que muda de cor em segundos\" width=\"640\" height=\"327\" srcset=\"https:\/\/www.metagal.com.br\/blog\/wp-content\/uploads\/2023\/12\/BLOGPOST2-NOV-PARTE4-METAGAL-1024x523.png 1024w, https:\/\/www.metagal.com.br\/blog\/wp-content\/uploads\/2023\/12\/BLOGPOST2-NOV-PARTE4-METAGAL-300x153.png 300w, https:\/\/www.metagal.com.br\/blog\/wp-content\/uploads\/2023\/12\/BLOGPOST2-NOV-PARTE4-METAGAL-768x392.png 768w, https:\/\/www.metagal.com.br\/blog\/wp-content\/uploads\/2023\/12\/BLOGPOST2-NOV-PARTE4-METAGAL-1536x784.png 1536w, https:\/\/www.metagal.com.br\/blog\/wp-content\/uploads\/2023\/12\/BLOGPOST2-NOV-PARTE4-METAGAL.png 1920w\" sizes=\"auto, (max-width: 640px) 100vw, 640px\" \/><\/p>\n<p><b>Apag\u00e3o!<\/b><span style=\"font-weight: 400;\"> \u2192 Esse recurso, no entanto, \u00e9 uma fun\u00e7\u00e3o que pode funcionar contra o consumidor, pois caso ele deixasse de quitar alguma parcela, a montadora teria a <\/span><b>capacidade de desligar alguns sistemas do carro ou at\u00e9 mesmo ele inteiro<\/b><span style=\"font-weight: 400;\">. Isso tamb\u00e9m pode funcionar a favor, pois em caso de furtos e roubos, o apag\u00e3o do ve\u00edculo impede que o ladr\u00e3o o conduza.<\/span><\/p>\n<h2><b>Antes de voador, o carro ser\u00e1 conectado<\/b><\/h2>\n<p><span style=\"font-weight: 400;\">Agora que j\u00e1 sabemos da chegada do carro voador e das <\/span><a href=\"https:\/\/www.metagal.com.br\/blog\/novas-tecnologias-vao-revolucionar-o-setor-automotivo-nos-proximos-anos\/?utm_medium=blogpost&amp;utm_source=site&amp;utm_campaign=carro-voador-em-sp&amp;utm_term=trafego&amp;utm_content=hiperlink\"><span style=\"font-weight: 400;\">tecnologias que o tornar\u00e3o futurista<\/span><\/a><span style=\"font-weight: 400;\">, \u00e9 bom destacar que tais adventos s\u00f3 chegar\u00e3o aos ve\u00edculos quando eles se tornarem totalmente conectados.<\/span><\/p>\n<p><span style=\"font-weight: 400;\">O aprimoramento das redes m\u00f3veis de internet \u2014 principalmente a <\/span><a href=\"https:\/\/www.metagal.com.br\/blog\/novas-tecnologias-vao-revolucionar-o-setor-automotivo-nos-proximos-anos\/?utm_medium=blogpost&amp;utm_source=site&amp;utm_campaign=carro-voador-em-sp&amp;utm_term=trafego&amp;utm_content=hiperlink\"><span style=\"font-weight: 400;\">evolu\u00e7\u00e3o do 5G <\/span><\/a><span style=\"font-weight: 400;\">para o 6G \u2014 tem muito a ver com isso, pois permitir\u00e1 uma conex\u00e3o muito mais est\u00e1vel e mais r\u00e1pida, o que \u00e9 essencial para a funcionalidade dos sistemas listados neste artigo.<\/span><\/p>\n<p><span style=\"font-weight: 400;\">E voc\u00ea pode ficar por dentro de tudo o que envolve os <\/span><b>carros conectados<\/b><span style=\"font-weight: 400;\">. N\u00f3s preparamos um material completo sobre o assunto, o qual pode ser <\/span><b>baixado gratuitamente<\/b><span style=\"font-weight: 400;\"> pelo banner abaixo:<\/span><\/p>\n<p><a href=\"https:\/\/materiais.metagal.com.br\/carros-conectados?utm_medium=blogpost&amp;utm_source=site&amp;utm_campaign=carro-voador-em-sp&amp;utm_term=conversao&amp;utm_content=cta\"><img loading=\"lazy\" decoding=\"async\" class=\"aligncenter wp-image-5026 size-full\" src=\"https:\/\/www.metagal.com.br\/blog\/wp-content\/uploads\/2023\/12\/BLOGPOST2-NOV-PARTE5-METAGAL.png\" alt=\"CTA para BP sobre carros voadores\" width=\"900\" height=\"300\" srcset=\"https:\/\/www.metagal.com.br\/blog\/wp-content\/uploads\/2023\/12\/BLOGPOST2-NOV-PARTE5-METAGAL.png 900w, https:\/\/www.metagal.com.br\/blog\/wp-content\/uploads\/2023\/12\/BLOGPOST2-NOV-PARTE5-METAGAL-300x100.png 300w, https:\/\/www.metagal.com.br\/blog\/wp-content\/uploads\/2023\/12\/BLOGPOST2-NOV-PARTE5-METAGAL-768x256.png 768w\" sizes=\"auto, (max-width: 900px) 100vw, 900px\" \/><\/a><\/p>\n","protected":false},"excerpt":{"rendered":"<p>Nas telonas, o carro voador n\u00e3o \u00e9 nenhuma novidade, protagonizando v\u00e1rios filmes de fic\u00e7\u00e3o cient\u00edfica como \u201cDe Volta para o&#8230;<\/p>\n","protected":false},"author":1,"featured_media":5022,"comment_status":"open","ping_status":"open","sticky":false,"template":"","format":"standard","meta":{"footnotes":""},"categories":[112],"tags":[515,516,514,372,520,517,519,518,521],"class_list":["post-5021","post","type-post","status-publish","format-standard","has-post-thumbnail","hentry","category-tecnologia","tag-carro-conectado","tag-carro-que-muda-de-cor","tag-carro-voador","tag-carros-voadores","tag-cityhawk","tag-direcao-de-emergencia","tag-evtol","tag-realidade-aumentada","tag-urban-aeronautics"],"yoast_head":"<!-- This site is optimized with the Yoast SEO plugin v25.9 - https:\/\/yoast.com\/wordpress\/plugins\/seo\/ -->\n<title>Carro voador em S\u00e3o Paulo? Vem a\u00ed a primeira f\u00e1brica no Brasil<\/title>\n<meta name=\"description\" content=\"A cidade de Taubat\u00e9 - SP receber\u00e1 a primeira f\u00e1brica de carro voador no Brasil. Um total de 28 empresas j\u00e1 encomendaram esses ve\u00edculos\" \/>\n<meta name=\"robots\" content=\"index, follow, max-snippet:-1, max-image-preview:large, max-video-preview:-1\" \/>\n<link rel=\"canonical\" href=\"https:\/\/www.metagal.com.br\/blog\/carro-voador-em-sao-paulo-vem-ai-a-primeira-fabrica-no-brasil\/\" \/>\n<meta property=\"og:locale\" content=\"pt_BR\" \/>\n<meta property=\"og:type\" content=\"article\" \/>\n<meta property=\"og:title\" content=\"Carro voador em S\u00e3o Paulo? Vem a\u00ed a primeira f\u00e1brica no Brasil\" \/>\n<meta property=\"og:description\" content=\"A cidade de Taubat\u00e9 - SP receber\u00e1 a primeira f\u00e1brica de carro voador no Brasil. Um total de 28 empresas j\u00e1 encomendaram esses ve\u00edculos\" \/>\n<meta property=\"og:url\" content=\"https:\/\/www.metagal.com.br\/blog\/carro-voador-em-sao-paulo-vem-ai-a-primeira-fabrica-no-brasil\/\" \/>\n<meta property=\"og:site_name\" content=\"Blog Metagal\" \/>\n<meta property=\"article:published_time\" content=\"2023-12-06T15:28:09+00:00\" \/>\n<meta property=\"og:image\" content=\"https:\/\/www.metagal.com.br\/blog\/wp-content\/uploads\/2023\/12\/BLOGPOST2-NOV-PARTE1-METAGAL.png\" \/>\n\t<meta property=\"og:image:width\" content=\"1920\" \/>\n\t<meta property=\"og:image:height\" content=\"1080\" \/>\n\t<meta property=\"og:image:type\" content=\"image\/png\" \/>\n<meta name=\"author\" content=\"Metagal\" \/>\n<meta name=\"twitter:card\" content=\"summary_large_image\" \/>\n<meta name=\"twitter:label1\" content=\"Escrito por\" \/>\n\t<meta name=\"twitter:data1\" content=\"Metagal\" \/>\n\t<meta name=\"twitter:label2\" content=\"Est. tempo de leitura\" \/>\n\t<meta name=\"twitter:data2\" content=\"5 minutos\" \/>\n<script type=\"application\/ld+json\" class=\"yoast-schema-graph\">{\"@context\":\"https:\/\/schema.org\",\"@graph\":[{\"@type\":\"Article\",\"@id\":\"https:\/\/www.metagal.com.br\/blog\/carro-voador-em-sao-paulo-vem-ai-a-primeira-fabrica-no-brasil\/#article\",\"isPartOf\":{\"@id\":\"https:\/\/www.metagal.com.br\/blog\/carro-voador-em-sao-paulo-vem-ai-a-primeira-fabrica-no-brasil\/\"},\"author\":{\"name\":\"Metagal\",\"@id\":\"https:\/\/www.metagal.com.br\/blog\/#\/schema\/person\/86708538b26ec57abb56975e5bc3f3bf\"},\"headline\":\"Carro voador em S\u00e3o Paulo? Vem a\u00ed a primeira f\u00e1brica no Brasil\",\"datePublished\":\"2023-12-06T15:28:09+00:00\",\"mainEntityOfPage\":{\"@id\":\"https:\/\/www.metagal.com.br\/blog\/carro-voador-em-sao-paulo-vem-ai-a-primeira-fabrica-no-brasil\/\"},\"wordCount\":979,\"commentCount\":0,\"publisher\":{\"@id\":\"https:\/\/www.metagal.com.br\/blog\/#organization\"},\"image\":{\"@id\":\"https:\/\/www.metagal.com.br\/blog\/carro-voador-em-sao-paulo-vem-ai-a-primeira-fabrica-no-brasil\/#primaryimage\"},\"thumbnailUrl\":\"https:\/\/www.metagal.com.br\/blog\/wp-content\/uploads\/2023\/12\/BLOGPOST2-NOV-PARTE1-METAGAL.png\",\"keywords\":[\"Carro conectado\",\"Carro que muda de cor\",\"Carro voador\",\"carros voadores\",\"Cityhawk\",\"Dire\u00e7\u00e3o de emerg\u00eancia\",\"eVTOL\",\"Realidade aumentada\",\"Urban Aeronautics\"],\"articleSection\":[\"Tecnologia\"],\"inLanguage\":\"pt-BR\",\"potentialAction\":[{\"@type\":\"CommentAction\",\"name\":\"Comment\",\"target\":[\"https:\/\/www.metagal.com.br\/blog\/carro-voador-em-sao-paulo-vem-ai-a-primeira-fabrica-no-brasil\/#respond\"]}]},{\"@type\":\"WebPage\",\"@id\":\"https:\/\/www.metagal.com.br\/blog\/carro-voador-em-sao-paulo-vem-ai-a-primeira-fabrica-no-brasil\/\",\"url\":\"https:\/\/www.metagal.com.br\/blog\/carro-voador-em-sao-paulo-vem-ai-a-primeira-fabrica-no-brasil\/\",\"name\":\"Carro voador em S\u00e3o Paulo? Vem a\u00ed a primeira f\u00e1brica no Brasil\",\"isPartOf\":{\"@id\":\"https:\/\/www.metagal.com.br\/blog\/#website\"},\"primaryImageOfPage\":{\"@id\":\"https:\/\/www.metagal.com.br\/blog\/carro-voador-em-sao-paulo-vem-ai-a-primeira-fabrica-no-brasil\/#primaryimage\"},\"image\":{\"@id\":\"https:\/\/www.metagal.com.br\/blog\/carro-voador-em-sao-paulo-vem-ai-a-primeira-fabrica-no-brasil\/#primaryimage\"},\"thumbnailUrl\":\"https:\/\/www.metagal.com.br\/blog\/wp-content\/uploads\/2023\/12\/BLOGPOST2-NOV-PARTE1-METAGAL.png\",\"datePublished\":\"2023-12-06T15:28:09+00:00\",\"description\":\"A cidade de Taubat\u00e9 - SP receber\u00e1 a primeira f\u00e1brica de carro voador no Brasil. Um total de 28 empresas j\u00e1 encomendaram esses ve\u00edculos\",\"breadcrumb\":{\"@id\":\"https:\/\/www.metagal.com.br\/blog\/carro-voador-em-sao-paulo-vem-ai-a-primeira-fabrica-no-brasil\/#breadcrumb\"},\"inLanguage\":\"pt-BR\",\"potentialAction\":[{\"@type\":\"ReadAction\",\"target\":[\"https:\/\/www.metagal.com.br\/blog\/carro-voador-em-sao-paulo-vem-ai-a-primeira-fabrica-no-brasil\/\"]}]},{\"@type\":\"ImageObject\",\"inLanguage\":\"pt-BR\",\"@id\":\"https:\/\/www.metagal.com.br\/blog\/carro-voador-em-sao-paulo-vem-ai-a-primeira-fabrica-no-brasil\/#primaryimage\",\"url\":\"https:\/\/www.metagal.com.br\/blog\/wp-content\/uploads\/2023\/12\/BLOGPOST2-NOV-PARTE1-METAGAL.png\",\"contentUrl\":\"https:\/\/www.metagal.com.br\/blog\/wp-content\/uploads\/2023\/12\/BLOGPOST2-NOV-PARTE1-METAGAL.png\",\"width\":1920,\"height\":1080,\"caption\":\"Header para BP sobre carros voadores\"},{\"@type\":\"BreadcrumbList\",\"@id\":\"https:\/\/www.metagal.com.br\/blog\/carro-voador-em-sao-paulo-vem-ai-a-primeira-fabrica-no-brasil\/#breadcrumb\",\"itemListElement\":[{\"@type\":\"ListItem\",\"position\":1,\"name\":\"In\u00edcio\",\"item\":\"https:\/\/www.metagal.com.br\/blog\/\"},{\"@type\":\"ListItem\",\"position\":2,\"name\":\"Carro voador em S\u00e3o Paulo? Vem a\u00ed a primeira f\u00e1brica no Brasil\"}]},{\"@type\":\"WebSite\",\"@id\":\"https:\/\/www.metagal.com.br\/blog\/#website\",\"url\":\"https:\/\/www.metagal.com.br\/blog\/\",\"name\":\"Blog Metagal\",\"description\":\"Metagal | L\u00edder no desenvolvimento e produ\u00e7\u00e3o de espelhos retrovisores\",\"publisher\":{\"@id\":\"https:\/\/www.metagal.com.br\/blog\/#organization\"},\"potentialAction\":[{\"@type\":\"SearchAction\",\"target\":{\"@type\":\"EntryPoint\",\"urlTemplate\":\"https:\/\/www.metagal.com.br\/blog\/?s={search_term_string}\"},\"query-input\":{\"@type\":\"PropertyValueSpecification\",\"valueRequired\":true,\"valueName\":\"search_term_string\"}}],\"inLanguage\":\"pt-BR\"},{\"@type\":\"Organization\",\"@id\":\"https:\/\/www.metagal.com.br\/blog\/#organization\",\"name\":\"Metagal - L\u00edder em Desenvolvimento e Produ\u00e7\u00e3o de Espelhos Retrovisores\",\"url\":\"https:\/\/www.metagal.com.br\/blog\/\",\"logo\":{\"@type\":\"ImageObject\",\"inLanguage\":\"pt-BR\",\"@id\":\"https:\/\/www.metagal.com.br\/blog\/#\/schema\/logo\/image\/\",\"url\":\"https:\/\/www.metagal.com.br\/blog\/wp-content\/uploads\/2018\/11\/Favicon.png\",\"contentUrl\":\"https:\/\/www.metagal.com.br\/blog\/wp-content\/uploads\/2018\/11\/Favicon.png\",\"width\":100,\"height\":100,\"caption\":\"Metagal - L\u00edder em Desenvolvimento e Produ\u00e7\u00e3o de Espelhos Retrovisores\"},\"image\":{\"@id\":\"https:\/\/www.metagal.com.br\/blog\/#\/schema\/logo\/image\/\"}},{\"@type\":\"Person\",\"@id\":\"https:\/\/www.metagal.com.br\/blog\/#\/schema\/person\/86708538b26ec57abb56975e5bc3f3bf\",\"name\":\"Metagal\",\"image\":{\"@type\":\"ImageObject\",\"inLanguage\":\"pt-BR\",\"@id\":\"https:\/\/www.metagal.com.br\/blog\/#\/schema\/person\/image\/\",\"url\":\"https:\/\/secure.gravatar.com\/avatar\/5b99f1b1706488192643fded2a661508?s=96&d=mm&r=g\",\"contentUrl\":\"https:\/\/secure.gravatar.com\/avatar\/5b99f1b1706488192643fded2a661508?s=96&d=mm&r=g\",\"caption\":\"Metagal\"},\"url\":\"https:\/\/www.metagal.com.br\/blog\/autor\/layerup\/\"}]}<\/script>\n<!-- \/ Yoast SEO plugin. -->","yoast_head_json":{"title":"Carro voador em S\u00e3o Paulo? Vem a\u00ed a primeira f\u00e1brica no Brasil","description":"A cidade de Taubat\u00e9 - SP receber\u00e1 a primeira f\u00e1brica de carro voador no Brasil. Um total de 28 empresas j\u00e1 encomendaram esses ve\u00edculos","robots":{"index":"index","follow":"follow","max-snippet":"max-snippet:-1","max-image-preview":"max-image-preview:large","max-video-preview":"max-video-preview:-1"},"canonical":"https:\/\/www.metagal.com.br\/blog\/carro-voador-em-sao-paulo-vem-ai-a-primeira-fabrica-no-brasil\/","og_locale":"pt_BR","og_type":"article","og_title":"Carro voador em S\u00e3o Paulo? Vem a\u00ed a primeira f\u00e1brica no Brasil","og_description":"A cidade de Taubat\u00e9 - SP receber\u00e1 a primeira f\u00e1brica de carro voador no Brasil. Um total de 28 empresas j\u00e1 encomendaram esses ve\u00edculos","og_url":"https:\/\/www.metagal.com.br\/blog\/carro-voador-em-sao-paulo-vem-ai-a-primeira-fabrica-no-brasil\/","og_site_name":"Blog Metagal","article_published_time":"2023-12-06T15:28:09+00:00","og_image":[{"width":1920,"height":1080,"url":"https:\/\/www.metagal.com.br\/blog\/wp-content\/uploads\/2023\/12\/BLOGPOST2-NOV-PARTE1-METAGAL.png","type":"image\/png"}],"author":"Metagal","twitter_card":"summary_large_image","twitter_misc":{"Escrito por":"Metagal","Est. tempo de leitura":"5 minutos"},"schema":{"@context":"https:\/\/schema.org","@graph":[{"@type":"Article","@id":"https:\/\/www.metagal.com.br\/blog\/carro-voador-em-sao-paulo-vem-ai-a-primeira-fabrica-no-brasil\/#article","isPartOf":{"@id":"https:\/\/www.metagal.com.br\/blog\/carro-voador-em-sao-paulo-vem-ai-a-primeira-fabrica-no-brasil\/"},"author":{"name":"Metagal","@id":"https:\/\/www.metagal.com.br\/blog\/#\/schema\/person\/86708538b26ec57abb56975e5bc3f3bf"},"headline":"Carro voador em S\u00e3o Paulo? Vem a\u00ed a primeira f\u00e1brica no Brasil","datePublished":"2023-12-06T15:28:09+00:00","mainEntityOfPage":{"@id":"https:\/\/www.metagal.com.br\/blog\/carro-voador-em-sao-paulo-vem-ai-a-primeira-fabrica-no-brasil\/"},"wordCount":979,"commentCount":0,"publisher":{"@id":"https:\/\/www.metagal.com.br\/blog\/#organization"},"image":{"@id":"https:\/\/www.metagal.com.br\/blog\/carro-voador-em-sao-paulo-vem-ai-a-primeira-fabrica-no-brasil\/#primaryimage"},"thumbnailUrl":"https:\/\/www.metagal.com.br\/blog\/wp-content\/uploads\/2023\/12\/BLOGPOST2-NOV-PARTE1-METAGAL.png","keywords":["Carro conectado","Carro que muda de cor","Carro voador","carros voadores","Cityhawk","Dire\u00e7\u00e3o de emerg\u00eancia","eVTOL","Realidade aumentada","Urban Aeronautics"],"articleSection":["Tecnologia"],"inLanguage":"pt-BR","potentialAction":[{"@type":"CommentAction","name":"Comment","target":["https:\/\/www.metagal.com.br\/blog\/carro-voador-em-sao-paulo-vem-ai-a-primeira-fabrica-no-brasil\/#respond"]}]},{"@type":"WebPage","@id":"https:\/\/www.metagal.com.br\/blog\/carro-voador-em-sao-paulo-vem-ai-a-primeira-fabrica-no-brasil\/","url":"https:\/\/www.metagal.com.br\/blog\/carro-voador-em-sao-paulo-vem-ai-a-primeira-fabrica-no-brasil\/","name":"Carro voador em S\u00e3o Paulo? Vem a\u00ed a primeira f\u00e1brica no Brasil","isPartOf":{"@id":"https:\/\/www.metagal.com.br\/blog\/#website"},"primaryImageOfPage":{"@id":"https:\/\/www.metagal.com.br\/blog\/carro-voador-em-sao-paulo-vem-ai-a-primeira-fabrica-no-brasil\/#primaryimage"},"image":{"@id":"https:\/\/www.metagal.com.br\/blog\/carro-voador-em-sao-paulo-vem-ai-a-primeira-fabrica-no-brasil\/#primaryimage"},"thumbnailUrl":"https:\/\/www.metagal.com.br\/blog\/wp-content\/uploads\/2023\/12\/BLOGPOST2-NOV-PARTE1-METAGAL.png","datePublished":"2023-12-06T15:28:09+00:00","description":"A cidade de Taubat\u00e9 - SP receber\u00e1 a primeira f\u00e1brica de carro voador no Brasil. Um total de 28 empresas j\u00e1 encomendaram esses ve\u00edculos","breadcrumb":{"@id":"https:\/\/www.metagal.com.br\/blog\/carro-voador-em-sao-paulo-vem-ai-a-primeira-fabrica-no-brasil\/#breadcrumb"},"inLanguage":"pt-BR","potentialAction":[{"@type":"ReadAction","target":["https:\/\/www.metagal.com.br\/blog\/carro-voador-em-sao-paulo-vem-ai-a-primeira-fabrica-no-brasil\/"]}]},{"@type":"ImageObject","inLanguage":"pt-BR","@id":"https:\/\/www.metagal.com.br\/blog\/carro-voador-em-sao-paulo-vem-ai-a-primeira-fabrica-no-brasil\/#primaryimage","url":"https:\/\/www.metagal.com.br\/blog\/wp-content\/uploads\/2023\/12\/BLOGPOST2-NOV-PARTE1-METAGAL.png","contentUrl":"https:\/\/www.metagal.com.br\/blog\/wp-content\/uploads\/2023\/12\/BLOGPOST2-NOV-PARTE1-METAGAL.png","width":1920,"height":1080,"caption":"Header para BP sobre carros voadores"},{"@type":"BreadcrumbList","@id":"https:\/\/www.metagal.com.br\/blog\/carro-voador-em-sao-paulo-vem-ai-a-primeira-fabrica-no-brasil\/#breadcrumb","itemListElement":[{"@type":"ListItem","position":1,"name":"In\u00edcio","item":"https:\/\/www.metagal.com.br\/blog\/"},{"@type":"ListItem","position":2,"name":"Carro voador em S\u00e3o Paulo? Vem a\u00ed a primeira f\u00e1brica no Brasil"}]},{"@type":"WebSite","@id":"https:\/\/www.metagal.com.br\/blog\/#website","url":"https:\/\/www.metagal.com.br\/blog\/","name":"Blog Metagal","description":"Metagal | L\u00edder no desenvolvimento e produ\u00e7\u00e3o de espelhos retrovisores","publisher":{"@id":"https:\/\/www.metagal.com.br\/blog\/#organization"},"potentialAction":[{"@type":"SearchAction","target":{"@type":"EntryPoint","urlTemplate":"https:\/\/www.metagal.com.br\/blog\/?s={search_term_string}"},"query-input":{"@type":"PropertyValueSpecification","valueRequired":true,"valueName":"search_term_string"}}],"inLanguage":"pt-BR"},{"@type":"Organization","@id":"https:\/\/www.metagal.com.br\/blog\/#organization","name":"Metagal - L\u00edder em Desenvolvimento e Produ\u00e7\u00e3o de Espelhos Retrovisores","url":"https:\/\/www.metagal.com.br\/blog\/","logo":{"@type":"ImageObject","inLanguage":"pt-BR","@id":"https:\/\/www.metagal.com.br\/blog\/#\/schema\/logo\/image\/","url":"https:\/\/www.metagal.com.br\/blog\/wp-content\/uploads\/2018\/11\/Favicon.png","contentUrl":"https:\/\/www.metagal.com.br\/blog\/wp-content\/uploads\/2018\/11\/Favicon.png","width":100,"height":100,"caption":"Metagal - L\u00edder em Desenvolvimento e Produ\u00e7\u00e3o de Espelhos Retrovisores"},"image":{"@id":"https:\/\/www.metagal.com.br\/blog\/#\/schema\/logo\/image\/"}},{"@type":"Person","@id":"https:\/\/www.metagal.com.br\/blog\/#\/schema\/person\/86708538b26ec57abb56975e5bc3f3bf","name":"Metagal","image":{"@type":"ImageObject","inLanguage":"pt-BR","@id":"https:\/\/www.metagal.com.br\/blog\/#\/schema\/person\/image\/","url":"https:\/\/secure.gravatar.com\/avatar\/5b99f1b1706488192643fded2a661508?s=96&d=mm&r=g","contentUrl":"https:\/\/secure.gravatar.com\/avatar\/5b99f1b1706488192643fded2a661508?s=96&d=mm&r=g","caption":"Metagal"},"url":"https:\/\/www.metagal.com.br\/blog\/autor\/layerup\/"}]}},"_links":{"self":[{"href":"https:\/\/www.metagal.com.br\/blog\/wp-json\/wp\/v2\/posts\/5021","targetHints":{"allow":["GET"]}}],"collection":[{"href":"https:\/\/www.metagal.com.br\/blog\/wp-json\/wp\/v2\/posts"}],"about":[{"href":"https:\/\/www.metagal.com.br\/blog\/wp-json\/wp\/v2\/types\/post"}],"author":[{"embeddable":true,"href":"https:\/\/www.metagal.com.br\/blog\/wp-json\/wp\/v2\/users\/1"}],"replies":[{"embeddable":true,"href":"https:\/\/www.metagal.com.br\/blog\/wp-json\/wp\/v2\/comments?post=5021"}],"version-history":[{"count":1,"href":"https:\/\/www.metagal.com.br\/blog\/wp-json\/wp\/v2\/posts\/5021\/revisions"}],"predecessor-version":[{"id":5027,"href":"https:\/\/www.metagal.com.br\/blog\/wp-json\/wp\/v2\/posts\/5021\/revisions\/5027"}],"wp:featuredmedia":[{"embeddable":true,"href":"https:\/\/www.metagal.com.br\/blog\/wp-json\/wp\/v2\/media\/5022"}],"wp:attachment":[{"href":"https:\/\/www.metagal.com.br\/blog\/wp-json\/wp\/v2\/media?parent=5021"}],"wp:term":[{"taxonomy":"category","embeddable":true,"href":"https:\/\/www.metagal.com.br\/blog\/wp-json\/wp\/v2\/categories?post=5021"},{"taxonomy":"post_tag","embeddable":true,"href":"https:\/\/www.metagal.com.br\/blog\/wp-json\/wp\/v2\/tags?post=5021"}],"curies":[{"name":"wp","href":"https:\/\/api.w.org\/{rel}","templated":true}]}}