{"id":5218,"date":"2025-02-10T10:00:07","date_gmt":"2025-02-10T13:00:07","guid":{"rendered":"https:\/\/www.metagal.com.br\/blog\/?p=5218"},"modified":"2025-08-07T12:25:04","modified_gmt":"2025-08-07T15:25:04","slug":"carros-no-brasil-que-geraram-tendencia-na-industria","status":"publish","type":"post","link":"https:\/\/www.metagal.com.br\/blog\/carros-no-brasil-que-geraram-tendencia-na-industria\/","title":{"rendered":"Carros no Brasil que geraram tend\u00eancia na ind\u00fastria"},"content":{"rendered":"<p><span style=\"font-weight: 400;\">Os carros no Brasil, ao adotarem padr\u00f5es inovadores, contribu\u00edram para a cria\u00e7\u00e3o de novas tend\u00eancias no mercado automotivo nacional, que rapidamente se popularizaram.<\/span><\/p>\n<p><span style=\"font-weight: 400;\">\u00c0s vezes com um simples detalhe funcional, outrora com algo advindo de exemplares passados, mas sempre com uma <\/span><b>ideia interessante que repagina o cen\u00e1rio automotivo brasileiro<\/b><span style=\"font-weight: 400;\">.<\/span><\/p>\n<p><span style=\"font-weight: 400;\">Quer conferir que detalhes s\u00e3o esses que viraram tend\u00eancias? \u00c9 s\u00f3 continuar lendo o artigo.<\/span><\/p>\n<p>&nbsp;<\/p>\n<h2><b>Tend\u00eancias em carros no Brasil<\/b><\/h2>\n<p><span style=\"font-weight: 400;\">Parecido com<\/span> <span style=\"font-weight: 400;\">o \u201cvai e vem\u201d da moda, as ind\u00fastrias automotivas nacionais tamb\u00e9m se reinventam e lan\u00e7am tend\u00eancias. Agora, vamos explorar quais s\u00e3o elas, seguindo alguns itens levantados pelo <\/span><a href=\"https:\/\/autoesporte.globo.com\/setor-automotivo\/mercado-automotivo\/noticia\/2024\/10\/7-tendencias-lancadas-carros-vendidos-brasil-viraram-febre.ghtml\"><span style=\"font-weight: 400;\">Autoesporte<\/span><\/a><span style=\"font-weight: 400;\">.<\/span><\/p>\n<p><img loading=\"lazy\" decoding=\"async\" class=\"aligncenter wp-image-5226 size-full\" src=\"https:\/\/www.metagal.com.br\/blog\/wp-content\/uploads\/2025\/01\/BLOGPOST1-FEV-PARTE2-METAGAL.png\" alt=\"Painel multim\u00eddia\" width=\"765\" height=\"496\" srcset=\"https:\/\/www.metagal.com.br\/blog\/wp-content\/uploads\/2025\/01\/BLOGPOST1-FEV-PARTE2-METAGAL.png 765w, https:\/\/www.metagal.com.br\/blog\/wp-content\/uploads\/2025\/01\/BLOGPOST1-FEV-PARTE2-METAGAL-300x195.png 300w\" sizes=\"auto, (max-width: 765px) 100vw, 765px\" \/><\/p>\n<p><span style=\"font-weight: 400;\">Come\u00e7ando por uma tend\u00eancia menos inovadora, os pain\u00e9is multim\u00eddias n\u00e3o eram exatamente uma novidade no mundo quando foram lan\u00e7ados no Brasil em 2012. Por\u00e9m, assim que essa ideia apareceu por aqui, virou moda. Agora todas as ind\u00fastrias brasileiras j\u00e1 sabem que esse item n\u00e3o pode faltar nos carros do Brasil.<\/span><\/p>\n<p>&nbsp;<\/p>\n<h3><b>Urbanos aventureiros?<\/b><\/h3>\n<p><img loading=\"lazy\" decoding=\"async\" class=\"aligncenter wp-image-5225 size-full\" src=\"https:\/\/www.metagal.com.br\/blog\/wp-content\/uploads\/2025\/01\/BLOGPOST1-FEV-PARTE3-METAGAL.png\" alt=\"Carro adventure\" width=\"765\" height=\"496\" srcset=\"https:\/\/www.metagal.com.br\/blog\/wp-content\/uploads\/2025\/01\/BLOGPOST1-FEV-PARTE3-METAGAL.png 765w, https:\/\/www.metagal.com.br\/blog\/wp-content\/uploads\/2025\/01\/BLOGPOST1-FEV-PARTE3-METAGAL-300x195.png 300w\" sizes=\"auto, (max-width: 765px) 100vw, 765px\" \/><\/p>\n<p><span style=\"font-weight: 400;\">Os carros de passeio j\u00e1 s\u00e3o vistos rodando por aqui com v\u00e1rias caracter\u00edsticas de ve\u00edculos off-road, como, por exemplo, uma suspens\u00e3o mais alta e uma roda reserva na traseira; sem falar dos estilos de pneus mais aderentes. Mas voc\u00ea sabia que isso come\u00e7ou l\u00e1 na d\u00e9cada de 90?<\/span><\/p>\n<p><span style=\"font-weight: 400;\">Pois \u00e9, foi nos anos finais dessa \u00e9poca que surgiu o primeiro carro de passeio adventure. E n\u00e3o \u00e9 que a ideia colou?<\/span><\/p>\n<p>&nbsp;<\/p>\n<h3><b>Lanternas separadas<\/b><\/h3>\n<p>&nbsp;<\/p>\n<p><img loading=\"lazy\" decoding=\"async\" class=\"aligncenter wp-image-5230 size-full\" src=\"https:\/\/www.metagal.com.br\/blog\/wp-content\/uploads\/2025\/01\/MG_Blogpost2_Fev_2025_V2-05.png\" alt=\"Lanternas separadas\" width=\"765\" height=\"496\" srcset=\"https:\/\/www.metagal.com.br\/blog\/wp-content\/uploads\/2025\/01\/MG_Blogpost2_Fev_2025_V2-05.png 765w, https:\/\/www.metagal.com.br\/blog\/wp-content\/uploads\/2025\/01\/MG_Blogpost2_Fev_2025_V2-05-300x195.png 300w\" sizes=\"auto, (max-width: 765px) 100vw, 765px\" \/><\/p>\n<p><span style=\"font-weight: 400;\">Essa \u00e9 uma tend\u00eancia mais recente, que come\u00e7ou por volta de 2015 por aqui. Antes os carros no Brasil tinham seu conjunto \u00f3ptico, principalmente o dianteiro, bem juntinho, com as lanternas se encostando.<\/span><\/p>\n<p><span style=\"font-weight: 400;\">Agora \u00e9 comum ver ve\u00edculos com esses far\u00f3is separados. Isso interfere no design, deixando-o mais moderno. \u00c9 uma mudan\u00e7a que est\u00e1 fazendo sucesso no pa\u00eds e parece ter vindo para ficar.<\/span><\/p>\n<p>&nbsp;<\/p>\n<h3><b>Pintura dupla<\/b><\/h3>\n<p><span style=\"font-weight: 400;\">Popularizada na \u00e9poca das Kombis, quando a Volkswagen lan\u00e7ou esses ve\u00edculos com duas pinturas na d\u00e9cada de 50 e 60, as chamadas \u201cpinturas bitom\u201d voltaram com tudo no Brasil em 2016.<\/span><\/p>\n<p><img loading=\"lazy\" decoding=\"async\" class=\"aligncenter wp-image-5224 size-full\" src=\"https:\/\/www.metagal.com.br\/blog\/wp-content\/uploads\/2025\/01\/BLOGPOST1-FEV-PARTE4-METAGAL.png\" alt=\"Pintura dupla\" width=\"765\" height=\"496\" srcset=\"https:\/\/www.metagal.com.br\/blog\/wp-content\/uploads\/2025\/01\/BLOGPOST1-FEV-PARTE4-METAGAL.png 765w, https:\/\/www.metagal.com.br\/blog\/wp-content\/uploads\/2025\/01\/BLOGPOST1-FEV-PARTE4-METAGAL-300x195.png 300w\" sizes=\"auto, (max-width: 765px) 100vw, 765px\" \/><\/p>\n<p><span style=\"font-weight: 400;\">Agora \u00e9 muito mais f\u00e1cil ver carrocerias pintadas com duas cores diferentes \u2014 geralmente teto e laterais distinguindo-se \u2014 em ve\u00edculos rodando por a\u00ed.<\/span><\/p>\n<p>&nbsp;<\/p>\n<h3><b>Picapes e suas inova\u00e7\u00f5es<\/b><\/h3>\n<p><span style=\"font-weight: 400;\">Uma das primeiras mudan\u00e7as foi o degrau pr\u00f3ximo a roda traseira, que serve para facilitar o acesso \u00e0 ca\u00e7amba da picape. Essa ideia j\u00e1 era comum l\u00e1 pelos Estados Unidos, mas aqui no Brasil s\u00f3 come\u00e7ou por volta da d\u00e9cada de 90.<\/span><\/p>\n<p><span style=\"font-weight: 400;\">E quando ela surgiu, todas as montadoras come\u00e7aram a aderir \u00e0 ideia e incorpor\u00e1-la em suas picapes.<\/span><\/p>\n<p><span style=\"font-weight: 400;\">Outra situa\u00e7\u00e3o s\u00e3o as portas duplas. Era impens\u00e1vel que uma picape, um ve\u00edculo de porte e apar\u00eancia pesada, ficasse \u201cleve\u201d com duas portas, uma vez que ela \u00e9 conhecida por uma enorme ca\u00e7amba.<\/span><\/p>\n<p><img loading=\"lazy\" decoding=\"async\" class=\"aligncenter wp-image-5222 size-full\" src=\"https:\/\/www.metagal.com.br\/blog\/wp-content\/uploads\/2025\/01\/BLOGPOST1-FEV-PARTE6-METAGAL.png\" alt=\"Picape com degrau\" width=\"765\" height=\"496\" srcset=\"https:\/\/www.metagal.com.br\/blog\/wp-content\/uploads\/2025\/01\/BLOGPOST1-FEV-PARTE6-METAGAL.png 765w, https:\/\/www.metagal.com.br\/blog\/wp-content\/uploads\/2025\/01\/BLOGPOST1-FEV-PARTE6-METAGAL-300x195.png 300w\" sizes=\"auto, (max-width: 765px) 100vw, 765px\" \/><\/p>\n<p><span style=\"font-weight: 400;\">Contudo, foi exatamente isso que aconteceu por aqui em 2013. A cabine dupla come\u00e7ou com apenas uma terceira porta no lado direito da picape, o do passageiro. Somente em 2020 \u00e9 que a primeira picape surgiu com quatro portas, aumentando o espa\u00e7o interno.<\/span><\/p>\n<p>&nbsp;<\/p>\n<h2><b>Outras tend\u00eancias brasileiras<\/b><\/h2>\n<p><span style=\"font-weight: 400;\">Al\u00e9m das transforma\u00e7\u00f5es listadas acima, trouxemos mais duas que ocorreram conforme necessidade do mercado automotivo brasileiro. Confira abaixo quais s\u00e3o elas.<\/span><\/p>\n<p>&nbsp;<\/p>\n<h3><b>20 anos de carros flex<\/b><\/h3>\n<p><span style=\"font-weight: 400;\">Parece que foi ontem, mas os carros flex existem h\u00e1 uns 20 anos por aqui. <\/span><a href=\"https:\/\/www.gov.br\/secom\/pt-br\/assuntos\/noticias\/2023\/03\/20-anos-de-carros-flex-no-brasil#:~:text=Em%201994%20a%20Bosch%20criou,Brasil%2C%20um%20Chevrolet%20Omega%202.0\"><span style=\"font-weight: 400;\">O Pro\u00e1lcool, em 1979<\/span><\/a><span style=\"font-weight: 400;\">, teve o objetivo de inserir o <\/span><a href=\"https:\/\/www.metagal.com.br\/blog\/etanol-recurso-energetico-alternativa-ecologica\/?utm_medium=blogpost&amp;utm_source=site&amp;utm_campaign=tendencias-nos-carros-no-brasil&amp;utm_term=trafego&amp;utm_content=hiperlink\"><span style=\"font-weight: 400;\">etanol<\/span><\/a><span style=\"font-weight: 400;\"> gradualmente no processo de substitui\u00e7\u00e3o da gasolina com a ideia de emitir menos gases poluentes.\u00a0<\/span><\/p>\n<p><img loading=\"lazy\" decoding=\"async\" class=\"aligncenter wp-image-5221 size-full\" src=\"https:\/\/www.metagal.com.br\/blog\/wp-content\/uploads\/2025\/01\/BLOGPOST1-FEV-PARTE7-METAGAL.png\" alt=\"Carro flex\" width=\"765\" height=\"496\" srcset=\"https:\/\/www.metagal.com.br\/blog\/wp-content\/uploads\/2025\/01\/BLOGPOST1-FEV-PARTE7-METAGAL.png 765w, https:\/\/www.metagal.com.br\/blog\/wp-content\/uploads\/2025\/01\/BLOGPOST1-FEV-PARTE7-METAGAL-300x195.png 300w\" sizes=\"auto, (max-width: 765px) 100vw, 765px\" \/><\/p>\n<p><span style=\"font-weight: 400;\">Essa resolu\u00e7\u00e3o propiciou mudan\u00e7as nos autom\u00f3veis para <\/span><b>motores que conseguissem processar dois tipos de combust\u00e3o<\/b><span style=\"font-weight: 400;\">. Isso virou tend\u00eancia e hoje \u00e9 muito comum ver carros no Brasil que possuem motores flex.<\/span><\/p>\n<p>&nbsp;<\/p>\n<h3><b>Suspens\u00e3o mais \u2018robusta\u2019?<\/b><\/h3>\n<p><span style=\"font-weight: 400;\">Sim! Os carros no Brasil<\/span><b> precisam de uma suspens\u00e3o mais forte<\/b><span style=\"font-weight: 400;\"> porque as nossas estradas s\u00e3o mais irregulares, com desn\u00edveis, tornando a dire\u00e7\u00e3o mais desconfort\u00e1vel, com trepida\u00e7\u00f5es.<\/span><\/p>\n<p><img loading=\"lazy\" decoding=\"async\" class=\"aligncenter wp-image-5220 size-full\" src=\"https:\/\/www.metagal.com.br\/blog\/wp-content\/uploads\/2025\/01\/BLOGPOST1-FEV-PARTE8-METAGAL.png\" alt=\"Suspens\u00e3o robusta\" width=\"765\" height=\"496\" srcset=\"https:\/\/www.metagal.com.br\/blog\/wp-content\/uploads\/2025\/01\/BLOGPOST1-FEV-PARTE8-METAGAL.png 765w, https:\/\/www.metagal.com.br\/blog\/wp-content\/uploads\/2025\/01\/BLOGPOST1-FEV-PARTE8-METAGAL-300x195.png 300w\" sizes=\"auto, (max-width: 765px) 100vw, 765px\" \/><\/p>\n<p><span style=\"font-weight: 400;\">Essa mudan\u00e7a come\u00e7ou l\u00e1 em 1986, quando foi observado que <\/span><a href=\"https:\/\/www20.opovo.com.br\/app\/opovo\/veiculos\/2014\/10\/14\/noticiasjornalveiculos,3330758\/a-culpa-tambem-e-do-motorista.shtml\"><b>as suspens\u00f5es trad<\/b><b>icionais que vinham de outros pa\u00edses n\u00e3o serviam para c\u00e1<\/b><\/a><span style=\"font-weight: 400;\">.<\/span><\/p>\n<p><span style=\"font-weight: 400;\">Ent\u00e3o os \u00f3rg\u00e3os regulamentadores come\u00e7aram a exigir adapta\u00e7\u00f5es para as estradas brasileiras e, assim, a tend\u00eancia ficou. Interessante, n\u00e3o \u00e9?<\/span><\/p>\n<h2><\/h2>\n<h2><b>Hist\u00f3ria dos carros no Brasil<\/b><\/h2>\n<p><span style=\"font-weight: 400;\">Pensar nessas mudan\u00e7as recentes, que parecem que sempre existiram, traz uma reflex\u00e3o sobre a hist\u00f3ria dos carros no Brasil. Eles come\u00e7aram a circular por aqui <\/span><a href=\"https:\/\/www.uol.com.br\/carros\/noticias\/redacao\/2020\/05\/02\/santos-dumont-trouxe-carro-ao-brasil-mas-nao-foi-o-1-a-emplacar-veiculo.htm\"><span style=\"font-weight: 400;\">apenas em 1891, sendo usados por ningu\u00e9m menos que Santos Dumont.<\/span><span style=\"font-weight: 400;\"><br \/>\n<\/span><\/a><\/p>\n<p><span style=\"font-weight: 400;\">Sim, <\/span><b>o pai da avia\u00e7\u00e3o trouxe o primeiro carro para o nosso pa\u00eds<\/b><span style=\"font-weight: 400;\">, que desembarcou em S\u00e3o Paulo. A partir de ent\u00e3o a hist\u00f3ria dos autom\u00f3veis come\u00e7ou oficialmente no Brasil.<\/span><span style=\"font-weight: 400;\"><br \/>\n<\/span><\/p>\n<p><span style=\"font-weight: 400;\">\u00c9 interessante pensar que <\/span><b>h\u00e1 pouco mais de 1 s\u00e9culo n\u00e3o havia nenhum carro por aqui<\/b><span style=\"font-weight: 400;\">. Mas a hist\u00f3ria do carro no mundo tamb\u00e9m \u00e9 curta, se pararmos para lembrar que o <\/span><a href=\"https:\/\/canaltech.com.br\/carros\/qual-foi-o-primeiro-carro-do-mundo-a-resposta-pode-surpreender-194700\/\"><b>primeiro autom\u00f3vel s\u00f3 surgiu em 1870<\/b><\/a><span style=\"font-weight: 400;\">, pouqu\u00edssimo tempo antes dos carros no Brasil.<\/span><span style=\"font-weight: 400;\"><br \/>\n<\/span><\/p>\n<p><span style=\"font-weight: 400;\">E olha como esses ve\u00edculos mudaram tanto em pouco mais de 150 anos!\u00a0<\/span><\/p>\n<p>&nbsp;<\/p>\n<h2><b>Mudan\u00e7as nos carros ao longo dos anos<\/b><\/h2>\n<p><span style=\"font-weight: 400;\">A tecnologia e a inova\u00e7\u00e3o s\u00e3o as grandes for\u00e7as motrizes que permitiram o avan\u00e7o acelerado no universo automotivo, transformando os primeiros carros \u2014 que mais pareciam uma carro\u00e7a \u2014 aos ve\u00edculos modernos que vemos nas pistas hoje em dia.<\/span><\/p>\n<p><span style=\"font-weight: 400;\">As mudan\u00e7as nesses 154 anos de hist\u00f3ria permitiram que v\u00e1rios modelos surgissem e, assim, muitos dos seus acess\u00f3rios tamb\u00e9m evolu\u00edssem.\u00a0<\/span><\/p>\n<p><span style=\"font-weight: 400;\">Para entender melhor essas transforma\u00e7\u00f5es automotivas, a<\/span><b> Metagal produziu dois materiais<\/b><span style=\"font-weight: 400;\"> que evocam outras \u00e9pocas e nos ambientalizam nessa curta hist\u00f3ria dos carros no Brasil e no mundo. S\u00e3o elas:<\/span><b><\/b><\/p>\n<ul>\n<li aria-level=\"1\"><a href=\"https:\/\/materiais.metagal.com.br\/carros-classicos-brasil-metagal?utm_medium=blogpost&amp;utm_source=site&amp;utm_campaign=tendencias-nos-carros-no-brasil&amp;utm_term=conversao&amp;utm_content=hiperlink\"><b>Carros cl\u00e1ssicos que marcaram \u00e9poca no Brasil e na Metagal<\/b><\/a><\/li>\n<li aria-level=\"1\"><a href=\"https:\/\/materiais.metagal.com.br\/retrovisores-para-carros?utm_medium=blogpost&amp;utm_source=site&amp;utm_campaign=tendencias-nos-carros-no-brasil&amp;utm_term=conversao&amp;utm_content=hiperlink\"><b>Conhe\u00e7a a evolu\u00e7\u00e3o dos retrovisores para carros<\/b><\/a><\/li>\n<\/ul>\n<p><span style=\"font-weight: 400;\">E para se inteirar ainda mais sobre o assunto, n\u00e3o deixe de ler<\/span><b> nosso artigo<\/b><span style=\"font-weight: 400;\"> sobre a <\/span><b>hist\u00f3ria do retrovisor<\/b><span style=\"font-weight: 400;\"> at\u00e9 os dias atuais.<\/span><\/p>\n<p><a href=\"https:\/\/www.metagal.com.br\/blog\/conheca-a-historia-do-retrovisor-de-carro-e-sua-evolucao\/?utm_medium=blogpost&amp;utm_source=site&amp;utm_campaign=tendencias-nos-carros-no-brasil&amp;utm_term=trafego&amp;utm_content=cta\"><img loading=\"lazy\" decoding=\"async\" class=\"aligncenter wp-image-5219 size-full\" src=\"https:\/\/www.metagal.com.br\/blog\/wp-content\/uploads\/2025\/01\/BLOGPOST1-FEV-PARTE9-METAGAL.png\" alt=\"CTA para BP sobre carros no Brasil que trouxeram tend\u00eancias\" width=\"900\" height=\"300\" srcset=\"https:\/\/www.metagal.com.br\/blog\/wp-content\/uploads\/2025\/01\/BLOGPOST1-FEV-PARTE9-METAGAL.png 900w, https:\/\/www.metagal.com.br\/blog\/wp-content\/uploads\/2025\/01\/BLOGPOST1-FEV-PARTE9-METAGAL-300x100.png 300w, https:\/\/www.metagal.com.br\/blog\/wp-content\/uploads\/2025\/01\/BLOGPOST1-FEV-PARTE9-METAGAL-768x256.png 768w\" sizes=\"auto, (max-width: 900px) 100vw, 900px\" \/><\/a><\/p>\n","protected":false},"excerpt":{"rendered":"<p>Os carros no Brasil, ao adotarem padr\u00f5es inovadores, contribu\u00edram para a cria\u00e7\u00e3o de novas tend\u00eancias no mercado automotivo nacional, que&#8230;<\/p>\n","protected":false},"author":1,"featured_media":5229,"comment_status":"open","ping_status":"open","sticky":false,"template":"","format":"standard","meta":{"footnotes":""},"categories":[113],"tags":[619,615,616,622,618,620,621,617],"class_list":["post-5218","post","type-post","status-publish","format-standard","has-post-thumbnail","hentry","category-mercado","tag-carro-flex","tag-carros-no-brasil","tag-historia-dos-carros","tag-kombi-com-duas-cores","tag-motor-flex","tag-picape-com-degrau","tag-picape-com-quatro-portas","tag-santos-dumont"],"yoast_head":"<!-- This site is optimized with the Yoast SEO plugin v25.9 - https:\/\/yoast.com\/wordpress\/plugins\/seo\/ -->\n<title>Carros no Brasil: tend\u00eancias que mudam as ind\u00fastrias<\/title>\n<meta name=\"description\" content=\"Muitas montadoras de carros no Brasil come\u00e7aram a introduzir pequenas mudan\u00e7as e elas se popularizaram por aqui. Confira!\" \/>\n<meta name=\"robots\" content=\"index, follow, max-snippet:-1, max-image-preview:large, max-video-preview:-1\" \/>\n<link rel=\"canonical\" href=\"https:\/\/www.metagal.com.br\/blog\/carros-no-brasil-que-geraram-tendencia-na-industria\/\" \/>\n<meta property=\"og:locale\" content=\"pt_BR\" \/>\n<meta property=\"og:type\" content=\"article\" \/>\n<meta property=\"og:title\" content=\"Carros no Brasil: tend\u00eancias que mudam as ind\u00fastrias\" \/>\n<meta property=\"og:description\" content=\"Muitas montadoras de carros no Brasil come\u00e7aram a introduzir pequenas mudan\u00e7as e elas se popularizaram por aqui. Confira!\" \/>\n<meta property=\"og:url\" content=\"https:\/\/www.metagal.com.br\/blog\/carros-no-brasil-que-geraram-tendencia-na-industria\/\" \/>\n<meta property=\"og:site_name\" content=\"Blog Metagal\" \/>\n<meta property=\"article:published_time\" content=\"2025-02-10T13:00:07+00:00\" \/>\n<meta property=\"article:modified_time\" content=\"2025-08-07T15:25:04+00:00\" \/>\n<meta property=\"og:image\" content=\"https:\/\/www.metagal.com.br\/blog\/wp-content\/uploads\/2025\/01\/MG_Blogpost2_Fev_2025_V2-01.png\" \/>\n\t<meta property=\"og:image:width\" content=\"1920\" \/>\n\t<meta property=\"og:image:height\" content=\"1080\" \/>\n\t<meta property=\"og:image:type\" content=\"image\/png\" \/>\n<meta name=\"author\" content=\"Metagal\" \/>\n<meta name=\"twitter:card\" content=\"summary_large_image\" \/>\n<meta name=\"twitter:label1\" content=\"Escrito por\" \/>\n\t<meta name=\"twitter:data1\" content=\"Metagal\" \/>\n\t<meta name=\"twitter:label2\" content=\"Est. tempo de leitura\" \/>\n\t<meta name=\"twitter:data2\" content=\"7 minutos\" \/>\n<script type=\"application\/ld+json\" class=\"yoast-schema-graph\">{\"@context\":\"https:\/\/schema.org\",\"@graph\":[{\"@type\":\"Article\",\"@id\":\"https:\/\/www.metagal.com.br\/blog\/carros-no-brasil-que-geraram-tendencia-na-industria\/#article\",\"isPartOf\":{\"@id\":\"https:\/\/www.metagal.com.br\/blog\/carros-no-brasil-que-geraram-tendencia-na-industria\/\"},\"author\":{\"name\":\"Metagal\",\"@id\":\"https:\/\/www.metagal.com.br\/blog\/#\/schema\/person\/86708538b26ec57abb56975e5bc3f3bf\"},\"headline\":\"Carros no Brasil que geraram tend\u00eancia na ind\u00fastria\",\"datePublished\":\"2025-02-10T13:00:07+00:00\",\"dateModified\":\"2025-08-07T15:25:04+00:00\",\"mainEntityOfPage\":{\"@id\":\"https:\/\/www.metagal.com.br\/blog\/carros-no-brasil-que-geraram-tendencia-na-industria\/\"},\"wordCount\":1034,\"commentCount\":0,\"publisher\":{\"@id\":\"https:\/\/www.metagal.com.br\/blog\/#organization\"},\"image\":{\"@id\":\"https:\/\/www.metagal.com.br\/blog\/carros-no-brasil-que-geraram-tendencia-na-industria\/#primaryimage\"},\"thumbnailUrl\":\"https:\/\/www.metagal.com.br\/blog\/wp-content\/uploads\/2025\/01\/MG_Blogpost2_Fev_2025_V2-01.png\",\"keywords\":[\"carro flex\",\"Carros no Brasil\",\"Hist\u00f3ria dos carros\",\"kombi com duas cores\",\"Motor flex\",\"picape com degrau\",\"picape com quatro portas\",\"Santos Dumont\"],\"articleSection\":[\"Mercado\"],\"inLanguage\":\"pt-BR\",\"potentialAction\":[{\"@type\":\"CommentAction\",\"name\":\"Comment\",\"target\":[\"https:\/\/www.metagal.com.br\/blog\/carros-no-brasil-que-geraram-tendencia-na-industria\/#respond\"]}]},{\"@type\":\"WebPage\",\"@id\":\"https:\/\/www.metagal.com.br\/blog\/carros-no-brasil-que-geraram-tendencia-na-industria\/\",\"url\":\"https:\/\/www.metagal.com.br\/blog\/carros-no-brasil-que-geraram-tendencia-na-industria\/\",\"name\":\"Carros no Brasil: tend\u00eancias que mudam as ind\u00fastrias\",\"isPartOf\":{\"@id\":\"https:\/\/www.metagal.com.br\/blog\/#website\"},\"primaryImageOfPage\":{\"@id\":\"https:\/\/www.metagal.com.br\/blog\/carros-no-brasil-que-geraram-tendencia-na-industria\/#primaryimage\"},\"image\":{\"@id\":\"https:\/\/www.metagal.com.br\/blog\/carros-no-brasil-que-geraram-tendencia-na-industria\/#primaryimage\"},\"thumbnailUrl\":\"https:\/\/www.metagal.com.br\/blog\/wp-content\/uploads\/2025\/01\/MG_Blogpost2_Fev_2025_V2-01.png\",\"datePublished\":\"2025-02-10T13:00:07+00:00\",\"dateModified\":\"2025-08-07T15:25:04+00:00\",\"description\":\"Muitas montadoras de carros no Brasil come\u00e7aram a introduzir pequenas mudan\u00e7as e elas se popularizaram por aqui. Confira!\",\"breadcrumb\":{\"@id\":\"https:\/\/www.metagal.com.br\/blog\/carros-no-brasil-que-geraram-tendencia-na-industria\/#breadcrumb\"},\"inLanguage\":\"pt-BR\",\"potentialAction\":[{\"@type\":\"ReadAction\",\"target\":[\"https:\/\/www.metagal.com.br\/blog\/carros-no-brasil-que-geraram-tendencia-na-industria\/\"]}]},{\"@type\":\"ImageObject\",\"inLanguage\":\"pt-BR\",\"@id\":\"https:\/\/www.metagal.com.br\/blog\/carros-no-brasil-que-geraram-tendencia-na-industria\/#primaryimage\",\"url\":\"https:\/\/www.metagal.com.br\/blog\/wp-content\/uploads\/2025\/01\/MG_Blogpost2_Fev_2025_V2-01.png\",\"contentUrl\":\"https:\/\/www.metagal.com.br\/blog\/wp-content\/uploads\/2025\/01\/MG_Blogpost2_Fev_2025_V2-01.png\",\"width\":1920,\"height\":1080,\"caption\":\"Header para BP sobre carros no Brasil que trouxeram tend\u00eancias\"},{\"@type\":\"BreadcrumbList\",\"@id\":\"https:\/\/www.metagal.com.br\/blog\/carros-no-brasil-que-geraram-tendencia-na-industria\/#breadcrumb\",\"itemListElement\":[{\"@type\":\"ListItem\",\"position\":1,\"name\":\"In\u00edcio\",\"item\":\"https:\/\/www.metagal.com.br\/blog\/\"},{\"@type\":\"ListItem\",\"position\":2,\"name\":\"Carros no Brasil que geraram tend\u00eancia na ind\u00fastria\"}]},{\"@type\":\"WebSite\",\"@id\":\"https:\/\/www.metagal.com.br\/blog\/#website\",\"url\":\"https:\/\/www.metagal.com.br\/blog\/\",\"name\":\"Blog Metagal\",\"description\":\"Metagal | L\u00edder no desenvolvimento e produ\u00e7\u00e3o de espelhos retrovisores\",\"publisher\":{\"@id\":\"https:\/\/www.metagal.com.br\/blog\/#organization\"},\"potentialAction\":[{\"@type\":\"SearchAction\",\"target\":{\"@type\":\"EntryPoint\",\"urlTemplate\":\"https:\/\/www.metagal.com.br\/blog\/?s={search_term_string}\"},\"query-input\":{\"@type\":\"PropertyValueSpecification\",\"valueRequired\":true,\"valueName\":\"search_term_string\"}}],\"inLanguage\":\"pt-BR\"},{\"@type\":\"Organization\",\"@id\":\"https:\/\/www.metagal.com.br\/blog\/#organization\",\"name\":\"Metagal - L\u00edder em Desenvolvimento e Produ\u00e7\u00e3o de Espelhos Retrovisores\",\"url\":\"https:\/\/www.metagal.com.br\/blog\/\",\"logo\":{\"@type\":\"ImageObject\",\"inLanguage\":\"pt-BR\",\"@id\":\"https:\/\/www.metagal.com.br\/blog\/#\/schema\/logo\/image\/\",\"url\":\"https:\/\/www.metagal.com.br\/blog\/wp-content\/uploads\/2018\/11\/Favicon.png\",\"contentUrl\":\"https:\/\/www.metagal.com.br\/blog\/wp-content\/uploads\/2018\/11\/Favicon.png\",\"width\":100,\"height\":100,\"caption\":\"Metagal - L\u00edder em Desenvolvimento e Produ\u00e7\u00e3o de Espelhos Retrovisores\"},\"image\":{\"@id\":\"https:\/\/www.metagal.com.br\/blog\/#\/schema\/logo\/image\/\"}},{\"@type\":\"Person\",\"@id\":\"https:\/\/www.metagal.com.br\/blog\/#\/schema\/person\/86708538b26ec57abb56975e5bc3f3bf\",\"name\":\"Metagal\",\"image\":{\"@type\":\"ImageObject\",\"inLanguage\":\"pt-BR\",\"@id\":\"https:\/\/www.metagal.com.br\/blog\/#\/schema\/person\/image\/\",\"url\":\"https:\/\/secure.gravatar.com\/avatar\/5b99f1b1706488192643fded2a661508?s=96&d=mm&r=g\",\"contentUrl\":\"https:\/\/secure.gravatar.com\/avatar\/5b99f1b1706488192643fded2a661508?s=96&d=mm&r=g\",\"caption\":\"Metagal\"},\"url\":\"https:\/\/www.metagal.com.br\/blog\/autor\/layerup\/\"}]}<\/script>\n<!-- \/ Yoast SEO plugin. -->","yoast_head_json":{"title":"Carros no Brasil: tend\u00eancias que mudam as ind\u00fastrias","description":"Muitas montadoras de carros no Brasil come\u00e7aram a introduzir pequenas mudan\u00e7as e elas se popularizaram por aqui. Confira!","robots":{"index":"index","follow":"follow","max-snippet":"max-snippet:-1","max-image-preview":"max-image-preview:large","max-video-preview":"max-video-preview:-1"},"canonical":"https:\/\/www.metagal.com.br\/blog\/carros-no-brasil-que-geraram-tendencia-na-industria\/","og_locale":"pt_BR","og_type":"article","og_title":"Carros no Brasil: tend\u00eancias que mudam as ind\u00fastrias","og_description":"Muitas montadoras de carros no Brasil come\u00e7aram a introduzir pequenas mudan\u00e7as e elas se popularizaram por aqui. Confira!","og_url":"https:\/\/www.metagal.com.br\/blog\/carros-no-brasil-que-geraram-tendencia-na-industria\/","og_site_name":"Blog Metagal","article_published_time":"2025-02-10T13:00:07+00:00","article_modified_time":"2025-08-07T15:25:04+00:00","og_image":[{"width":1920,"height":1080,"url":"https:\/\/www.metagal.com.br\/blog\/wp-content\/uploads\/2025\/01\/MG_Blogpost2_Fev_2025_V2-01.png","type":"image\/png"}],"author":"Metagal","twitter_card":"summary_large_image","twitter_misc":{"Escrito por":"Metagal","Est. tempo de leitura":"7 minutos"},"schema":{"@context":"https:\/\/schema.org","@graph":[{"@type":"Article","@id":"https:\/\/www.metagal.com.br\/blog\/carros-no-brasil-que-geraram-tendencia-na-industria\/#article","isPartOf":{"@id":"https:\/\/www.metagal.com.br\/blog\/carros-no-brasil-que-geraram-tendencia-na-industria\/"},"author":{"name":"Metagal","@id":"https:\/\/www.metagal.com.br\/blog\/#\/schema\/person\/86708538b26ec57abb56975e5bc3f3bf"},"headline":"Carros no Brasil que geraram tend\u00eancia na ind\u00fastria","datePublished":"2025-02-10T13:00:07+00:00","dateModified":"2025-08-07T15:25:04+00:00","mainEntityOfPage":{"@id":"https:\/\/www.metagal.com.br\/blog\/carros-no-brasil-que-geraram-tendencia-na-industria\/"},"wordCount":1034,"commentCount":0,"publisher":{"@id":"https:\/\/www.metagal.com.br\/blog\/#organization"},"image":{"@id":"https:\/\/www.metagal.com.br\/blog\/carros-no-brasil-que-geraram-tendencia-na-industria\/#primaryimage"},"thumbnailUrl":"https:\/\/www.metagal.com.br\/blog\/wp-content\/uploads\/2025\/01\/MG_Blogpost2_Fev_2025_V2-01.png","keywords":["carro flex","Carros no Brasil","Hist\u00f3ria dos carros","kombi com duas cores","Motor flex","picape com degrau","picape com quatro portas","Santos Dumont"],"articleSection":["Mercado"],"inLanguage":"pt-BR","potentialAction":[{"@type":"CommentAction","name":"Comment","target":["https:\/\/www.metagal.com.br\/blog\/carros-no-brasil-que-geraram-tendencia-na-industria\/#respond"]}]},{"@type":"WebPage","@id":"https:\/\/www.metagal.com.br\/blog\/carros-no-brasil-que-geraram-tendencia-na-industria\/","url":"https:\/\/www.metagal.com.br\/blog\/carros-no-brasil-que-geraram-tendencia-na-industria\/","name":"Carros no Brasil: tend\u00eancias que mudam as ind\u00fastrias","isPartOf":{"@id":"https:\/\/www.metagal.com.br\/blog\/#website"},"primaryImageOfPage":{"@id":"https:\/\/www.metagal.com.br\/blog\/carros-no-brasil-que-geraram-tendencia-na-industria\/#primaryimage"},"image":{"@id":"https:\/\/www.metagal.com.br\/blog\/carros-no-brasil-que-geraram-tendencia-na-industria\/#primaryimage"},"thumbnailUrl":"https:\/\/www.metagal.com.br\/blog\/wp-content\/uploads\/2025\/01\/MG_Blogpost2_Fev_2025_V2-01.png","datePublished":"2025-02-10T13:00:07+00:00","dateModified":"2025-08-07T15:25:04+00:00","description":"Muitas montadoras de carros no Brasil come\u00e7aram a introduzir pequenas mudan\u00e7as e elas se popularizaram por aqui. Confira!","breadcrumb":{"@id":"https:\/\/www.metagal.com.br\/blog\/carros-no-brasil-que-geraram-tendencia-na-industria\/#breadcrumb"},"inLanguage":"pt-BR","potentialAction":[{"@type":"ReadAction","target":["https:\/\/www.metagal.com.br\/blog\/carros-no-brasil-que-geraram-tendencia-na-industria\/"]}]},{"@type":"ImageObject","inLanguage":"pt-BR","@id":"https:\/\/www.metagal.com.br\/blog\/carros-no-brasil-que-geraram-tendencia-na-industria\/#primaryimage","url":"https:\/\/www.metagal.com.br\/blog\/wp-content\/uploads\/2025\/01\/MG_Blogpost2_Fev_2025_V2-01.png","contentUrl":"https:\/\/www.metagal.com.br\/blog\/wp-content\/uploads\/2025\/01\/MG_Blogpost2_Fev_2025_V2-01.png","width":1920,"height":1080,"caption":"Header para BP sobre carros no Brasil que trouxeram tend\u00eancias"},{"@type":"BreadcrumbList","@id":"https:\/\/www.metagal.com.br\/blog\/carros-no-brasil-que-geraram-tendencia-na-industria\/#breadcrumb","itemListElement":[{"@type":"ListItem","position":1,"name":"In\u00edcio","item":"https:\/\/www.metagal.com.br\/blog\/"},{"@type":"ListItem","position":2,"name":"Carros no Brasil que geraram tend\u00eancia na ind\u00fastria"}]},{"@type":"WebSite","@id":"https:\/\/www.metagal.com.br\/blog\/#website","url":"https:\/\/www.metagal.com.br\/blog\/","name":"Blog Metagal","description":"Metagal | L\u00edder no desenvolvimento e produ\u00e7\u00e3o de espelhos retrovisores","publisher":{"@id":"https:\/\/www.metagal.com.br\/blog\/#organization"},"potentialAction":[{"@type":"SearchAction","target":{"@type":"EntryPoint","urlTemplate":"https:\/\/www.metagal.com.br\/blog\/?s={search_term_string}"},"query-input":{"@type":"PropertyValueSpecification","valueRequired":true,"valueName":"search_term_string"}}],"inLanguage":"pt-BR"},{"@type":"Organization","@id":"https:\/\/www.metagal.com.br\/blog\/#organization","name":"Metagal - L\u00edder em Desenvolvimento e Produ\u00e7\u00e3o de Espelhos Retrovisores","url":"https:\/\/www.metagal.com.br\/blog\/","logo":{"@type":"ImageObject","inLanguage":"pt-BR","@id":"https:\/\/www.metagal.com.br\/blog\/#\/schema\/logo\/image\/","url":"https:\/\/www.metagal.com.br\/blog\/wp-content\/uploads\/2018\/11\/Favicon.png","contentUrl":"https:\/\/www.metagal.com.br\/blog\/wp-content\/uploads\/2018\/11\/Favicon.png","width":100,"height":100,"caption":"Metagal - L\u00edder em Desenvolvimento e Produ\u00e7\u00e3o de Espelhos Retrovisores"},"image":{"@id":"https:\/\/www.metagal.com.br\/blog\/#\/schema\/logo\/image\/"}},{"@type":"Person","@id":"https:\/\/www.metagal.com.br\/blog\/#\/schema\/person\/86708538b26ec57abb56975e5bc3f3bf","name":"Metagal","image":{"@type":"ImageObject","inLanguage":"pt-BR","@id":"https:\/\/www.metagal.com.br\/blog\/#\/schema\/person\/image\/","url":"https:\/\/secure.gravatar.com\/avatar\/5b99f1b1706488192643fded2a661508?s=96&d=mm&r=g","contentUrl":"https:\/\/secure.gravatar.com\/avatar\/5b99f1b1706488192643fded2a661508?s=96&d=mm&r=g","caption":"Metagal"},"url":"https:\/\/www.metagal.com.br\/blog\/autor\/layerup\/"}]}},"_links":{"self":[{"href":"https:\/\/www.metagal.com.br\/blog\/wp-json\/wp\/v2\/posts\/5218","targetHints":{"allow":["GET"]}}],"collection":[{"href":"https:\/\/www.metagal.com.br\/blog\/wp-json\/wp\/v2\/posts"}],"about":[{"href":"https:\/\/www.metagal.com.br\/blog\/wp-json\/wp\/v2\/types\/post"}],"author":[{"embeddable":true,"href":"https:\/\/www.metagal.com.br\/blog\/wp-json\/wp\/v2\/users\/1"}],"replies":[{"embeddable":true,"href":"https:\/\/www.metagal.com.br\/blog\/wp-json\/wp\/v2\/comments?post=5218"}],"version-history":[{"count":3,"href":"https:\/\/www.metagal.com.br\/blog\/wp-json\/wp\/v2\/posts\/5218\/revisions"}],"predecessor-version":[{"id":5231,"href":"https:\/\/www.metagal.com.br\/blog\/wp-json\/wp\/v2\/posts\/5218\/revisions\/5231"}],"wp:featuredmedia":[{"embeddable":true,"href":"https:\/\/www.metagal.com.br\/blog\/wp-json\/wp\/v2\/media\/5229"}],"wp:attachment":[{"href":"https:\/\/www.metagal.com.br\/blog\/wp-json\/wp\/v2\/media?parent=5218"}],"wp:term":[{"taxonomy":"category","embeddable":true,"href":"https:\/\/www.metagal.com.br\/blog\/wp-json\/wp\/v2\/categories?post=5218"},{"taxonomy":"post_tag","embeddable":true,"href":"https:\/\/www.metagal.com.br\/blog\/wp-json\/wp\/v2\/tags?post=5218"}],"curies":[{"name":"wp","href":"https:\/\/api.w.org\/{rel}","templated":true}]}}