{"id":5267,"date":"2025-04-09T17:22:53","date_gmt":"2025-04-09T20:22:53","guid":{"rendered":"https:\/\/www.metagal.com.br\/blog\/?p=5267"},"modified":"2025-04-09T15:23:20","modified_gmt":"2025-04-09T18:23:20","slug":"carro-voador-2","status":"publish","type":"post","link":"https:\/\/www.metagal.com.br\/blog\/carro-voador-2\/","title":{"rendered":"Carro voador sobrevoa com sucesso e torna o futuro da mobilidade uma realidade"},"content":{"rendered":"<p><span style=\"font-weight: 400;\">Durante muito tempo, o <\/span><b>carro voador<\/b><span style=\"font-weight: 400;\"> foi apenas um sonho, algo que s\u00f3 existia em filmes futuristas e anima\u00e7\u00f5es. A ideia de sobrevoar engarrafamentos parecia coisa de fic\u00e7\u00e3o cient\u00edfica \u2013 at\u00e9 agora. <\/span><span style=\"font-weight: 400;\"><br \/>\n<\/span><span style=\"font-weight: 400;\"><br \/>\n<\/span><span style=\"font-weight: 400;\">A <\/span><b>mobilidade do futuro<\/b><span style=\"font-weight: 400;\"> est\u00e1 cada vez mais pr\u00f3xima da realidade. Isso porque, recentemente, uma empresa automotiva e de avia\u00e7\u00e3o com sede nos Estados Unidos realizou um <\/span><b>teste hist\u00f3rico<\/b><span style=\"font-weight: 400;\"> com seu <\/span><b>carro voador el\u00e9trico<\/b><span style=\"font-weight: 400;\">, o Model A, que <\/span><b>decolou verticalmente e sobrevoou outro ve\u00edculo<\/b><span style=\"font-weight: 400;\"> em um feito in\u00e9dito. Esse avan\u00e7o refor\u00e7a a revolu\u00e7\u00e3o da mobilidade e traz novas perspectivas para o transporte urbano.\u00a0<\/span><\/p>\n<p><span style=\"font-weight: 400;\">Desde 2015, a Alef Aeronautics desenvolve e promove uma proposta de <\/span><b>carro voador para voar<\/b><span style=\"font-weight: 400;\"> como um <\/span><b>biplano<\/b><span style=\"font-weight: 400;\">, um tipo de aeronave que decola verticalmente e inclina-se para o lado.<\/span><span style=\"font-weight: 400;\"><br \/>\n<\/span><span style=\"font-weight: 400;\"><br \/>\n<\/span><span style=\"font-weight: 400;\">Descubra mais sobre essa inova\u00e7\u00e3o e outras novidades do setor neste artigo.\u00a0<\/span><\/p>\n<h2><b>O primeiro carro voador el\u00e9trico certificado pela FAA<\/b><\/h2>\n<p><span style=\"font-weight: 400;\">Em 2023, a <\/span><b>Alef Aeronautics<\/b><span style=\"font-weight: 400;\"> alcan\u00e7ou um marco in\u00e9dito com a <\/span><b>Certifica\u00e7\u00e3o Especial de Aeronavegabilidade da Administra\u00e7\u00e3o Federal de Avia\u00e7\u00e3o dos EUA (FAA)<\/b><span style=\"font-weight: 400;\">. Com isso, tornou-se a primeira empresa do setor a receber essa autoriza\u00e7\u00e3o, que permite a realiza\u00e7\u00e3o de testes mais avan\u00e7ados, o que aproxima o ve\u00edculo da comercializa\u00e7\u00e3o.<\/span><\/p>\n<p><span style=\"font-weight: 400;\">Essa certifica\u00e7\u00e3o valida a<\/span><b> seguran\u00e7a e a viabilidade operacional dos carros voadores<\/b><span style=\"font-weight: 400;\">, abrindo caminho para a regulamenta\u00e7\u00e3o e poss\u00edvel ado\u00e7\u00e3o em larga escala.<\/span><\/p>\n<h2><b>Como foi o teste de voo do Model A?<\/b><\/h2>\n<p><span style=\"font-weight: 400;\">Durante a demonstra\u00e7\u00e3o, o carro voador, com nome de Model A, realizou uma decolagem vertical bem-sucedida e <\/span><a href=\"https:\/\/noticias.r7.com\/internacional\/video-mostra-carro-voador-sobrevoando-outro-veiculo-durante-teste-nos-eua-24022025\/\" target=\"_blank\" rel=\"noopener\"><span style=\"font-weight: 400;\">sobrevoou outro ve\u00edculo estacionado<\/span><\/a><span style=\"font-weight: 400;\">, o que foi considerado um feito in\u00e9dito para a mobilidade a\u00e9rea urbana. O teste serviu para comprovar a <\/span><b>estabilidade e o controle<\/b><span style=\"font-weight: 400;\"> do ve\u00edculo durante o voo e validou seu design inovador e sistema de propuls\u00e3o el\u00e9trica.\u00a0<\/span><\/p>\n<p><img loading=\"lazy\" decoding=\"async\" class=\"alignnone wp-image-5268 size-full\" src=\"https:\/\/www.metagal.com.br\/blog\/wp-content\/uploads\/2025\/04\/carro-voador-2.png\" alt=\"Registro do teste in\u00e9dito do carro voador da Alef sobrevoando outro ve\u00edculo\" width=\"1919\" height=\"1079\" srcset=\"https:\/\/www.metagal.com.br\/blog\/wp-content\/uploads\/2025\/04\/carro-voador-2.png 1919w, https:\/\/www.metagal.com.br\/blog\/wp-content\/uploads\/2025\/04\/carro-voador-2-300x169.png 300w, https:\/\/www.metagal.com.br\/blog\/wp-content\/uploads\/2025\/04\/carro-voador-2-1024x576.png 1024w, https:\/\/www.metagal.com.br\/blog\/wp-content\/uploads\/2025\/04\/carro-voador-2-768x432.png 768w, https:\/\/www.metagal.com.br\/blog\/wp-content\/uploads\/2025\/04\/carro-voador-2-1536x864.png 1536w\" sizes=\"auto, (max-width: 1919px) 100vw, 1919px\" \/><\/p>\n<h2><b>Como funciona o Model A, o carro voador da Alef?<\/b><\/h2>\n<p><span style=\"font-weight: 400;\">O Model A \u00e9 um carro voador <\/span><b>100% el\u00e9trico<\/b><span style=\"font-weight: 400;\">, projetado para rodar normalmente como um ve\u00edculo terrestre e, quando necess\u00e1rio, realizar uma decolagem vertical para evitar congestionamentos ou obst\u00e1culos no tr\u00e2nsito.<\/span><\/p>\n<p><span style=\"font-weight: 400;\">Entre seus diferenciais, segundo a Alef Aeronautics, destacam-se:<\/span><\/p>\n<ul>\n<li style=\"font-weight: 400;\" aria-level=\"1\"><span style=\"font-weight: 400;\">Autonomia de 354 km em terra e 177 km no ar<\/span><\/li>\n<li style=\"font-weight: 400;\" aria-level=\"1\"><span style=\"font-weight: 400;\">Design inovador, que combina aerodin\u00e2mica e funcionalidade<\/span><\/li>\n<li style=\"font-weight: 400;\" aria-level=\"1\"><span style=\"font-weight: 400;\">Propuls\u00e3o el\u00e9trica, tornando-o mais sustent\u00e1vel e eficiente<\/span><\/li>\n<\/ul>\n<p><span style=\"font-weight: 400;\">A Alef se adiantou e j\u00e1 iniciou as reservas para a compra do Model A. Com um pre\u00e7o inicial de US$ 300 mil (aproximadamente R$ 1.749.000), o modelo j\u00e1 acumulou mais de 3.300 pedidos e a previs\u00e3o \u00e9 de que sua produ\u00e7\u00e3o comece ainda em 2025.<\/span><\/p>\n<h2><b>Outras empresas investem na tecnologia dos carros voadores<\/b><\/h2>\n<p><span style=\"font-weight: 400;\">A Alef Aeronautics n\u00e3o \u00e9 a \u00fanica nessa corrida tecnol\u00f3gica. Outras empresas ao redor do mundo tamb\u00e9m est\u00e3o trabalhando em pesquisas e desenvolvimento de <\/span><b>eVTOLs<\/b><span style=\"font-weight: 400;\"> (ve\u00edculos el\u00e9tricos de decolagem e pouso vertical) e solu\u00e7\u00f5es para mobilidade a\u00e9rea urbana. Algumas das principais iniciativas incluem:<\/span><\/p>\n<p><b>Joby Aviation<\/b><\/p>\n<p><span style=\"font-weight: 400;\">A americana Joby Aviation j\u00e1<\/span><a href=\"https:\/\/exame.com\/tecnologia\/toyota-e-joby-testam-carro-voador-no-japao-pela-primeira-vez\/\" target=\"_blank\" rel=\"noopener\"> <span style=\"font-weight: 400;\">testou seu carro voador<\/span><\/a><span style=\"font-weight: 400;\">, uma <\/span><b>aeronave el\u00e9trica de decolagem vertical<\/b><span style=\"font-weight: 400;\"> e conta com investimentos da <\/span><b>Toyota<\/b><span style=\"font-weight: 400;\">. A empresa pretende operar como um servi\u00e7o de t\u00e1xi a\u00e9reo.\u00a0<\/span><\/p>\n<p><b>Xpeng AeroHT<\/b><\/p>\n<p><span style=\"font-weight: 400;\">A<\/span><a href=\"https:\/\/mobilidade.estadao.com.br\/inovacao\/carro-voador-modular-da-chinesa-xpeng-chega-em-2026\" target=\"_blank\" rel=\"noopener\"> <span style=\"font-weight: 400;\">fabricante chinesa Xpeng AeroHT<\/span><\/a><span style=\"font-weight: 400;\"> anunciou o &#8220;Land Aircraft Carrier&#8221;, um <\/span><b>ve\u00edculo h\u00edbrido<\/b><span style=\"font-weight: 400;\"> que combina um carro terrestre de seis rodas com um m\u00f3dulo a\u00e9reo eVTOL. As primeiras entregas est\u00e3o previstas para 2026, e o ve\u00edculo j\u00e1 acumula mais de 3.000 pedidos.<\/span><\/p>\n<p><span style=\"font-weight: 400;\">Esses projetos demonstram que os carros voadores est\u00e3o se tornando uma solu\u00e7\u00e3o vi\u00e1vel para os desafios do tr\u00e2nsito urbano.<\/span><\/p>\n<h2><b>E o Brasil? Como est\u00e1 o avan\u00e7o dos carros voadores por aqui?<\/b><\/h2>\n<p><span style=\"font-weight: 400;\">Por aqui, <\/span><b>ainda n\u00e3o h\u00e1 um modelo nacional de carro voador<\/b><span style=\"font-weight: 400;\">, mas o pa\u00eds j\u00e1 est\u00e1 acompanhando as tend\u00eancias da <\/span><a href=\"https:\/\/www.metagal.com.br\/blog\/mobilidade-urbana\/?utm_medium=blogpost&amp;utm_source=site&amp;utm_campaign=carro-voador&amp;utm_content=hiperlink\"><span style=\"font-weight: 400;\">mobilidade<\/span><\/a><span style=\"font-weight: 400;\"> a\u00e9rea urbana.<\/span><\/p>\n<p><span style=\"font-weight: 400;\">A Eve Air Mobility, subsidi\u00e1ria da Embraer, est\u00e1 realizando estudos e simula\u00e7\u00f5es para<\/span><a href=\"https:\/\/embraer.com\/br\/pt\/noticias\/?slug=1207476-eve-ohi-e-revo-colaboram-para-desenvolver-ecossistema-de-mobilidade-aerea-urbana-e-concluem-simulacao-de-gerenciamento-de-trafego-aereo-no-brasil\" target=\"_blank\" rel=\"noopener\"> <span style=\"font-weight: 400;\">integrar eVTOLs no tr\u00e1fego<\/span><\/a><span style=\"font-weight: 400;\"> das grandes cidades brasileiras. O objetivo \u00e9 preparar o mercado para essa inova\u00e7\u00e3o com alternativas mais r\u00e1pidas e sustent\u00e1veis para deslocamentos urbanos.<\/span><\/p>\n<p><span style=\"font-weight: 400;\">Com isso, h\u00e1 uma promessa para que em 2026, uma <\/span><a href=\"https:\/\/www.metagal.com.br\/blog\/carro-voador-em-sao-paulo-vem-ai-a-primeira-fabrica-no-brasil\/?utm_medium=blogpost&amp;utm_source=site&amp;utm_campaign=carro-voador&amp;utm_content=hiperlink\"><span style=\"font-weight: 400;\">f\u00e1brica seja instalada no Brasil<\/span><\/a><span style=\"font-weight: 400;\"> dedicada para a produ\u00e7\u00e3o de eVTOLs.\u00a0<\/span><\/p>\n<p><span style=\"font-weight: 400;\">Esse avan\u00e7o permite que, nos pr\u00f3ximos anos, vejamos os primeiros testes de ve\u00edculos voadores operando no Brasil.<\/span><\/p>\n<h2><b>O futuro da mobilidade est\u00e1 no ar<\/b><\/h2>\n<p><span style=\"font-weight: 400;\">Uma coisa \u00e9 certa: os carros voadores v\u00e3o transformar radicalmente o deslocamento urbano. A combina\u00e7\u00e3o de tecnologia, sustentabilidade e efici\u00eancia pode mudar o cen\u00e1rio dos congestionamentos, possibilitando viagens mais r\u00e1pidas nas cidades.<\/span><\/p>\n<p><span style=\"font-weight: 400;\">Com as certifica\u00e7\u00f5es regulat\u00f3rias avan\u00e7ando cada vez mais e o crescente investimento em novas tecnologias, os carros voadores est\u00e3o mais pr\u00f3ximos de se tornar realidade no dia a dia.<\/span><\/p>\n<h2><b>Acompanhe as \u00faltimas tend\u00eancias do setor automotivo!<\/b><\/h2>\n<p><span style=\"font-weight: 400;\">No blog da Metagal, trazemos as \u00faltimas tend\u00eancias do setor automotivo, mobilidade e inova\u00e7\u00e3o. Acesse <\/span><a href=\"https:\/\/www.metagal.com.br\/blog\/?utm_medium=blogpost&amp;utm_source=site&amp;utm_campaign=visite-o-blog-da-metagal&amp;utm_content=hiperlink\"><span style=\"font-weight: 400;\">nosso blog<\/span><\/a><span style=\"font-weight: 400;\"> e fique por dentro de tudo!<\/span><\/p>\n<p><a href=\"https:\/\/www.metagal.com.br\/blog\/?utm_medium=blogpost&amp;utm_source=site&amp;utm_campaign=visite-o-blog-da-metagal&amp;utm_content=banner\"><img loading=\"lazy\" decoding=\"async\" class=\"alignnone wp-image-5270 size-full\" src=\"https:\/\/www.metagal.com.br\/blog\/wp-content\/uploads\/2025\/04\/carro-voador-metagal.png\" alt=\"Confira mais artigos sobre inova\u00e7\u00e3o e tecnologia no Blog da Metagal\" width=\"1920\" height=\"643\" srcset=\"https:\/\/www.metagal.com.br\/blog\/wp-content\/uploads\/2025\/04\/carro-voador-metagal.png 1920w, https:\/\/www.metagal.com.br\/blog\/wp-content\/uploads\/2025\/04\/carro-voador-metagal-300x100.png 300w, https:\/\/www.metagal.com.br\/blog\/wp-content\/uploads\/2025\/04\/carro-voador-metagal-1024x343.png 1024w, https:\/\/www.metagal.com.br\/blog\/wp-content\/uploads\/2025\/04\/carro-voador-metagal-768x257.png 768w, https:\/\/www.metagal.com.br\/blog\/wp-content\/uploads\/2025\/04\/carro-voador-metagal-1536x514.png 1536w\" sizes=\"auto, (max-width: 1920px) 100vw, 1920px\" \/><\/a><\/p>\n","protected":false},"excerpt":{"rendered":"<p>Durante muito tempo, o carro voador foi apenas um sonho, algo que s\u00f3 existia em filmes futuristas e anima\u00e7\u00f5es. A&#8230;<\/p>\n","protected":false},"author":1,"featured_media":5271,"comment_status":"open","ping_status":"open","sticky":false,"template":"","format":"standard","meta":{"footnotes":""},"categories":[112],"tags":[634,514,635,257,633],"class_list":["post-5267","post","type-post","status-publish","format-standard","has-post-thumbnail","hentry","category-tecnologia","tag-alef-aeronautics","tag-carro-voador","tag-evtols","tag-mobilidade-urbana","tag-teste-de-carro"],"yoast_head":"<!-- This site is optimized with the Yoast SEO plugin v25.9 - https:\/\/yoast.com\/wordpress\/plugins\/seo\/ -->\n<title>Carro voador realiza teste in\u00e9dito<\/title>\n<meta name=\"description\" content=\"Carro voador faz voo bem-sucedido e promete mudar o futuro da mobilidade urbana. Confira essa inova\u00e7\u00e3o no blog da Metagal!\" \/>\n<meta name=\"robots\" content=\"index, follow, max-snippet:-1, max-image-preview:large, max-video-preview:-1\" \/>\n<link rel=\"canonical\" href=\"https:\/\/www.metagal.com.br\/blog\/carro-voador-2\/\" \/>\n<meta property=\"og:locale\" content=\"pt_BR\" \/>\n<meta property=\"og:type\" content=\"article\" \/>\n<meta property=\"og:title\" content=\"Carro voador realiza teste in\u00e9dito\" \/>\n<meta property=\"og:description\" content=\"Carro voador faz voo bem-sucedido e promete mudar o futuro da mobilidade urbana. Confira essa inova\u00e7\u00e3o no blog da Metagal!\" \/>\n<meta property=\"og:url\" content=\"https:\/\/www.metagal.com.br\/blog\/carro-voador-2\/\" \/>\n<meta property=\"og:site_name\" content=\"Blog Metagal\" \/>\n<meta property=\"article:published_time\" content=\"2025-04-09T20:22:53+00:00\" \/>\n<meta property=\"og:image\" content=\"https:\/\/www.metagal.com.br\/blog\/wp-content\/uploads\/2025\/04\/carro-voador.jpg\" \/>\n\t<meta property=\"og:image:width\" content=\"1429\" \/>\n\t<meta property=\"og:image:height\" content=\"837\" \/>\n\t<meta property=\"og:image:type\" content=\"image\/jpeg\" \/>\n<meta name=\"author\" content=\"Metagal\" \/>\n<meta name=\"twitter:card\" content=\"summary_large_image\" \/>\n<meta name=\"twitter:label1\" content=\"Escrito por\" \/>\n\t<meta name=\"twitter:data1\" content=\"Metagal\" \/>\n\t<meta name=\"twitter:label2\" content=\"Est. tempo de leitura\" \/>\n\t<meta name=\"twitter:data2\" content=\"5 minutos\" \/>\n<script type=\"application\/ld+json\" class=\"yoast-schema-graph\">{\"@context\":\"https:\/\/schema.org\",\"@graph\":[{\"@type\":\"Article\",\"@id\":\"https:\/\/www.metagal.com.br\/blog\/carro-voador-2\/#article\",\"isPartOf\":{\"@id\":\"https:\/\/www.metagal.com.br\/blog\/carro-voador-2\/\"},\"author\":{\"name\":\"Metagal\",\"@id\":\"https:\/\/www.metagal.com.br\/blog\/#\/schema\/person\/86708538b26ec57abb56975e5bc3f3bf\"},\"headline\":\"Carro voador sobrevoa com sucesso e torna o futuro da mobilidade uma realidade\",\"datePublished\":\"2025-04-09T20:22:53+00:00\",\"mainEntityOfPage\":{\"@id\":\"https:\/\/www.metagal.com.br\/blog\/carro-voador-2\/\"},\"wordCount\":856,\"commentCount\":0,\"publisher\":{\"@id\":\"https:\/\/www.metagal.com.br\/blog\/#organization\"},\"image\":{\"@id\":\"https:\/\/www.metagal.com.br\/blog\/carro-voador-2\/#primaryimage\"},\"thumbnailUrl\":\"https:\/\/www.metagal.com.br\/blog\/wp-content\/uploads\/2025\/04\/carro-voador.jpg\",\"keywords\":[\"Alef Aeronautics\",\"Carro voador\",\"eVTOLs\",\"mobilidade urbana\",\"Teste de carro\"],\"articleSection\":[\"Tecnologia\"],\"inLanguage\":\"pt-BR\",\"potentialAction\":[{\"@type\":\"CommentAction\",\"name\":\"Comment\",\"target\":[\"https:\/\/www.metagal.com.br\/blog\/carro-voador-2\/#respond\"]}]},{\"@type\":\"WebPage\",\"@id\":\"https:\/\/www.metagal.com.br\/blog\/carro-voador-2\/\",\"url\":\"https:\/\/www.metagal.com.br\/blog\/carro-voador-2\/\",\"name\":\"Carro voador realiza teste in\u00e9dito\",\"isPartOf\":{\"@id\":\"https:\/\/www.metagal.com.br\/blog\/#website\"},\"primaryImageOfPage\":{\"@id\":\"https:\/\/www.metagal.com.br\/blog\/carro-voador-2\/#primaryimage\"},\"image\":{\"@id\":\"https:\/\/www.metagal.com.br\/blog\/carro-voador-2\/#primaryimage\"},\"thumbnailUrl\":\"https:\/\/www.metagal.com.br\/blog\/wp-content\/uploads\/2025\/04\/carro-voador.jpg\",\"datePublished\":\"2025-04-09T20:22:53+00:00\",\"description\":\"Carro voador faz voo bem-sucedido e promete mudar o futuro da mobilidade urbana. Confira essa inova\u00e7\u00e3o no blog da Metagal!\",\"breadcrumb\":{\"@id\":\"https:\/\/www.metagal.com.br\/blog\/carro-voador-2\/#breadcrumb\"},\"inLanguage\":\"pt-BR\",\"potentialAction\":[{\"@type\":\"ReadAction\",\"target\":[\"https:\/\/www.metagal.com.br\/blog\/carro-voador-2\/\"]}]},{\"@type\":\"ImageObject\",\"inLanguage\":\"pt-BR\",\"@id\":\"https:\/\/www.metagal.com.br\/blog\/carro-voador-2\/#primaryimage\",\"url\":\"https:\/\/www.metagal.com.br\/blog\/wp-content\/uploads\/2025\/04\/carro-voador.jpg\",\"contentUrl\":\"https:\/\/www.metagal.com.br\/blog\/wp-content\/uploads\/2025\/04\/carro-voador.jpg\",\"width\":1429,\"height\":837,\"caption\":\"Imagem do Model A da Alef Aeronautics\"},{\"@type\":\"BreadcrumbList\",\"@id\":\"https:\/\/www.metagal.com.br\/blog\/carro-voador-2\/#breadcrumb\",\"itemListElement\":[{\"@type\":\"ListItem\",\"position\":1,\"name\":\"In\u00edcio\",\"item\":\"https:\/\/www.metagal.com.br\/blog\/\"},{\"@type\":\"ListItem\",\"position\":2,\"name\":\"Carro voador sobrevoa com sucesso e torna o futuro da mobilidade uma realidade\"}]},{\"@type\":\"WebSite\",\"@id\":\"https:\/\/www.metagal.com.br\/blog\/#website\",\"url\":\"https:\/\/www.metagal.com.br\/blog\/\",\"name\":\"Blog Metagal\",\"description\":\"Metagal | L\u00edder no desenvolvimento e produ\u00e7\u00e3o de espelhos retrovisores\",\"publisher\":{\"@id\":\"https:\/\/www.metagal.com.br\/blog\/#organization\"},\"potentialAction\":[{\"@type\":\"SearchAction\",\"target\":{\"@type\":\"EntryPoint\",\"urlTemplate\":\"https:\/\/www.metagal.com.br\/blog\/?s={search_term_string}\"},\"query-input\":{\"@type\":\"PropertyValueSpecification\",\"valueRequired\":true,\"valueName\":\"search_term_string\"}}],\"inLanguage\":\"pt-BR\"},{\"@type\":\"Organization\",\"@id\":\"https:\/\/www.metagal.com.br\/blog\/#organization\",\"name\":\"Metagal - L\u00edder em Desenvolvimento e Produ\u00e7\u00e3o de Espelhos Retrovisores\",\"url\":\"https:\/\/www.metagal.com.br\/blog\/\",\"logo\":{\"@type\":\"ImageObject\",\"inLanguage\":\"pt-BR\",\"@id\":\"https:\/\/www.metagal.com.br\/blog\/#\/schema\/logo\/image\/\",\"url\":\"https:\/\/www.metagal.com.br\/blog\/wp-content\/uploads\/2018\/11\/Favicon.png\",\"contentUrl\":\"https:\/\/www.metagal.com.br\/blog\/wp-content\/uploads\/2018\/11\/Favicon.png\",\"width\":100,\"height\":100,\"caption\":\"Metagal - L\u00edder em Desenvolvimento e Produ\u00e7\u00e3o de Espelhos Retrovisores\"},\"image\":{\"@id\":\"https:\/\/www.metagal.com.br\/blog\/#\/schema\/logo\/image\/\"}},{\"@type\":\"Person\",\"@id\":\"https:\/\/www.metagal.com.br\/blog\/#\/schema\/person\/86708538b26ec57abb56975e5bc3f3bf\",\"name\":\"Metagal\",\"image\":{\"@type\":\"ImageObject\",\"inLanguage\":\"pt-BR\",\"@id\":\"https:\/\/www.metagal.com.br\/blog\/#\/schema\/person\/image\/\",\"url\":\"https:\/\/secure.gravatar.com\/avatar\/5b99f1b1706488192643fded2a661508?s=96&d=mm&r=g\",\"contentUrl\":\"https:\/\/secure.gravatar.com\/avatar\/5b99f1b1706488192643fded2a661508?s=96&d=mm&r=g\",\"caption\":\"Metagal\"},\"url\":\"https:\/\/www.metagal.com.br\/blog\/autor\/layerup\/\"}]}<\/script>\n<!-- \/ Yoast SEO plugin. -->","yoast_head_json":{"title":"Carro voador realiza teste in\u00e9dito","description":"Carro voador faz voo bem-sucedido e promete mudar o futuro da mobilidade urbana. Confira essa inova\u00e7\u00e3o no blog da Metagal!","robots":{"index":"index","follow":"follow","max-snippet":"max-snippet:-1","max-image-preview":"max-image-preview:large","max-video-preview":"max-video-preview:-1"},"canonical":"https:\/\/www.metagal.com.br\/blog\/carro-voador-2\/","og_locale":"pt_BR","og_type":"article","og_title":"Carro voador realiza teste in\u00e9dito","og_description":"Carro voador faz voo bem-sucedido e promete mudar o futuro da mobilidade urbana. Confira essa inova\u00e7\u00e3o no blog da Metagal!","og_url":"https:\/\/www.metagal.com.br\/blog\/carro-voador-2\/","og_site_name":"Blog Metagal","article_published_time":"2025-04-09T20:22:53+00:00","og_image":[{"width":1429,"height":837,"url":"https:\/\/www.metagal.com.br\/blog\/wp-content\/uploads\/2025\/04\/carro-voador.jpg","type":"image\/jpeg"}],"author":"Metagal","twitter_card":"summary_large_image","twitter_misc":{"Escrito por":"Metagal","Est. tempo de leitura":"5 minutos"},"schema":{"@context":"https:\/\/schema.org","@graph":[{"@type":"Article","@id":"https:\/\/www.metagal.com.br\/blog\/carro-voador-2\/#article","isPartOf":{"@id":"https:\/\/www.metagal.com.br\/blog\/carro-voador-2\/"},"author":{"name":"Metagal","@id":"https:\/\/www.metagal.com.br\/blog\/#\/schema\/person\/86708538b26ec57abb56975e5bc3f3bf"},"headline":"Carro voador sobrevoa com sucesso e torna o futuro da mobilidade uma realidade","datePublished":"2025-04-09T20:22:53+00:00","mainEntityOfPage":{"@id":"https:\/\/www.metagal.com.br\/blog\/carro-voador-2\/"},"wordCount":856,"commentCount":0,"publisher":{"@id":"https:\/\/www.metagal.com.br\/blog\/#organization"},"image":{"@id":"https:\/\/www.metagal.com.br\/blog\/carro-voador-2\/#primaryimage"},"thumbnailUrl":"https:\/\/www.metagal.com.br\/blog\/wp-content\/uploads\/2025\/04\/carro-voador.jpg","keywords":["Alef Aeronautics","Carro voador","eVTOLs","mobilidade urbana","Teste de carro"],"articleSection":["Tecnologia"],"inLanguage":"pt-BR","potentialAction":[{"@type":"CommentAction","name":"Comment","target":["https:\/\/www.metagal.com.br\/blog\/carro-voador-2\/#respond"]}]},{"@type":"WebPage","@id":"https:\/\/www.metagal.com.br\/blog\/carro-voador-2\/","url":"https:\/\/www.metagal.com.br\/blog\/carro-voador-2\/","name":"Carro voador realiza teste in\u00e9dito","isPartOf":{"@id":"https:\/\/www.metagal.com.br\/blog\/#website"},"primaryImageOfPage":{"@id":"https:\/\/www.metagal.com.br\/blog\/carro-voador-2\/#primaryimage"},"image":{"@id":"https:\/\/www.metagal.com.br\/blog\/carro-voador-2\/#primaryimage"},"thumbnailUrl":"https:\/\/www.metagal.com.br\/blog\/wp-content\/uploads\/2025\/04\/carro-voador.jpg","datePublished":"2025-04-09T20:22:53+00:00","description":"Carro voador faz voo bem-sucedido e promete mudar o futuro da mobilidade urbana. Confira essa inova\u00e7\u00e3o no blog da Metagal!","breadcrumb":{"@id":"https:\/\/www.metagal.com.br\/blog\/carro-voador-2\/#breadcrumb"},"inLanguage":"pt-BR","potentialAction":[{"@type":"ReadAction","target":["https:\/\/www.metagal.com.br\/blog\/carro-voador-2\/"]}]},{"@type":"ImageObject","inLanguage":"pt-BR","@id":"https:\/\/www.metagal.com.br\/blog\/carro-voador-2\/#primaryimage","url":"https:\/\/www.metagal.com.br\/blog\/wp-content\/uploads\/2025\/04\/carro-voador.jpg","contentUrl":"https:\/\/www.metagal.com.br\/blog\/wp-content\/uploads\/2025\/04\/carro-voador.jpg","width":1429,"height":837,"caption":"Imagem do Model A da Alef Aeronautics"},{"@type":"BreadcrumbList","@id":"https:\/\/www.metagal.com.br\/blog\/carro-voador-2\/#breadcrumb","itemListElement":[{"@type":"ListItem","position":1,"name":"In\u00edcio","item":"https:\/\/www.metagal.com.br\/blog\/"},{"@type":"ListItem","position":2,"name":"Carro voador sobrevoa com sucesso e torna o futuro da mobilidade uma realidade"}]},{"@type":"WebSite","@id":"https:\/\/www.metagal.com.br\/blog\/#website","url":"https:\/\/www.metagal.com.br\/blog\/","name":"Blog Metagal","description":"Metagal | L\u00edder no desenvolvimento e produ\u00e7\u00e3o de espelhos retrovisores","publisher":{"@id":"https:\/\/www.metagal.com.br\/blog\/#organization"},"potentialAction":[{"@type":"SearchAction","target":{"@type":"EntryPoint","urlTemplate":"https:\/\/www.metagal.com.br\/blog\/?s={search_term_string}"},"query-input":{"@type":"PropertyValueSpecification","valueRequired":true,"valueName":"search_term_string"}}],"inLanguage":"pt-BR"},{"@type":"Organization","@id":"https:\/\/www.metagal.com.br\/blog\/#organization","name":"Metagal - L\u00edder em Desenvolvimento e Produ\u00e7\u00e3o de Espelhos Retrovisores","url":"https:\/\/www.metagal.com.br\/blog\/","logo":{"@type":"ImageObject","inLanguage":"pt-BR","@id":"https:\/\/www.metagal.com.br\/blog\/#\/schema\/logo\/image\/","url":"https:\/\/www.metagal.com.br\/blog\/wp-content\/uploads\/2018\/11\/Favicon.png","contentUrl":"https:\/\/www.metagal.com.br\/blog\/wp-content\/uploads\/2018\/11\/Favicon.png","width":100,"height":100,"caption":"Metagal - L\u00edder em Desenvolvimento e Produ\u00e7\u00e3o de Espelhos Retrovisores"},"image":{"@id":"https:\/\/www.metagal.com.br\/blog\/#\/schema\/logo\/image\/"}},{"@type":"Person","@id":"https:\/\/www.metagal.com.br\/blog\/#\/schema\/person\/86708538b26ec57abb56975e5bc3f3bf","name":"Metagal","image":{"@type":"ImageObject","inLanguage":"pt-BR","@id":"https:\/\/www.metagal.com.br\/blog\/#\/schema\/person\/image\/","url":"https:\/\/secure.gravatar.com\/avatar\/5b99f1b1706488192643fded2a661508?s=96&d=mm&r=g","contentUrl":"https:\/\/secure.gravatar.com\/avatar\/5b99f1b1706488192643fded2a661508?s=96&d=mm&r=g","caption":"Metagal"},"url":"https:\/\/www.metagal.com.br\/blog\/autor\/layerup\/"}]}},"_links":{"self":[{"href":"https:\/\/www.metagal.com.br\/blog\/wp-json\/wp\/v2\/posts\/5267","targetHints":{"allow":["GET"]}}],"collection":[{"href":"https:\/\/www.metagal.com.br\/blog\/wp-json\/wp\/v2\/posts"}],"about":[{"href":"https:\/\/www.metagal.com.br\/blog\/wp-json\/wp\/v2\/types\/post"}],"author":[{"embeddable":true,"href":"https:\/\/www.metagal.com.br\/blog\/wp-json\/wp\/v2\/users\/1"}],"replies":[{"embeddable":true,"href":"https:\/\/www.metagal.com.br\/blog\/wp-json\/wp\/v2\/comments?post=5267"}],"version-history":[{"count":3,"href":"https:\/\/www.metagal.com.br\/blog\/wp-json\/wp\/v2\/posts\/5267\/revisions"}],"predecessor-version":[{"id":5274,"href":"https:\/\/www.metagal.com.br\/blog\/wp-json\/wp\/v2\/posts\/5267\/revisions\/5274"}],"wp:featuredmedia":[{"embeddable":true,"href":"https:\/\/www.metagal.com.br\/blog\/wp-json\/wp\/v2\/media\/5271"}],"wp:attachment":[{"href":"https:\/\/www.metagal.com.br\/blog\/wp-json\/wp\/v2\/media?parent=5267"}],"wp:term":[{"taxonomy":"category","embeddable":true,"href":"https:\/\/www.metagal.com.br\/blog\/wp-json\/wp\/v2\/categories?post=5267"},{"taxonomy":"post_tag","embeddable":true,"href":"https:\/\/www.metagal.com.br\/blog\/wp-json\/wp\/v2\/tags?post=5267"}],"curies":[{"name":"wp","href":"https:\/\/api.w.org\/{rel}","templated":true}]}}