{"id":5323,"date":"2025-08-13T14:34:22","date_gmt":"2025-08-13T17:34:22","guid":{"rendered":"https:\/\/www.metagal.com.br\/blog\/?p=5323"},"modified":"2025-07-29T14:40:47","modified_gmt":"2025-07-29T17:40:47","slug":"pecas-automotivas-e-esg-o-setor-esta-mudando-para-melhor","status":"publish","type":"post","link":"https:\/\/www.metagal.com.br\/blog\/pecas-automotivas-e-esg-o-setor-esta-mudando-para-melhor\/","title":{"rendered":"Pe\u00e7as automotivas e ESG: o setor est\u00e1 mudando para melhor?"},"content":{"rendered":"<p><span style=\"font-weight: 400;\">Pe\u00e7as automotivas s\u00e3o elementos essenciais para o funcionamento seguro e eficiente de qualquer ve\u00edculo. Mas, para al\u00e9m da fun\u00e7\u00e3o t\u00e9cnica, elas tamb\u00e9m est\u00e3o no centro de uma transforma\u00e7\u00e3o: a ado\u00e7\u00e3o de pr\u00e1ticas sustent\u00e1veis e respons\u00e1veis por parte da ind\u00fastria automotiva.<\/span><\/p>\n<p><span style=\"font-weight: 400;\">\u00c0 medida que o ESG (<\/span><i><span style=\"font-weight: 400;\">Environmental, Social and Governance<\/span><\/i><span style=\"font-weight: 400;\">) ganha for\u00e7a, empresas de autope\u00e7as v\u00eam<\/span><b> repensando seus modelos produtivos<\/b><span style=\"font-weight: 400;\">, investindo em materiais recicl\u00e1veis, processos com menor impacto ambiental e pol\u00edticas sociais mais transparentes.<\/span><\/p>\n<p><span style=\"font-weight: 400;\">E o movimento \u00e9 urgente: <\/span><a href=\"https:\/\/anfavea.com.br\/site\/wp-content\/uploads\/2023\/04\/ANUARIO-ANFAVEA-2023.pdf?utm_medium=blogpost&amp;utm_source=site&amp;utm_campaign=pecas-automotivas-esg&amp;utm_term=trafego&amp;utm_content=hiperlink\"><span style=\"font-weight: 400;\">em 2023, <\/span><b>o setor automotivo foi respons\u00e1vel por 9% do PIB industrial brasileiro<\/b><\/a><span style=\"font-weight: 400;\">, segundo dados da Anfavea (Anu\u00e1rio da Ind\u00fastria Automobil\u00edstica Brasileira). Com esse peso na economia, tamb\u00e9m vem a responsabilidade e a necessidade de alinhar produ\u00e7\u00e3o e sustentabilidade.\u00a0<\/span><\/p>\n<h2><span style=\"font-weight: 400;\">O que ESG tem a ver com pe\u00e7as automotivas?<\/span><\/h2>\n<p><span style=\"font-weight: 400;\">Muito mais do que uma sigla, o ESG passou a ser um <\/span><b>crit\u00e9rio essencial para o mercado e para os consumidores.<\/b><span style=\"font-weight: 400;\">\u00a0<\/span><\/p>\n<p><span style=\"font-weight: 400;\">Empresas automotivas com pr\u00e1ticas sustent\u00e1veis est\u00e3o mais bem posicionadas para receber investimentos, atrair talentos e manter a confian\u00e7a do consumidor.<\/span><\/p>\n<p><span style=\"font-weight: 400;\">No setor de autope\u00e7as, isso se traduz em a\u00e7\u00f5es como:<\/span><\/p>\n<ul>\n<li aria-level=\"1\"><b>Uso de mat\u00e9ria-prima reciclada ou recicl\u00e1vel<\/b><\/li>\n<\/ul>\n<ul>\n<li aria-level=\"1\"><b>Redu\u00e7\u00e3o do consumo energ\u00e9tico nas f\u00e1bricas<\/b><\/li>\n<\/ul>\n<ul>\n<li aria-level=\"1\"><b>Processos produtivos com menor emiss\u00e3o de CO\u2082<\/b><\/li>\n<\/ul>\n<ul>\n<li aria-level=\"1\"><b>Gest\u00e3o de res\u00edduos mais eficiente<\/b><\/li>\n<\/ul>\n<ul>\n<li aria-level=\"1\"><b>Certifica\u00e7\u00f5es ambientais e de qualidade<\/b><\/li>\n<\/ul>\n<ul>\n<li aria-level=\"1\"><b>Compromisso com o bem-estar de colaboradores e comunidades<\/b><\/li>\n<\/ul>\n<p><span style=\"font-weight: 400;\">Para se ter uma ideia, consumidores est\u00e3o dispostos a <\/span><b>pagar mais<\/b><span style=\"font-weight: 400;\"> por produtos que se alinham com seus valores ESG, chegando a at\u00e9 10% a mais, ou mais, segundo a <\/span><a href=\"https:\/\/www.mckinsey.com\/industries\/consumer-packaged-goods\/our-insights\/consumers-care-about-sustainability-and-back-it-up-with-their-wallets?utm_medium=blogpost&amp;utm_source=site&amp;utm_campaign=pecas-automotivas-esg&amp;utm_term=trafego&amp;utm_content=hiperlink\"><span style=\"font-weight: 400;\">McKinsey<\/span><\/a><span style=\"font-weight: 400;\"> e a <\/span><a href=\"https:\/\/brasil.newsroom.ibm.com\/2020-01-10-Estudo-IBM-Consumidores-pagarao-em-media-35-a-mais-por-produtos-sustentaveis-e-de-procedencia-transparente-em-2020?utm_medium=blogpost&amp;utm_source=site&amp;utm_campaign=pecas-automotivas-esg&amp;utm_term=trafego&amp;utm_content=hiperlink\"><span style=\"font-weight: 400;\">IBM<\/span><\/a><span style=\"font-weight: 400;\">.\u00a0<\/span><\/p>\n<h2><span style=\"font-weight: 400;\">Quais s\u00e3o os desafios?<\/span><\/h2>\n<p><span style=\"font-weight: 400;\">Mesmo com avan\u00e7os importantes, o caminho da sustentabilidade ainda enfrenta obst\u00e1culos no setor de autope\u00e7as, como o alto custo de tecnologias mais limpas, dificuldade de adapta\u00e7\u00e3o de fornecedores e parceiros, press\u00e3o por pre\u00e7os baixos em um mercado altamente competitivo e resist\u00eancia cultural em empresas com processos tradicionais.<\/span><\/p>\n<p><span style=\"font-weight: 400;\">Apesar disso, a boa not\u00edcia \u00e9 que <\/span><b>as marcas que lideram essa transforma\u00e7\u00e3o tendem a sair na frente<\/b><span style=\"font-weight: 400;\">, tanto na confian\u00e7a do consumidor quanto no mercado B2B.<\/span><\/p>\n<h2><span style=\"font-weight: 400;\">Por que apostar em pr\u00e1ticas sustent\u00e1veis?<\/span><\/h2>\n<p><span style=\"font-weight: 400;\">As vantagens para empresas do setor automotivo que adotam o ESG s\u00e3o cada vez mais evidentes:<\/span><\/p>\n<p><img loading=\"lazy\" decoding=\"async\" class=\"alignnone wp-image-5324 size-full\" src=\"https:\/\/www.metagal.com.br\/blog\/wp-content\/uploads\/2025\/07\/MG_blogpost2_Julho_2025_V1-02.png\" alt=\"Redu\u00e7\u00e3o de custos a m\u00e9dio prazo\nAcesso facilitado a investidores e cr\u00e9dito\nMelhora da reputa\u00e7\u00e3o da marca\nFideliza\u00e7\u00e3o de clientes e atra\u00e7\u00e3o de talentos\nPrepara\u00e7\u00e3o para legisla\u00e7\u00f5es ambientais futuras\n\" width=\"740\" height=\"476\" srcset=\"https:\/\/www.metagal.com.br\/blog\/wp-content\/uploads\/2025\/07\/MG_blogpost2_Julho_2025_V1-02.png 740w, https:\/\/www.metagal.com.br\/blog\/wp-content\/uploads\/2025\/07\/MG_blogpost2_Julho_2025_V1-02-300x193.png 300w\" sizes=\"auto, (max-width: 740px) 100vw, 740px\" \/><\/p>\n<p><span style=\"font-weight: 400;\">Al\u00e9m disso, consumidores e gestores cada vez mais exigem transpar\u00eancia e compromisso e isso vale, tamb\u00e9m, para a escolha de pe\u00e7as automotivas e seus fornecedores.<\/span><\/p>\n<h2><span style=\"font-weight: 400;\">ESG e ODS: o compromisso da Metagal com o futuro da mobilidade<\/span><\/h2>\n<p><span style=\"font-weight: 400;\">Muito al\u00e9m da efici\u00eancia industrial, a Metagal entende que inovar tamb\u00e9m \u00e9 assumir responsabilidade. Por isso, a marca integra as pr\u00e1ticas de ESG (Ambiental, Social e Governan\u00e7a) \u00e0 sua atua\u00e7\u00e3o, sempre alinhada aos Objetivos de Desenvolvimento Sustent\u00e1vel (ODS) propostos pela ONU na Agenda 2030.<\/span><\/p>\n<p><span style=\"font-weight: 400;\">Esses compromissos globais guiam iniciativas que conectam a ind\u00fastria automotiva a temas como:<\/span><\/p>\n<ul>\n<li style=\"font-weight: 400;\" aria-level=\"1\"><span style=\"font-weight: 400;\">Produ\u00e7\u00e3o respons\u00e1vel e com menor impacto ambiental<\/span><\/li>\n<li style=\"font-weight: 400;\" aria-level=\"1\"><span style=\"font-weight: 400;\">Seguran\u00e7a no tr\u00e2nsito como pauta coletiva<\/span><\/li>\n<li style=\"font-weight: 400;\" aria-level=\"1\"><span style=\"font-weight: 400;\">Inova\u00e7\u00e3o com prop\u00f3sito<\/span><\/li>\n<li style=\"font-weight: 400;\" aria-level=\"1\"><span style=\"font-weight: 400;\">Efici\u00eancia energ\u00e9tica e uso consciente de recursos<\/span><\/li>\n<\/ul>\n<p><span style=\"font-weight: 400;\">A Metagal acompanha de perto esse movimento. Em sua planta industrial, o ESG se manifesta em a\u00e7\u00f5es concretas, com certifica\u00e7\u00f5es internacionais como IATF 16949, ISO 9001 e ISO 14001, Lean Manufacturing para otimizar recursos com efici\u00eancia, al\u00e9m de tecnologia limpa e automa\u00e7\u00e3o inteligente e engenharia voltada \u00e0 durabilidade e performance com menor impacto.<\/span><\/p>\n<p><span style=\"font-weight: 400;\">Com esse compromisso, a Metagal contribui para uma mobilidade mais inteligente, segura e sustent\u00e1vel e refor\u00e7a que cuidar do futuro come\u00e7a com escolhas conscientes no presente.<\/span><\/p>\n<p><b>Quer entender como o comportamento do consumidor est\u00e1 mudando?<\/b><span style=\"font-weight: 400;\"> A Metagal preparou um material exclusivo para voc\u00ea:<\/span><\/p>\n<p><a href=\"https:\/\/materiais.metagal.com.br\/voce-conhece-o-consumidor-do-segmento-automotivo?utm_medium=blogpost&amp;utm_source=site&amp;utm_campaign=pecas-automotivas-esg&amp;utm_term=conversao&amp;utm_content=cta\"><img loading=\"lazy\" decoding=\"async\" class=\"alignnone wp-image-5325 size-full\" src=\"https:\/\/www.metagal.com.br\/blog\/wp-content\/uploads\/2025\/07\/MG_blogpost2_Julho_2025_V1-03.png\" alt=\"E-book gratuito\nVoc\u00ea conhece o novo consumidor do segmento automotivo?\nBot\u00e3o: Acesse o material \" width=\"768\" height=\"256\" srcset=\"https:\/\/www.metagal.com.br\/blog\/wp-content\/uploads\/2025\/07\/MG_blogpost2_Julho_2025_V1-03.png 768w, https:\/\/www.metagal.com.br\/blog\/wp-content\/uploads\/2025\/07\/MG_blogpost2_Julho_2025_V1-03-300x100.png 300w\" sizes=\"auto, (max-width: 768px) 100vw, 768px\" \/><\/a><\/p>\n","protected":false},"excerpt":{"rendered":"<p>Pe\u00e7as automotivas s\u00e3o elementos essenciais para o funcionamento seguro e eficiente de qualquer ve\u00edculo. Mas, para al\u00e9m da fun\u00e7\u00e3o t\u00e9cnica,&#8230;<\/p>\n","protected":false},"author":1,"featured_media":5326,"comment_status":"open","ping_status":"open","sticky":false,"template":"","format":"standard","meta":{"footnotes":""},"categories":[113,112],"tags":[236,371,247,260],"class_list":["post-5323","post","type-post","status-publish","format-standard","has-post-thumbnail","hentry","category-mercado","category-tecnologia","tag-mercado-automotivo","tag-sustentabilidade","tag-tecnologia","tag-tecnologias-automotivas"],"yoast_head":"<!-- This site is optimized with the Yoast SEO plugin v25.9 - https:\/\/yoast.com\/wordpress\/plugins\/seo\/ -->\n<title>Pe\u00e7as automotivas e ESG: a ind\u00fastria est\u00e1 mudando<\/title>\n<meta name=\"description\" content=\"Descubra como a ind\u00fastria de pe\u00e7as automotivas est\u00e1 adotando pr\u00e1ticas ESG com foco em sustentabilidade, inova\u00e7\u00e3o e responsabilidade social.\" \/>\n<meta name=\"robots\" content=\"index, follow, max-snippet:-1, max-image-preview:large, max-video-preview:-1\" \/>\n<link rel=\"canonical\" href=\"https:\/\/www.metagal.com.br\/blog\/pecas-automotivas-e-esg-o-setor-esta-mudando-para-melhor\/\" \/>\n<meta property=\"og:locale\" content=\"pt_BR\" \/>\n<meta property=\"og:type\" content=\"article\" \/>\n<meta property=\"og:title\" content=\"Pe\u00e7as automotivas e ESG: a ind\u00fastria est\u00e1 mudando\" \/>\n<meta property=\"og:description\" content=\"Descubra como a ind\u00fastria de pe\u00e7as automotivas est\u00e1 adotando pr\u00e1ticas ESG com foco em sustentabilidade, inova\u00e7\u00e3o e responsabilidade social.\" \/>\n<meta property=\"og:url\" content=\"https:\/\/www.metagal.com.br\/blog\/pecas-automotivas-e-esg-o-setor-esta-mudando-para-melhor\/\" \/>\n<meta property=\"og:site_name\" content=\"Blog Metagal\" \/>\n<meta property=\"article:published_time\" content=\"2025-08-13T17:34:22+00:00\" \/>\n<meta property=\"og:image\" content=\"https:\/\/www.metagal.com.br\/blog\/wp-content\/uploads\/2025\/07\/MG_blogpost2_Julho_2025_V1-01.png\" \/>\n\t<meta property=\"og:image:width\" content=\"1516\" \/>\n\t<meta property=\"og:image:height\" content=\"864\" \/>\n\t<meta property=\"og:image:type\" content=\"image\/png\" \/>\n<meta name=\"author\" content=\"Metagal\" \/>\n<meta name=\"twitter:card\" content=\"summary_large_image\" \/>\n<meta name=\"twitter:label1\" content=\"Escrito por\" \/>\n\t<meta name=\"twitter:data1\" content=\"Metagal\" \/>\n\t<meta name=\"twitter:label2\" content=\"Est. tempo de leitura\" \/>\n\t<meta name=\"twitter:data2\" content=\"4 minutos\" \/>\n<script type=\"application\/ld+json\" class=\"yoast-schema-graph\">{\"@context\":\"https:\/\/schema.org\",\"@graph\":[{\"@type\":\"Article\",\"@id\":\"https:\/\/www.metagal.com.br\/blog\/pecas-automotivas-e-esg-o-setor-esta-mudando-para-melhor\/#article\",\"isPartOf\":{\"@id\":\"https:\/\/www.metagal.com.br\/blog\/pecas-automotivas-e-esg-o-setor-esta-mudando-para-melhor\/\"},\"author\":{\"name\":\"Metagal\",\"@id\":\"https:\/\/www.metagal.com.br\/blog\/#\/schema\/person\/86708538b26ec57abb56975e5bc3f3bf\"},\"headline\":\"Pe\u00e7as automotivas e ESG: o setor est\u00e1 mudando para melhor?\",\"datePublished\":\"2025-08-13T17:34:22+00:00\",\"mainEntityOfPage\":{\"@id\":\"https:\/\/www.metagal.com.br\/blog\/pecas-automotivas-e-esg-o-setor-esta-mudando-para-melhor\/\"},\"wordCount\":645,\"commentCount\":0,\"publisher\":{\"@id\":\"https:\/\/www.metagal.com.br\/blog\/#organization\"},\"image\":{\"@id\":\"https:\/\/www.metagal.com.br\/blog\/pecas-automotivas-e-esg-o-setor-esta-mudando-para-melhor\/#primaryimage\"},\"thumbnailUrl\":\"https:\/\/www.metagal.com.br\/blog\/wp-content\/uploads\/2025\/07\/MG_blogpost2_Julho_2025_V1-01.png\",\"keywords\":[\"mercado automotivo\",\"sustentabilidade\",\"tecnologia\",\"Tecnologias automotivas\"],\"articleSection\":[\"Mercado\",\"Tecnologia\"],\"inLanguage\":\"pt-BR\",\"potentialAction\":[{\"@type\":\"CommentAction\",\"name\":\"Comment\",\"target\":[\"https:\/\/www.metagal.com.br\/blog\/pecas-automotivas-e-esg-o-setor-esta-mudando-para-melhor\/#respond\"]}]},{\"@type\":\"WebPage\",\"@id\":\"https:\/\/www.metagal.com.br\/blog\/pecas-automotivas-e-esg-o-setor-esta-mudando-para-melhor\/\",\"url\":\"https:\/\/www.metagal.com.br\/blog\/pecas-automotivas-e-esg-o-setor-esta-mudando-para-melhor\/\",\"name\":\"Pe\u00e7as automotivas e ESG: a ind\u00fastria est\u00e1 mudando\",\"isPartOf\":{\"@id\":\"https:\/\/www.metagal.com.br\/blog\/#website\"},\"primaryImageOfPage\":{\"@id\":\"https:\/\/www.metagal.com.br\/blog\/pecas-automotivas-e-esg-o-setor-esta-mudando-para-melhor\/#primaryimage\"},\"image\":{\"@id\":\"https:\/\/www.metagal.com.br\/blog\/pecas-automotivas-e-esg-o-setor-esta-mudando-para-melhor\/#primaryimage\"},\"thumbnailUrl\":\"https:\/\/www.metagal.com.br\/blog\/wp-content\/uploads\/2025\/07\/MG_blogpost2_Julho_2025_V1-01.png\",\"datePublished\":\"2025-08-13T17:34:22+00:00\",\"description\":\"Descubra como a ind\u00fastria de pe\u00e7as automotivas est\u00e1 adotando pr\u00e1ticas ESG com foco em sustentabilidade, inova\u00e7\u00e3o e responsabilidade social.\",\"breadcrumb\":{\"@id\":\"https:\/\/www.metagal.com.br\/blog\/pecas-automotivas-e-esg-o-setor-esta-mudando-para-melhor\/#breadcrumb\"},\"inLanguage\":\"pt-BR\",\"potentialAction\":[{\"@type\":\"ReadAction\",\"target\":[\"https:\/\/www.metagal.com.br\/blog\/pecas-automotivas-e-esg-o-setor-esta-mudando-para-melhor\/\"]}]},{\"@type\":\"ImageObject\",\"inLanguage\":\"pt-BR\",\"@id\":\"https:\/\/www.metagal.com.br\/blog\/pecas-automotivas-e-esg-o-setor-esta-mudando-para-melhor\/#primaryimage\",\"url\":\"https:\/\/www.metagal.com.br\/blog\/wp-content\/uploads\/2025\/07\/MG_blogpost2_Julho_2025_V1-01.png\",\"contentUrl\":\"https:\/\/www.metagal.com.br\/blog\/wp-content\/uploads\/2025\/07\/MG_blogpost2_Julho_2025_V1-01.png\",\"width\":1516,\"height\":864},{\"@type\":\"BreadcrumbList\",\"@id\":\"https:\/\/www.metagal.com.br\/blog\/pecas-automotivas-e-esg-o-setor-esta-mudando-para-melhor\/#breadcrumb\",\"itemListElement\":[{\"@type\":\"ListItem\",\"position\":1,\"name\":\"In\u00edcio\",\"item\":\"https:\/\/www.metagal.com.br\/blog\/\"},{\"@type\":\"ListItem\",\"position\":2,\"name\":\"Pe\u00e7as automotivas e ESG: o setor est\u00e1 mudando para melhor?\"}]},{\"@type\":\"WebSite\",\"@id\":\"https:\/\/www.metagal.com.br\/blog\/#website\",\"url\":\"https:\/\/www.metagal.com.br\/blog\/\",\"name\":\"Blog Metagal\",\"description\":\"Metagal | L\u00edder no desenvolvimento e produ\u00e7\u00e3o de espelhos retrovisores\",\"publisher\":{\"@id\":\"https:\/\/www.metagal.com.br\/blog\/#organization\"},\"potentialAction\":[{\"@type\":\"SearchAction\",\"target\":{\"@type\":\"EntryPoint\",\"urlTemplate\":\"https:\/\/www.metagal.com.br\/blog\/?s={search_term_string}\"},\"query-input\":{\"@type\":\"PropertyValueSpecification\",\"valueRequired\":true,\"valueName\":\"search_term_string\"}}],\"inLanguage\":\"pt-BR\"},{\"@type\":\"Organization\",\"@id\":\"https:\/\/www.metagal.com.br\/blog\/#organization\",\"name\":\"Metagal - L\u00edder em Desenvolvimento e Produ\u00e7\u00e3o de Espelhos Retrovisores\",\"url\":\"https:\/\/www.metagal.com.br\/blog\/\",\"logo\":{\"@type\":\"ImageObject\",\"inLanguage\":\"pt-BR\",\"@id\":\"https:\/\/www.metagal.com.br\/blog\/#\/schema\/logo\/image\/\",\"url\":\"https:\/\/www.metagal.com.br\/blog\/wp-content\/uploads\/2018\/11\/Favicon.png\",\"contentUrl\":\"https:\/\/www.metagal.com.br\/blog\/wp-content\/uploads\/2018\/11\/Favicon.png\",\"width\":100,\"height\":100,\"caption\":\"Metagal - L\u00edder em Desenvolvimento e Produ\u00e7\u00e3o de Espelhos Retrovisores\"},\"image\":{\"@id\":\"https:\/\/www.metagal.com.br\/blog\/#\/schema\/logo\/image\/\"}},{\"@type\":\"Person\",\"@id\":\"https:\/\/www.metagal.com.br\/blog\/#\/schema\/person\/86708538b26ec57abb56975e5bc3f3bf\",\"name\":\"Metagal\",\"image\":{\"@type\":\"ImageObject\",\"inLanguage\":\"pt-BR\",\"@id\":\"https:\/\/www.metagal.com.br\/blog\/#\/schema\/person\/image\/\",\"url\":\"https:\/\/secure.gravatar.com\/avatar\/5b99f1b1706488192643fded2a661508?s=96&d=mm&r=g\",\"contentUrl\":\"https:\/\/secure.gravatar.com\/avatar\/5b99f1b1706488192643fded2a661508?s=96&d=mm&r=g\",\"caption\":\"Metagal\"},\"url\":\"https:\/\/www.metagal.com.br\/blog\/autor\/layerup\/\"}]}<\/script>\n<!-- \/ Yoast SEO plugin. -->","yoast_head_json":{"title":"Pe\u00e7as automotivas e ESG: a ind\u00fastria est\u00e1 mudando","description":"Descubra como a ind\u00fastria de pe\u00e7as automotivas est\u00e1 adotando pr\u00e1ticas ESG com foco em sustentabilidade, inova\u00e7\u00e3o e responsabilidade social.","robots":{"index":"index","follow":"follow","max-snippet":"max-snippet:-1","max-image-preview":"max-image-preview:large","max-video-preview":"max-video-preview:-1"},"canonical":"https:\/\/www.metagal.com.br\/blog\/pecas-automotivas-e-esg-o-setor-esta-mudando-para-melhor\/","og_locale":"pt_BR","og_type":"article","og_title":"Pe\u00e7as automotivas e ESG: a ind\u00fastria est\u00e1 mudando","og_description":"Descubra como a ind\u00fastria de pe\u00e7as automotivas est\u00e1 adotando pr\u00e1ticas ESG com foco em sustentabilidade, inova\u00e7\u00e3o e responsabilidade social.","og_url":"https:\/\/www.metagal.com.br\/blog\/pecas-automotivas-e-esg-o-setor-esta-mudando-para-melhor\/","og_site_name":"Blog Metagal","article_published_time":"2025-08-13T17:34:22+00:00","og_image":[{"width":1516,"height":864,"url":"https:\/\/www.metagal.com.br\/blog\/wp-content\/uploads\/2025\/07\/MG_blogpost2_Julho_2025_V1-01.png","type":"image\/png"}],"author":"Metagal","twitter_card":"summary_large_image","twitter_misc":{"Escrito por":"Metagal","Est. tempo de leitura":"4 minutos"},"schema":{"@context":"https:\/\/schema.org","@graph":[{"@type":"Article","@id":"https:\/\/www.metagal.com.br\/blog\/pecas-automotivas-e-esg-o-setor-esta-mudando-para-melhor\/#article","isPartOf":{"@id":"https:\/\/www.metagal.com.br\/blog\/pecas-automotivas-e-esg-o-setor-esta-mudando-para-melhor\/"},"author":{"name":"Metagal","@id":"https:\/\/www.metagal.com.br\/blog\/#\/schema\/person\/86708538b26ec57abb56975e5bc3f3bf"},"headline":"Pe\u00e7as automotivas e ESG: o setor est\u00e1 mudando para melhor?","datePublished":"2025-08-13T17:34:22+00:00","mainEntityOfPage":{"@id":"https:\/\/www.metagal.com.br\/blog\/pecas-automotivas-e-esg-o-setor-esta-mudando-para-melhor\/"},"wordCount":645,"commentCount":0,"publisher":{"@id":"https:\/\/www.metagal.com.br\/blog\/#organization"},"image":{"@id":"https:\/\/www.metagal.com.br\/blog\/pecas-automotivas-e-esg-o-setor-esta-mudando-para-melhor\/#primaryimage"},"thumbnailUrl":"https:\/\/www.metagal.com.br\/blog\/wp-content\/uploads\/2025\/07\/MG_blogpost2_Julho_2025_V1-01.png","keywords":["mercado automotivo","sustentabilidade","tecnologia","Tecnologias automotivas"],"articleSection":["Mercado","Tecnologia"],"inLanguage":"pt-BR","potentialAction":[{"@type":"CommentAction","name":"Comment","target":["https:\/\/www.metagal.com.br\/blog\/pecas-automotivas-e-esg-o-setor-esta-mudando-para-melhor\/#respond"]}]},{"@type":"WebPage","@id":"https:\/\/www.metagal.com.br\/blog\/pecas-automotivas-e-esg-o-setor-esta-mudando-para-melhor\/","url":"https:\/\/www.metagal.com.br\/blog\/pecas-automotivas-e-esg-o-setor-esta-mudando-para-melhor\/","name":"Pe\u00e7as automotivas e ESG: a ind\u00fastria est\u00e1 mudando","isPartOf":{"@id":"https:\/\/www.metagal.com.br\/blog\/#website"},"primaryImageOfPage":{"@id":"https:\/\/www.metagal.com.br\/blog\/pecas-automotivas-e-esg-o-setor-esta-mudando-para-melhor\/#primaryimage"},"image":{"@id":"https:\/\/www.metagal.com.br\/blog\/pecas-automotivas-e-esg-o-setor-esta-mudando-para-melhor\/#primaryimage"},"thumbnailUrl":"https:\/\/www.metagal.com.br\/blog\/wp-content\/uploads\/2025\/07\/MG_blogpost2_Julho_2025_V1-01.png","datePublished":"2025-08-13T17:34:22+00:00","description":"Descubra como a ind\u00fastria de pe\u00e7as automotivas est\u00e1 adotando pr\u00e1ticas ESG com foco em sustentabilidade, inova\u00e7\u00e3o e responsabilidade social.","breadcrumb":{"@id":"https:\/\/www.metagal.com.br\/blog\/pecas-automotivas-e-esg-o-setor-esta-mudando-para-melhor\/#breadcrumb"},"inLanguage":"pt-BR","potentialAction":[{"@type":"ReadAction","target":["https:\/\/www.metagal.com.br\/blog\/pecas-automotivas-e-esg-o-setor-esta-mudando-para-melhor\/"]}]},{"@type":"ImageObject","inLanguage":"pt-BR","@id":"https:\/\/www.metagal.com.br\/blog\/pecas-automotivas-e-esg-o-setor-esta-mudando-para-melhor\/#primaryimage","url":"https:\/\/www.metagal.com.br\/blog\/wp-content\/uploads\/2025\/07\/MG_blogpost2_Julho_2025_V1-01.png","contentUrl":"https:\/\/www.metagal.com.br\/blog\/wp-content\/uploads\/2025\/07\/MG_blogpost2_Julho_2025_V1-01.png","width":1516,"height":864},{"@type":"BreadcrumbList","@id":"https:\/\/www.metagal.com.br\/blog\/pecas-automotivas-e-esg-o-setor-esta-mudando-para-melhor\/#breadcrumb","itemListElement":[{"@type":"ListItem","position":1,"name":"In\u00edcio","item":"https:\/\/www.metagal.com.br\/blog\/"},{"@type":"ListItem","position":2,"name":"Pe\u00e7as automotivas e ESG: o setor est\u00e1 mudando para melhor?"}]},{"@type":"WebSite","@id":"https:\/\/www.metagal.com.br\/blog\/#website","url":"https:\/\/www.metagal.com.br\/blog\/","name":"Blog Metagal","description":"Metagal | L\u00edder no desenvolvimento e produ\u00e7\u00e3o de espelhos retrovisores","publisher":{"@id":"https:\/\/www.metagal.com.br\/blog\/#organization"},"potentialAction":[{"@type":"SearchAction","target":{"@type":"EntryPoint","urlTemplate":"https:\/\/www.metagal.com.br\/blog\/?s={search_term_string}"},"query-input":{"@type":"PropertyValueSpecification","valueRequired":true,"valueName":"search_term_string"}}],"inLanguage":"pt-BR"},{"@type":"Organization","@id":"https:\/\/www.metagal.com.br\/blog\/#organization","name":"Metagal - L\u00edder em Desenvolvimento e Produ\u00e7\u00e3o de Espelhos Retrovisores","url":"https:\/\/www.metagal.com.br\/blog\/","logo":{"@type":"ImageObject","inLanguage":"pt-BR","@id":"https:\/\/www.metagal.com.br\/blog\/#\/schema\/logo\/image\/","url":"https:\/\/www.metagal.com.br\/blog\/wp-content\/uploads\/2018\/11\/Favicon.png","contentUrl":"https:\/\/www.metagal.com.br\/blog\/wp-content\/uploads\/2018\/11\/Favicon.png","width":100,"height":100,"caption":"Metagal - L\u00edder em Desenvolvimento e Produ\u00e7\u00e3o de Espelhos Retrovisores"},"image":{"@id":"https:\/\/www.metagal.com.br\/blog\/#\/schema\/logo\/image\/"}},{"@type":"Person","@id":"https:\/\/www.metagal.com.br\/blog\/#\/schema\/person\/86708538b26ec57abb56975e5bc3f3bf","name":"Metagal","image":{"@type":"ImageObject","inLanguage":"pt-BR","@id":"https:\/\/www.metagal.com.br\/blog\/#\/schema\/person\/image\/","url":"https:\/\/secure.gravatar.com\/avatar\/5b99f1b1706488192643fded2a661508?s=96&d=mm&r=g","contentUrl":"https:\/\/secure.gravatar.com\/avatar\/5b99f1b1706488192643fded2a661508?s=96&d=mm&r=g","caption":"Metagal"},"url":"https:\/\/www.metagal.com.br\/blog\/autor\/layerup\/"}]}},"_links":{"self":[{"href":"https:\/\/www.metagal.com.br\/blog\/wp-json\/wp\/v2\/posts\/5323","targetHints":{"allow":["GET"]}}],"collection":[{"href":"https:\/\/www.metagal.com.br\/blog\/wp-json\/wp\/v2\/posts"}],"about":[{"href":"https:\/\/www.metagal.com.br\/blog\/wp-json\/wp\/v2\/types\/post"}],"author":[{"embeddable":true,"href":"https:\/\/www.metagal.com.br\/blog\/wp-json\/wp\/v2\/users\/1"}],"replies":[{"embeddable":true,"href":"https:\/\/www.metagal.com.br\/blog\/wp-json\/wp\/v2\/comments?post=5323"}],"version-history":[{"count":1,"href":"https:\/\/www.metagal.com.br\/blog\/wp-json\/wp\/v2\/posts\/5323\/revisions"}],"predecessor-version":[{"id":5327,"href":"https:\/\/www.metagal.com.br\/blog\/wp-json\/wp\/v2\/posts\/5323\/revisions\/5327"}],"wp:featuredmedia":[{"embeddable":true,"href":"https:\/\/www.metagal.com.br\/blog\/wp-json\/wp\/v2\/media\/5326"}],"wp:attachment":[{"href":"https:\/\/www.metagal.com.br\/blog\/wp-json\/wp\/v2\/media?parent=5323"}],"wp:term":[{"taxonomy":"category","embeddable":true,"href":"https:\/\/www.metagal.com.br\/blog\/wp-json\/wp\/v2\/categories?post=5323"},{"taxonomy":"post_tag","embeddable":true,"href":"https:\/\/www.metagal.com.br\/blog\/wp-json\/wp\/v2\/tags?post=5323"}],"curies":[{"name":"wp","href":"https:\/\/api.w.org\/{rel}","templated":true}]}}