{"id":5390,"date":"2025-11-14T10:00:40","date_gmt":"2025-11-14T13:00:40","guid":{"rendered":"https:\/\/www.metagal.com.br\/blog\/?p=5390"},"modified":"2025-10-07T12:58:59","modified_gmt":"2025-10-07T15:58:59","slug":"neblina-e-baixa-visibilidade","status":"publish","type":"post","link":"https:\/\/www.metagal.com.br\/blog\/neblina-e-baixa-visibilidade\/","title":{"rendered":"Neblina e baixa visibilidade: o que todo motorista precisa saber para ter seguran\u00e7a na estrada"},"content":{"rendered":"<p><span style=\"font-weight: 400;\">A <\/span><b>baixa visibilidade<\/b><span style=\"font-weight: 400;\"> causada pela neblina representa um dos maiores desafios para a <\/span><b>seguran\u00e7a na estrada<\/b><span style=\"font-weight: 400;\">. Voc\u00ea j\u00e1 dirigiu em uma estrada tomada por essa condi\u00e7\u00e3o clim\u00e1tica? S\u00f3 quem j\u00e1 passou por essa situa\u00e7\u00e3o sabe o quanto isso pode ser perigoso e estressante.<\/span><span style=\"font-weight: 400;\"><br \/>\n<\/span><span style=\"font-weight: 400;\"><br \/>\n<\/span><span style=\"font-weight: 400;\">Esse fen\u00f4meno clim\u00e1tico \u00e9 muito comum em regi\u00f5es serranas e no Sul e Sudeste do Brasil. Nessas condi\u00e7\u00f5es, a <\/span><b>seguran\u00e7a na estrada<\/b><span style=\"font-weight: 400;\"> fica em risco, j\u00e1 que o motorista tem menos campo de vis\u00e3o e, consequentemente, menos tempo de rea\u00e7\u00e3o diante de imprevistos.<\/span><\/p>\n<p><span style=\"font-weight: 400;\">Hoje vamos explicar <\/span><b>por que a baixa visibilidade \u00e9 perigosa<\/b><span style=\"font-weight: 400;\">, trazer alguns <\/span><b>dados sobre acidentes<\/b><span style=\"font-weight: 400;\"> em rodovias brasileiras e mostrar como a tecnologia pode ser uma aliada para proteger vidas.<\/span><\/p>\n<h2><b>Por que a baixa visibilidade \u00e9 perigosa?<\/b><\/h2>\n<p><span style=\"font-weight: 400;\">Quando a <\/span><b>visibilidade \u00e9 comprometida<\/b><span style=\"font-weight: 400;\">, dirigir exige ainda mais aten\u00e7\u00e3o. A<\/span><a href=\"https:\/\/www.gov.br\/prf\/pt-br\/noticias\/estaduais\/parana\/2024\/julho\/baixa-visibilidade-prf-alerta-para-seguranca-nas-rodovias-em-dias-de-neblina\" target=\"_blank\" rel=\"noopener\"> <span style=\"font-weight: 400;\">Pol\u00edcia Rodovi\u00e1ria Federal alerta<\/span><\/a><span style=\"font-weight: 400;\"> que a <\/span><b>baixa visibilidade<\/b><span style=\"font-weight: 400;\"> \u00e9 uma das principais<\/span><b> causas de colis\u00f5es e engavetamentos em rodovias<\/b><span style=\"font-weight: 400;\">, principalmente em trechos de serra.<\/span><\/p>\n<p><span style=\"font-weight: 400;\">Em julho de 2025, a <\/span><a href=\"https:\/\/correiodopovopenedo.com.br\/noticia\/2025\/07\/15\/neblina-forte-causa-engavetamento-de-15-veiculos-em-sc\" target=\"_blank\" rel=\"noopener\"><span style=\"font-weight: 400;\">forte neblina na BR-101 em Santa Catarina causou um engavetamento de 15 ve\u00edculos<\/span><\/a><span style=\"font-weight: 400;\">, refor\u00e7ando como essa condi\u00e7\u00e3o clim\u00e1tica aumenta os riscos nas estradas.<\/span><\/p>\n<p><span style=\"font-weight: 400;\">Al\u00e9m disso, no estado de S\u00e3o Paulo, a<\/span><a href=\"https:\/\/www.saopaulo.sp.gov.br\/spnoticias\/artesp-alerta-para-pontos-com-incidencia-de-neblina-em-rodovias\" target=\"_blank\" rel=\"noopener\"> <span style=\"font-weight: 400;\">Artesp tamb\u00e9m alerta<\/span><\/a><span style=\"font-weight: 400;\"> que a <\/span><b>neblina favorece colis\u00f5es traseiras, sa\u00eddas de pista e choques com obst\u00e1culos<\/b><span style=\"font-weight: 400;\">. Em outras palavras: o que voc\u00ea n\u00e3o enxerga pode colocar sua vida em risco e comprometer a <\/span><b>seguran\u00e7a na estrada<\/b><span style=\"font-weight: 400;\">.<\/span><\/p>\n<h3><b>Dicas pr\u00e1ticas para dirigir em dias de neblina<\/b><\/h3>\n<p><span style=\"font-weight: 400;\">Se a viagem n\u00e3o puder ser adiada, alguns <\/span><b>cuidados simples<\/b><span style=\"font-weight: 400;\"> podem reduzir os riscos:<\/span><\/p>\n<p><img loading=\"lazy\" decoding=\"async\" class=\"aligncenter wp-image-5392 size-full\" src=\"https:\/\/www.metagal.com.br\/blog\/wp-content\/uploads\/2025\/10\/MG_Blogpost-1_Nov_2025_V1-02.png\" alt=\"Dicas pr\u00e1ticas para dirigir em dias de neblina\" width=\"851\" height=\"700\" srcset=\"https:\/\/www.metagal.com.br\/blog\/wp-content\/uploads\/2025\/10\/MG_Blogpost-1_Nov_2025_V1-02.png 851w, https:\/\/www.metagal.com.br\/blog\/wp-content\/uploads\/2025\/10\/MG_Blogpost-1_Nov_2025_V1-02-300x247.png 300w, https:\/\/www.metagal.com.br\/blog\/wp-content\/uploads\/2025\/10\/MG_Blogpost-1_Nov_2025_V1-02-768x632.png 768w\" sizes=\"auto, (max-width: 851px) 100vw, 851px\" \/><\/p>\n<p><span style=\"font-weight: 400;\">Esses cuidados<\/span> <span style=\"font-weight: 400;\">ajudam a <\/span><b>reduzir riscos<\/b><span style=\"font-weight: 400;\"> e a manter a <\/span><b>seguran\u00e7a na estrada<\/b><span style=\"font-weight: 400;\">, mesmo em condi\u00e7\u00f5es adversas.<\/span><\/p>\n<h3><b>Tecnologia como aliada da seguran\u00e7a na estrada<\/b><\/h3>\n<p><span style=\"font-weight: 400;\">Na Metagal, acreditamos que a <\/span><b>seguran\u00e7a come\u00e7a com a visibilidade<\/b><span style=\"font-weight: 400;\">. Por isso, desenvolvemos solu\u00e7\u00f5es com <\/span><a href=\"https:\/\/www.metagal.com.br\/blog\/retrovisores-novas-tecnologias-retrovisao-garantem-maior-seguranca\/?utm_medium=blogpost&amp;utm_source=site&amp;utm_campaign=baixa-visibilidade-e-seguran%C3%A7a-na-estrada&amp;utm_content=hiperlink\"><span style=\"font-weight: 400;\">novas tecnologias<\/span><\/a><span style=\"font-weight: 400;\"> que ampliam o campo de vis\u00e3o do motorista:<\/span><\/p>\n<ul>\n<li style=\"font-weight: 400;\" aria-level=\"1\"><b>Retrovisores inteligentes com c\u00e2mera integrada<\/b><span style=\"font-weight: 400;\">: ajudam a enxergar o que o olho humano n\u00e3o alcan\u00e7a.<\/span><\/li>\n<li style=\"font-weight: 400;\" aria-level=\"1\"><b>LCD Full Mirror<\/b><span style=\"font-weight: 400;\">: transforma o retrovisor em tela com vis\u00e3o expandida, eliminando pontos cegos.<\/span><\/li>\n<li style=\"font-weight: 400;\" aria-level=\"1\"><a href=\"https:\/\/www.metagal.com.br\/blog\/small-lights-metagal\/?utm_medium=blogpost&amp;utm_source=site&amp;utm_campaign=baixa-visibilidade-e-seguran%C3%A7a-na-estrada&amp;utm_content=hiperlink\"><b>Small Lights<\/b><\/a><span style=\"font-weight: 400;\">: aumentam a percep\u00e7\u00e3o do ve\u00edculo por outros motoristas.<\/span><\/li>\n<\/ul>\n<p><span style=\"font-weight: 400;\">Essas tecnologias se tornaram grandes aliadas para enfrentar condi\u00e7\u00f5es de <\/span><b>baixa visibilidade<\/b><span style=\"font-weight: 400;\"> e garantir mais tranquilidade na estrada.<\/span><\/p>\n<h3><b>Seguran\u00e7a e inova\u00e7\u00e3o: o compromisso da Metagal<\/b><\/h3>\n<p><span style=\"font-weight: 400;\">Neblina, chuva ou sinaliza\u00e7\u00e3o prec\u00e1ria: n\u00e3o importa a condi\u00e7\u00e3o, a seguran\u00e7a deve estar sempre em primeiro lugar.<\/span><\/p>\n<p><span style=\"font-weight: 400;\">A Metagal investe continuamente em tecnologia para que motoristas tenham mais confian\u00e7a e prote\u00e7\u00e3o em cada trajeto. <\/span><b>Afinal, seguran\u00e7a na estrada \u00e9 o que move nossa inova\u00e7\u00e3o.<\/b><\/p>\n<p><span style=\"font-weight: 400;\">Quer mais dicas e informa\u00e7\u00f5es para dirigir com mais seguran\u00e7a?<\/span><\/p>\n<p><a href=\"http:\/\/https:\/\/www.metagal.com.br\/blog\/?utm_medium=blogpost&amp;utm_source=site&amp;utm_campaign=baixa-visibilidade-e-seguran%C3%A7a-na-estrada&amp;utm_content=cta\"><img loading=\"lazy\" decoding=\"async\" class=\"aligncenter wp-image-5393 size-full\" src=\"https:\/\/www.metagal.com.br\/blog\/wp-content\/uploads\/2025\/10\/MG_Blogpost-1_Nov_2025_V1-03.png\" alt=\"Encontre outros conte\u00fados \u00fateis para motoristas no blog da Metagal.\" width=\"900\" height=\"256\" srcset=\"https:\/\/www.metagal.com.br\/blog\/wp-content\/uploads\/2025\/10\/MG_Blogpost-1_Nov_2025_V1-03.png 900w, https:\/\/www.metagal.com.br\/blog\/wp-content\/uploads\/2025\/10\/MG_Blogpost-1_Nov_2025_V1-03-300x85.png 300w, https:\/\/www.metagal.com.br\/blog\/wp-content\/uploads\/2025\/10\/MG_Blogpost-1_Nov_2025_V1-03-768x218.png 768w\" sizes=\"auto, (max-width: 900px) 100vw, 900px\" \/><\/a><\/p>\n","protected":false},"excerpt":{"rendered":"<p>A baixa visibilidade causada pela neblina representa um dos maiores desafios para a seguran\u00e7a na estrada. Voc\u00ea j\u00e1 dirigiu em&#8230;<\/p>\n","protected":false},"author":1,"featured_media":5391,"comment_status":"open","ping_status":"open","sticky":false,"template":"","format":"standard","meta":{"footnotes":""},"categories":[1],"tags":[655,226,654,656,363,401],"class_list":["post-5390","post","type-post","status-publish","format-standard","has-post-thumbnail","hentry","category-sem-categoria","tag-baixa-visibilidade","tag-metagal","tag-neblina","tag-seguranca-na-estrada","tag-transito-seguro","tag-visibilidade"],"yoast_head":"<!-- This site is optimized with the Yoast SEO plugin v25.9 - https:\/\/yoast.com\/wordpress\/plugins\/seo\/ -->\n<title>Baixa visibilidade: como dirigir com seguran\u00e7a na estrada?<\/title>\n<meta name=\"description\" content=\"Neblina e baixa visibilidade s\u00e3o condi\u00e7\u00f5es que afetam a seguran\u00e7a na estrada. Veja dicas pr\u00e1ticas da Metagal para dirigir sem riscos.\" \/>\n<meta name=\"robots\" content=\"index, follow, max-snippet:-1, max-image-preview:large, max-video-preview:-1\" \/>\n<link rel=\"canonical\" href=\"https:\/\/www.metagal.com.br\/blog\/neblina-e-baixa-visibilidade\/\" \/>\n<meta property=\"og:locale\" content=\"pt_BR\" \/>\n<meta property=\"og:type\" content=\"article\" \/>\n<meta property=\"og:title\" content=\"Baixa visibilidade: como dirigir com seguran\u00e7a na estrada?\" \/>\n<meta property=\"og:description\" content=\"Neblina e baixa visibilidade s\u00e3o condi\u00e7\u00f5es que afetam a seguran\u00e7a na estrada. Veja dicas pr\u00e1ticas da Metagal para dirigir sem riscos.\" \/>\n<meta property=\"og:url\" content=\"https:\/\/www.metagal.com.br\/blog\/neblina-e-baixa-visibilidade\/\" \/>\n<meta property=\"og:site_name\" content=\"Blog Metagal\" \/>\n<meta property=\"article:published_time\" content=\"2025-11-14T13:00:40+00:00\" \/>\n<meta property=\"og:image\" content=\"https:\/\/www.metagal.com.br\/blog\/wp-content\/uploads\/2025\/10\/MG_Blogpost-1_Nov_2025_V1-01.png\" \/>\n\t<meta property=\"og:image:width\" content=\"1516\" \/>\n\t<meta property=\"og:image:height\" content=\"864\" \/>\n\t<meta property=\"og:image:type\" content=\"image\/png\" \/>\n<meta name=\"author\" content=\"Metagal\" \/>\n<meta name=\"twitter:card\" content=\"summary_large_image\" \/>\n<meta name=\"twitter:label1\" content=\"Escrito por\" \/>\n\t<meta name=\"twitter:data1\" content=\"Metagal\" \/>\n\t<meta name=\"twitter:label2\" content=\"Est. tempo de leitura\" \/>\n\t<meta name=\"twitter:data2\" content=\"3 minutos\" \/>\n<script type=\"application\/ld+json\" class=\"yoast-schema-graph\">{\"@context\":\"https:\/\/schema.org\",\"@graph\":[{\"@type\":\"Article\",\"@id\":\"https:\/\/www.metagal.com.br\/blog\/neblina-e-baixa-visibilidade\/#article\",\"isPartOf\":{\"@id\":\"https:\/\/www.metagal.com.br\/blog\/neblina-e-baixa-visibilidade\/\"},\"author\":{\"name\":\"Metagal\",\"@id\":\"https:\/\/www.metagal.com.br\/blog\/#\/schema\/person\/86708538b26ec57abb56975e5bc3f3bf\"},\"headline\":\"Neblina e baixa visibilidade: o que todo motorista precisa saber para ter seguran\u00e7a na estrada\",\"datePublished\":\"2025-11-14T13:00:40+00:00\",\"mainEntityOfPage\":{\"@id\":\"https:\/\/www.metagal.com.br\/blog\/neblina-e-baixa-visibilidade\/\"},\"wordCount\":483,\"commentCount\":0,\"publisher\":{\"@id\":\"https:\/\/www.metagal.com.br\/blog\/#organization\"},\"image\":{\"@id\":\"https:\/\/www.metagal.com.br\/blog\/neblina-e-baixa-visibilidade\/#primaryimage\"},\"thumbnailUrl\":\"https:\/\/www.metagal.com.br\/blog\/wp-content\/uploads\/2025\/10\/MG_Blogpost-1_Nov_2025_V1-01.png\",\"keywords\":[\"baixa visibilidade\",\"Metagal\",\"neblina\",\"seguran\u00e7a na estrada\",\"tr\u00e2nsito seguro\",\"Visibilidade\"],\"inLanguage\":\"pt-BR\",\"potentialAction\":[{\"@type\":\"CommentAction\",\"name\":\"Comment\",\"target\":[\"https:\/\/www.metagal.com.br\/blog\/neblina-e-baixa-visibilidade\/#respond\"]}]},{\"@type\":\"WebPage\",\"@id\":\"https:\/\/www.metagal.com.br\/blog\/neblina-e-baixa-visibilidade\/\",\"url\":\"https:\/\/www.metagal.com.br\/blog\/neblina-e-baixa-visibilidade\/\",\"name\":\"Baixa visibilidade: como dirigir com seguran\u00e7a na estrada?\",\"isPartOf\":{\"@id\":\"https:\/\/www.metagal.com.br\/blog\/#website\"},\"primaryImageOfPage\":{\"@id\":\"https:\/\/www.metagal.com.br\/blog\/neblina-e-baixa-visibilidade\/#primaryimage\"},\"image\":{\"@id\":\"https:\/\/www.metagal.com.br\/blog\/neblina-e-baixa-visibilidade\/#primaryimage\"},\"thumbnailUrl\":\"https:\/\/www.metagal.com.br\/blog\/wp-content\/uploads\/2025\/10\/MG_Blogpost-1_Nov_2025_V1-01.png\",\"datePublished\":\"2025-11-14T13:00:40+00:00\",\"description\":\"Neblina e baixa visibilidade s\u00e3o condi\u00e7\u00f5es que afetam a seguran\u00e7a na estrada. Veja dicas pr\u00e1ticas da Metagal para dirigir sem riscos.\",\"breadcrumb\":{\"@id\":\"https:\/\/www.metagal.com.br\/blog\/neblina-e-baixa-visibilidade\/#breadcrumb\"},\"inLanguage\":\"pt-BR\",\"potentialAction\":[{\"@type\":\"ReadAction\",\"target\":[\"https:\/\/www.metagal.com.br\/blog\/neblina-e-baixa-visibilidade\/\"]}]},{\"@type\":\"ImageObject\",\"inLanguage\":\"pt-BR\",\"@id\":\"https:\/\/www.metagal.com.br\/blog\/neblina-e-baixa-visibilidade\/#primaryimage\",\"url\":\"https:\/\/www.metagal.com.br\/blog\/wp-content\/uploads\/2025\/10\/MG_Blogpost-1_Nov_2025_V1-01.png\",\"contentUrl\":\"https:\/\/www.metagal.com.br\/blog\/wp-content\/uploads\/2025\/10\/MG_Blogpost-1_Nov_2025_V1-01.png\",\"width\":1516,\"height\":864,\"caption\":\"Estrada coberta por neblina espessa, criando condi\u00e7\u00f5es de baixa visibilidade para motoristas, com \u00e1rvores parcialmente vis\u00edveis ao redor\"},{\"@type\":\"BreadcrumbList\",\"@id\":\"https:\/\/www.metagal.com.br\/blog\/neblina-e-baixa-visibilidade\/#breadcrumb\",\"itemListElement\":[{\"@type\":\"ListItem\",\"position\":1,\"name\":\"In\u00edcio\",\"item\":\"https:\/\/www.metagal.com.br\/blog\/\"},{\"@type\":\"ListItem\",\"position\":2,\"name\":\"Neblina e baixa visibilidade: o que todo motorista precisa saber para ter seguran\u00e7a na estrada\"}]},{\"@type\":\"WebSite\",\"@id\":\"https:\/\/www.metagal.com.br\/blog\/#website\",\"url\":\"https:\/\/www.metagal.com.br\/blog\/\",\"name\":\"Blog Metagal\",\"description\":\"Metagal | L\u00edder no desenvolvimento e produ\u00e7\u00e3o de espelhos retrovisores\",\"publisher\":{\"@id\":\"https:\/\/www.metagal.com.br\/blog\/#organization\"},\"potentialAction\":[{\"@type\":\"SearchAction\",\"target\":{\"@type\":\"EntryPoint\",\"urlTemplate\":\"https:\/\/www.metagal.com.br\/blog\/?s={search_term_string}\"},\"query-input\":{\"@type\":\"PropertyValueSpecification\",\"valueRequired\":true,\"valueName\":\"search_term_string\"}}],\"inLanguage\":\"pt-BR\"},{\"@type\":\"Organization\",\"@id\":\"https:\/\/www.metagal.com.br\/blog\/#organization\",\"name\":\"Metagal - L\u00edder em Desenvolvimento e Produ\u00e7\u00e3o de Espelhos Retrovisores\",\"url\":\"https:\/\/www.metagal.com.br\/blog\/\",\"logo\":{\"@type\":\"ImageObject\",\"inLanguage\":\"pt-BR\",\"@id\":\"https:\/\/www.metagal.com.br\/blog\/#\/schema\/logo\/image\/\",\"url\":\"https:\/\/www.metagal.com.br\/blog\/wp-content\/uploads\/2018\/11\/Favicon.png\",\"contentUrl\":\"https:\/\/www.metagal.com.br\/blog\/wp-content\/uploads\/2018\/11\/Favicon.png\",\"width\":100,\"height\":100,\"caption\":\"Metagal - L\u00edder em Desenvolvimento e Produ\u00e7\u00e3o de Espelhos Retrovisores\"},\"image\":{\"@id\":\"https:\/\/www.metagal.com.br\/blog\/#\/schema\/logo\/image\/\"}},{\"@type\":\"Person\",\"@id\":\"https:\/\/www.metagal.com.br\/blog\/#\/schema\/person\/86708538b26ec57abb56975e5bc3f3bf\",\"name\":\"Metagal\",\"image\":{\"@type\":\"ImageObject\",\"inLanguage\":\"pt-BR\",\"@id\":\"https:\/\/www.metagal.com.br\/blog\/#\/schema\/person\/image\/\",\"url\":\"https:\/\/secure.gravatar.com\/avatar\/5b99f1b1706488192643fded2a661508?s=96&d=mm&r=g\",\"contentUrl\":\"https:\/\/secure.gravatar.com\/avatar\/5b99f1b1706488192643fded2a661508?s=96&d=mm&r=g\",\"caption\":\"Metagal\"},\"url\":\"https:\/\/www.metagal.com.br\/blog\/autor\/layerup\/\"}]}<\/script>\n<!-- \/ Yoast SEO plugin. -->","yoast_head_json":{"title":"Baixa visibilidade: como dirigir com seguran\u00e7a na estrada?","description":"Neblina e baixa visibilidade s\u00e3o condi\u00e7\u00f5es que afetam a seguran\u00e7a na estrada. Veja dicas pr\u00e1ticas da Metagal para dirigir sem riscos.","robots":{"index":"index","follow":"follow","max-snippet":"max-snippet:-1","max-image-preview":"max-image-preview:large","max-video-preview":"max-video-preview:-1"},"canonical":"https:\/\/www.metagal.com.br\/blog\/neblina-e-baixa-visibilidade\/","og_locale":"pt_BR","og_type":"article","og_title":"Baixa visibilidade: como dirigir com seguran\u00e7a na estrada?","og_description":"Neblina e baixa visibilidade s\u00e3o condi\u00e7\u00f5es que afetam a seguran\u00e7a na estrada. Veja dicas pr\u00e1ticas da Metagal para dirigir sem riscos.","og_url":"https:\/\/www.metagal.com.br\/blog\/neblina-e-baixa-visibilidade\/","og_site_name":"Blog Metagal","article_published_time":"2025-11-14T13:00:40+00:00","og_image":[{"width":1516,"height":864,"url":"https:\/\/www.metagal.com.br\/blog\/wp-content\/uploads\/2025\/10\/MG_Blogpost-1_Nov_2025_V1-01.png","type":"image\/png"}],"author":"Metagal","twitter_card":"summary_large_image","twitter_misc":{"Escrito por":"Metagal","Est. tempo de leitura":"3 minutos"},"schema":{"@context":"https:\/\/schema.org","@graph":[{"@type":"Article","@id":"https:\/\/www.metagal.com.br\/blog\/neblina-e-baixa-visibilidade\/#article","isPartOf":{"@id":"https:\/\/www.metagal.com.br\/blog\/neblina-e-baixa-visibilidade\/"},"author":{"name":"Metagal","@id":"https:\/\/www.metagal.com.br\/blog\/#\/schema\/person\/86708538b26ec57abb56975e5bc3f3bf"},"headline":"Neblina e baixa visibilidade: o que todo motorista precisa saber para ter seguran\u00e7a na estrada","datePublished":"2025-11-14T13:00:40+00:00","mainEntityOfPage":{"@id":"https:\/\/www.metagal.com.br\/blog\/neblina-e-baixa-visibilidade\/"},"wordCount":483,"commentCount":0,"publisher":{"@id":"https:\/\/www.metagal.com.br\/blog\/#organization"},"image":{"@id":"https:\/\/www.metagal.com.br\/blog\/neblina-e-baixa-visibilidade\/#primaryimage"},"thumbnailUrl":"https:\/\/www.metagal.com.br\/blog\/wp-content\/uploads\/2025\/10\/MG_Blogpost-1_Nov_2025_V1-01.png","keywords":["baixa visibilidade","Metagal","neblina","seguran\u00e7a na estrada","tr\u00e2nsito seguro","Visibilidade"],"inLanguage":"pt-BR","potentialAction":[{"@type":"CommentAction","name":"Comment","target":["https:\/\/www.metagal.com.br\/blog\/neblina-e-baixa-visibilidade\/#respond"]}]},{"@type":"WebPage","@id":"https:\/\/www.metagal.com.br\/blog\/neblina-e-baixa-visibilidade\/","url":"https:\/\/www.metagal.com.br\/blog\/neblina-e-baixa-visibilidade\/","name":"Baixa visibilidade: como dirigir com seguran\u00e7a na estrada?","isPartOf":{"@id":"https:\/\/www.metagal.com.br\/blog\/#website"},"primaryImageOfPage":{"@id":"https:\/\/www.metagal.com.br\/blog\/neblina-e-baixa-visibilidade\/#primaryimage"},"image":{"@id":"https:\/\/www.metagal.com.br\/blog\/neblina-e-baixa-visibilidade\/#primaryimage"},"thumbnailUrl":"https:\/\/www.metagal.com.br\/blog\/wp-content\/uploads\/2025\/10\/MG_Blogpost-1_Nov_2025_V1-01.png","datePublished":"2025-11-14T13:00:40+00:00","description":"Neblina e baixa visibilidade s\u00e3o condi\u00e7\u00f5es que afetam a seguran\u00e7a na estrada. Veja dicas pr\u00e1ticas da Metagal para dirigir sem riscos.","breadcrumb":{"@id":"https:\/\/www.metagal.com.br\/blog\/neblina-e-baixa-visibilidade\/#breadcrumb"},"inLanguage":"pt-BR","potentialAction":[{"@type":"ReadAction","target":["https:\/\/www.metagal.com.br\/blog\/neblina-e-baixa-visibilidade\/"]}]},{"@type":"ImageObject","inLanguage":"pt-BR","@id":"https:\/\/www.metagal.com.br\/blog\/neblina-e-baixa-visibilidade\/#primaryimage","url":"https:\/\/www.metagal.com.br\/blog\/wp-content\/uploads\/2025\/10\/MG_Blogpost-1_Nov_2025_V1-01.png","contentUrl":"https:\/\/www.metagal.com.br\/blog\/wp-content\/uploads\/2025\/10\/MG_Blogpost-1_Nov_2025_V1-01.png","width":1516,"height":864,"caption":"Estrada coberta por neblina espessa, criando condi\u00e7\u00f5es de baixa visibilidade para motoristas, com \u00e1rvores parcialmente vis\u00edveis ao redor"},{"@type":"BreadcrumbList","@id":"https:\/\/www.metagal.com.br\/blog\/neblina-e-baixa-visibilidade\/#breadcrumb","itemListElement":[{"@type":"ListItem","position":1,"name":"In\u00edcio","item":"https:\/\/www.metagal.com.br\/blog\/"},{"@type":"ListItem","position":2,"name":"Neblina e baixa visibilidade: o que todo motorista precisa saber para ter seguran\u00e7a na estrada"}]},{"@type":"WebSite","@id":"https:\/\/www.metagal.com.br\/blog\/#website","url":"https:\/\/www.metagal.com.br\/blog\/","name":"Blog Metagal","description":"Metagal | L\u00edder no desenvolvimento e produ\u00e7\u00e3o de espelhos retrovisores","publisher":{"@id":"https:\/\/www.metagal.com.br\/blog\/#organization"},"potentialAction":[{"@type":"SearchAction","target":{"@type":"EntryPoint","urlTemplate":"https:\/\/www.metagal.com.br\/blog\/?s={search_term_string}"},"query-input":{"@type":"PropertyValueSpecification","valueRequired":true,"valueName":"search_term_string"}}],"inLanguage":"pt-BR"},{"@type":"Organization","@id":"https:\/\/www.metagal.com.br\/blog\/#organization","name":"Metagal - L\u00edder em Desenvolvimento e Produ\u00e7\u00e3o de Espelhos Retrovisores","url":"https:\/\/www.metagal.com.br\/blog\/","logo":{"@type":"ImageObject","inLanguage":"pt-BR","@id":"https:\/\/www.metagal.com.br\/blog\/#\/schema\/logo\/image\/","url":"https:\/\/www.metagal.com.br\/blog\/wp-content\/uploads\/2018\/11\/Favicon.png","contentUrl":"https:\/\/www.metagal.com.br\/blog\/wp-content\/uploads\/2018\/11\/Favicon.png","width":100,"height":100,"caption":"Metagal - L\u00edder em Desenvolvimento e Produ\u00e7\u00e3o de Espelhos Retrovisores"},"image":{"@id":"https:\/\/www.metagal.com.br\/blog\/#\/schema\/logo\/image\/"}},{"@type":"Person","@id":"https:\/\/www.metagal.com.br\/blog\/#\/schema\/person\/86708538b26ec57abb56975e5bc3f3bf","name":"Metagal","image":{"@type":"ImageObject","inLanguage":"pt-BR","@id":"https:\/\/www.metagal.com.br\/blog\/#\/schema\/person\/image\/","url":"https:\/\/secure.gravatar.com\/avatar\/5b99f1b1706488192643fded2a661508?s=96&d=mm&r=g","contentUrl":"https:\/\/secure.gravatar.com\/avatar\/5b99f1b1706488192643fded2a661508?s=96&d=mm&r=g","caption":"Metagal"},"url":"https:\/\/www.metagal.com.br\/blog\/autor\/layerup\/"}]}},"_links":{"self":[{"href":"https:\/\/www.metagal.com.br\/blog\/wp-json\/wp\/v2\/posts\/5390","targetHints":{"allow":["GET"]}}],"collection":[{"href":"https:\/\/www.metagal.com.br\/blog\/wp-json\/wp\/v2\/posts"}],"about":[{"href":"https:\/\/www.metagal.com.br\/blog\/wp-json\/wp\/v2\/types\/post"}],"author":[{"embeddable":true,"href":"https:\/\/www.metagal.com.br\/blog\/wp-json\/wp\/v2\/users\/1"}],"replies":[{"embeddable":true,"href":"https:\/\/www.metagal.com.br\/blog\/wp-json\/wp\/v2\/comments?post=5390"}],"version-history":[{"count":5,"href":"https:\/\/www.metagal.com.br\/blog\/wp-json\/wp\/v2\/posts\/5390\/revisions"}],"predecessor-version":[{"id":5398,"href":"https:\/\/www.metagal.com.br\/blog\/wp-json\/wp\/v2\/posts\/5390\/revisions\/5398"}],"wp:featuredmedia":[{"embeddable":true,"href":"https:\/\/www.metagal.com.br\/blog\/wp-json\/wp\/v2\/media\/5391"}],"wp:attachment":[{"href":"https:\/\/www.metagal.com.br\/blog\/wp-json\/wp\/v2\/media?parent=5390"}],"wp:term":[{"taxonomy":"category","embeddable":true,"href":"https:\/\/www.metagal.com.br\/blog\/wp-json\/wp\/v2\/categories?post=5390"},{"taxonomy":"post_tag","embeddable":true,"href":"https:\/\/www.metagal.com.br\/blog\/wp-json\/wp\/v2\/tags?post=5390"}],"curies":[{"name":"wp","href":"https:\/\/api.w.org\/{rel}","templated":true}]}}