{"id":5407,"date":"2026-01-26T11:06:30","date_gmt":"2026-01-26T14:06:30","guid":{"rendered":"https:\/\/www.metagal.com.br\/blog\/?p=5407"},"modified":"2026-01-26T17:40:00","modified_gmt":"2026-01-26T20:40:00","slug":"seguranca-transito-como-evitar-ofuscamento-visao","status":"publish","type":"post","link":"https:\/\/www.metagal.com.br\/blog\/seguranca-transito-como-evitar-ofuscamento-visao\/","title":{"rendered":"Seguran\u00e7a no tr\u00e2nsito: como evitar o ofuscamento da vis\u00e3o e dirigir com mais conforto no ver\u00e3o?"},"content":{"rendered":"<p><span style=\"font-weight: 400;\">Conduzir um ve\u00edculo nos meses mais quentes do ano apresenta alguns desafios, e n\u00e3o apenas relacionados \u00e0 temperatura, mas tamb\u00e9m em rela\u00e7\u00e3o \u00e0<\/span> <a href=\"https:\/\/www.metagal.com.br\/blog\/personalizacoes-automotivas-irregulares\/?utm_medium=blogpost&amp;utm_source=site&amp;utm_campaign=seguranca-no-transito&amp;utm_term=engajamento&amp;utm_content=hiperlink\"><span style=\"font-weight: 400;\">seguran\u00e7a no tr\u00e2nsito<\/span><\/a><span style=\"font-weight: 400;\">. Afinal, a luz solar pode impactar diretamente na experi\u00eancia dos motoristas, gerar ofuscamento da vis\u00e3o e deixar a <\/span><b>condu\u00e7\u00e3o mais perigosa<\/b><span style=\"font-weight: 400;\">.<\/span><\/p>\n<p><span style=\"font-weight: 400;\">Durante o ver\u00e3o, especialmente no in\u00edcio da manh\u00e3 ou final da tarde, a luz solar costuma refletir no carro em um \u00e2ngulo que gera desconforto aos olhos dos condutores.\u00a0<\/span><\/p>\n<p><span style=\"font-weight: 400;\">Al\u00e9m disso, ela tamb\u00e9m pode incidir em partes do autom\u00f3vel que acabam gerando <\/span><b>dificuldades na visibilidade<\/b><span style=\"font-weight: 400;\">. Com isso, o motorista n\u00e3o enxerga bem a via, os outros ve\u00edculos, pedestres e tudo mais que surgir pela frente.<\/span><\/p>\n<h2><span style=\"font-weight: 400;\">Dirigir sob forte luz solar requer aten\u00e7\u00e3o redobrada para a seguran\u00e7a no tr\u00e2nsito<\/span><\/h2>\n<p><span style=\"font-weight: 400;\">Pegar a estrada em dias de sol forte, como no ver\u00e3o, demanda ainda mais aten\u00e7\u00e3o dos motoristas. E essa condi\u00e7\u00e3o natural leva um nome espec\u00edfico de acordo com os \u00f3rg\u00e3os de tr\u00e2nsito: <\/span><b>condi\u00e7\u00f5es adversas<\/b><span style=\"font-weight: 400;\">.<\/span><\/p>\n<p><span style=\"font-weight: 400;\">De acordo com o <\/span><a href=\"https:\/\/www.detran.pe.gov.br\/images\/educacao\/CartilhaDetranDirecaoDefensiva.pdf?utm_source=chatgpt.com\" target=\"_blank\" rel=\"noopener\"><span style=\"font-weight: 400;\">Detran-PE<\/span><\/a><span style=\"font-weight: 400;\">, elas s\u00e3o caracterizadas por \u201cfatores que podem prejudicar o seu real desempenho no ato de conduzir, tornando maior a possibilidade de um acidente de tr\u00e2nsito\u201d.\u00a0<\/span><\/p>\n<p><span style=\"font-weight: 400;\">H\u00e1 diferentes tipos de &#8220;condi\u00e7\u00f5es adversas&#8221;, sendo uma delas as \u201ccondi\u00e7\u00f5es adversas da luz\u201d, abordadas frequentemente em t\u00e9cnicas de <\/span><b>dire\u00e7\u00e3o defensiva<\/b><span style=\"font-weight: 400;\">. Neste caso, a alta claridade pode provocar dificuldades de visualiza\u00e7\u00e3o e reduzir a seguran\u00e7a no tr\u00e2nsito.<\/span><\/p>\n<p><b>Al\u00e9m da luz solar, o ofuscamento da vis\u00e3o pode ocorrer devido a:<\/b><\/p>\n<ul>\n<li style=\"font-weight: 400;\" aria-level=\"1\"><span style=\"font-weight: 400;\">Farol alto de ve\u00edculo no sentido contr\u00e1rio;<\/span><\/li>\n<li style=\"font-weight: 400;\" aria-level=\"1\"><span style=\"font-weight: 400;\">Reflexo da luz solar em espelhos ou para-brisa;<\/span><\/li>\n<li style=\"font-weight: 400;\" aria-level=\"1\"><span style=\"font-weight: 400;\">Mudan\u00e7a brusca de luminosidade em trechos do deslocamento.<\/span><\/li>\n<\/ul>\n<p>&nbsp;<\/p>\n<p><a href=\"https:\/\/www.metagal.com.br\/produtos\/?utm_medium=blogpost&amp;utm_source=site&amp;utm_campaign=produtos-metagal&amp;utm_term=engajamento&amp;utm_content=cta\"><img loading=\"lazy\" decoding=\"async\" class=\"alignnone wp-image-5409 size-full\" src=\"https:\/\/www.metagal.com.br\/blog\/wp-content\/uploads\/2026\/01\/image3.png\" alt=\"seguran\u00e7a no tr\u00e2nsito\" width=\"1516\" height=\"500\" srcset=\"https:\/\/www.metagal.com.br\/blog\/wp-content\/uploads\/2026\/01\/image3.png 1516w, https:\/\/www.metagal.com.br\/blog\/wp-content\/uploads\/2026\/01\/image3-300x99.png 300w, https:\/\/www.metagal.com.br\/blog\/wp-content\/uploads\/2026\/01\/image3-1024x338.png 1024w, https:\/\/www.metagal.com.br\/blog\/wp-content\/uploads\/2026\/01\/image3-768x253.png 768w\" sizes=\"auto, (max-width: 1516px) 100vw, 1516px\" \/><\/a><\/p>\n<h2><span style=\"font-weight: 400;\">Como a Metagal diminui o ofuscamento da vis\u00e3o e oferece mais seguran\u00e7a no tr\u00e2nsito?<\/span><\/h2>\n<p><span style=\"font-weight: 400;\">Voc\u00ea entendeu como a forte luz solar do ver\u00e3o pode prejudicar a condu\u00e7\u00e3o dos motoristas e contribuir em acidentes, certo? Mas sabe como resolver o problema?<\/span><\/p>\n<p><b>A Metagal tem uma recomenda\u00e7\u00e3o especial para mais seguran\u00e7a no tr\u00e2nsito<\/b><span style=\"font-weight: 400;\">! Com <\/span><a href=\"https:\/\/www.metagal.com.br\/quem-somos\/?utm_medium=blogpost&amp;utm_source=site&amp;utm_campaign=quem-somos&amp;utm_term=engajamento&amp;utm_content=hiperlink\"><span style=\"font-weight: 400;\">experi\u00eancia de 60 anos<\/span><\/a><span style=\"font-weight: 400;\"> na ind\u00fastria automotiva e l\u00edder no desenvolvimento, produ\u00e7\u00e3o de espelhos retrovisores e sistemas de retrovis\u00e3o em toda a Am\u00e9rica Latina, ela conta com o <\/span><b>LCD Full Mirror<\/b><span style=\"font-weight: 400;\">!<\/span><\/p>\n<p><span style=\"font-weight: 400;\">Este produto, al\u00e9m de oferecer dupla fun\u00e7\u00e3o, com troca do modo LCD para o modo espelho, tamb\u00e9m tem controle de ofuscamento e retira obstru\u00e7\u00f5es do campo do motorista.<\/span><b>\u00a0<\/b><\/p>\n<p><b>E n\u00e3o para por a\u00ed!<\/b><span style=\"font-weight: 400;\"> O LCD Full Mirror ainda aumenta em mais de 50\u00b0 a vis\u00e3o da c\u00e2mera traseira, o que torna a dire\u00e7\u00e3o bem mais segura e pr\u00e1tica.<\/span><\/p>\n<p><b>LCD Full Mirror \u00e9 resultado de tecnologia e inova\u00e7\u00e3o:<\/b><\/p>\n<ul>\n<li style=\"font-weight: 400;\" aria-level=\"1\"><span style=\"font-weight: 400;\">Dupla fun\u00e7\u00e3o: LCD para o modo espelho;<\/span><\/li>\n<li style=\"font-weight: 400;\" aria-level=\"1\"><span style=\"font-weight: 400;\">Controle de ofuscamento;<\/span><\/li>\n<li style=\"font-weight: 400;\" aria-level=\"1\"><span style=\"font-weight: 400;\">Elimina\u00e7\u00e3o de obstru\u00e7\u00f5es do campo de vis\u00e3o;<\/span><\/li>\n<li style=\"font-weight: 400;\" aria-level=\"1\"><span style=\"font-weight: 400;\">Aumento do \u00e2ngulo de vis\u00e3o da c\u00e2mera traseira;<\/span><\/li>\n<li style=\"font-weight: 400;\" aria-level=\"1\"><span style=\"font-weight: 400;\">Dire\u00e7\u00e3o ainda mais segura no cotidiano.<\/span><\/li>\n<\/ul>\n<h3><span style=\"font-weight: 400;\">Dica extra para dirigir com mais conforto visual no ver\u00e3o<\/span><\/h3>\n<p><span style=\"font-weight: 400;\">Com a luz solar forte batendo diretamente nos espelhos, \u00e9 poss\u00edvel tamb\u00e9m realizar <\/span><b>ajustes de posi\u00e7\u00e3o<\/b><span style=\"font-weight: 400;\"> para mais conforto e seguran\u00e7a na condu\u00e7\u00e3o do ve\u00edculo.<\/span><\/p>\n<p><span style=\"font-weight: 400;\">Utilize a fun\u00e7\u00e3o<\/span><b> \u201cdia\/noite\u201d<\/b><span style=\"font-weight: 400;\"> do carro e evite objetos no banco traseiro, afinal, itens brilhantes podem refletir luz no espelho e dificultar a vis\u00e3o do motorista.\u00a0<\/span><\/p>\n<p><span style=\"font-weight: 400;\">Al\u00e9m disso, <\/span><b>incline os espelhos dos retrovisores externos<\/b><span style=\"font-weight: 400;\"> de modo que o horizonte apare\u00e7a na parte superior. Dessa forma, quando o sol estiver mais baixo, n\u00e3o deve refletir diretamente na superf\u00edcie do espelho e diminuir a seguran\u00e7a no tr\u00e2nsito.<\/span><\/p>\n<p><span style=\"font-weight: 400;\">Tamb\u00e9m \u00e9 poss\u00edvel<\/span><b> ajustar o assento<\/b><span style=\"font-weight: 400;\"> para que os olhos do motorista fiquem na metade superior do para-brisa, o que facilita a cobertura da luminosidade com o quebra-sol.<\/span><\/p>\n<h2><span style=\"font-weight: 400;\">Conte com a Metagal para uma dire\u00e7\u00e3o mais segura<\/span><\/h2>\n<p><span style=\"font-weight: 400;\">Para trazer mais<\/span><b> conforto e seguran\u00e7a <\/b><span style=\"font-weight: 400;\">no tr\u00e2nsito aos motoristas, a<\/span><b> Metagal investe continuamente em inova\u00e7\u00e3o<\/b><span style=\"font-weight: 400;\">. E faz isso criando <\/span><a href=\"https:\/\/www.metagal.com.br\/produtos\/?utm_medium=blogpost&amp;utm_source=site&amp;utm_campaign=produtos-metagal&amp;utm_term=engajamento&amp;utm_content=hiperlink\"><span style=\"font-weight: 400;\">equipamentos de \u00faltima gera\u00e7\u00e3o<\/span><\/a><span style=\"font-weight: 400;\">, realizando pesquisas e capacitando seus colaboradores com os melhores conhecimentos te\u00f3ricos e pr\u00e1ticos do setor.<\/span><\/p>\n<p><a href=\"https:\/\/www.metagal.com.br\/blog\/?utm_medium=blogpost&amp;utm_source=site&amp;utm_campaign=blog-metagal&amp;utm_term=engajamento&amp;utm_content=cta\"><img loading=\"lazy\" decoding=\"async\" class=\"alignnone wp-image-5410 size-full\" src=\"https:\/\/www.metagal.com.br\/blog\/wp-content\/uploads\/2026\/01\/image4.png\" alt=\"\" width=\"900\" height=\"256\" srcset=\"https:\/\/www.metagal.com.br\/blog\/wp-content\/uploads\/2026\/01\/image4.png 900w, https:\/\/www.metagal.com.br\/blog\/wp-content\/uploads\/2026\/01\/image4-300x85.png 300w, https:\/\/www.metagal.com.br\/blog\/wp-content\/uploads\/2026\/01\/image4-768x218.png 768w\" sizes=\"auto, (max-width: 900px) 100vw, 900px\" \/><\/a><\/p>\n","protected":false},"excerpt":{"rendered":"<p>Conduzir um ve\u00edculo nos meses mais quentes do ano apresenta alguns desafios, e n\u00e3o apenas relacionados \u00e0 temperatura, mas tamb\u00e9m&#8230;<\/p>\n","protected":false},"author":1,"featured_media":5408,"comment_status":"open","ping_status":"open","sticky":false,"template":"","format":"standard","meta":{"footnotes":""},"categories":[112],"tags":[658,273,657,425],"class_list":["post-5407","post","type-post","status-publish","format-standard","has-post-thumbnail","hentry","category-tecnologia","tag-direcao-confortavel","tag-direcao-segura","tag-ofuscamento-de-visao","tag-seguranca-automotiva"],"yoast_head":"<!-- This site is optimized with the Yoast SEO plugin v25.9 - https:\/\/yoast.com\/wordpress\/plugins\/seo\/ -->\n<title>Seguran\u00e7a no tr\u00e2nsito: como evitar o ofuscamento da vis\u00e3o?<\/title>\n<meta name=\"description\" content=\"Veja por que a luz solar exige aten\u00e7\u00e3o dos motoristas e confira dicas para evitar o ofuscamento da vis\u00e3o para maior seguran\u00e7a no tr\u00e2nsito!\" \/>\n<meta name=\"robots\" content=\"index, follow, max-snippet:-1, max-image-preview:large, max-video-preview:-1\" \/>\n<link rel=\"canonical\" href=\"https:\/\/www.metagal.com.br\/blog\/seguranca-transito-como-evitar-ofuscamento-visao\/\" \/>\n<meta property=\"og:locale\" content=\"pt_BR\" \/>\n<meta property=\"og:type\" content=\"article\" \/>\n<meta property=\"og:title\" content=\"Seguran\u00e7a no tr\u00e2nsito: como evitar o ofuscamento da vis\u00e3o?\" \/>\n<meta property=\"og:description\" content=\"Veja por que a luz solar exige aten\u00e7\u00e3o dos motoristas e confira dicas para evitar o ofuscamento da vis\u00e3o para maior seguran\u00e7a no tr\u00e2nsito!\" \/>\n<meta property=\"og:url\" content=\"https:\/\/www.metagal.com.br\/blog\/seguranca-transito-como-evitar-ofuscamento-visao\/\" \/>\n<meta property=\"og:site_name\" content=\"Blog Metagal\" \/>\n<meta property=\"article:published_time\" content=\"2026-01-26T14:06:30+00:00\" \/>\n<meta property=\"article:modified_time\" content=\"2026-01-26T20:40:00+00:00\" \/>\n<meta property=\"og:image\" content=\"https:\/\/www.metagal.com.br\/blog\/wp-content\/uploads\/2026\/01\/image1.png\" \/>\n\t<meta property=\"og:image:width\" content=\"1516\" \/>\n\t<meta property=\"og:image:height\" content=\"864\" \/>\n\t<meta property=\"og:image:type\" content=\"image\/png\" \/>\n<meta name=\"author\" content=\"Metagal\" \/>\n<meta name=\"twitter:card\" content=\"summary_large_image\" \/>\n<meta name=\"twitter:label1\" content=\"Escrito por\" \/>\n\t<meta name=\"twitter:data1\" content=\"Metagal\" \/>\n\t<meta name=\"twitter:label2\" content=\"Est. tempo de leitura\" \/>\n\t<meta name=\"twitter:data2\" content=\"5 minutos\" \/>\n<script type=\"application\/ld+json\" class=\"yoast-schema-graph\">{\"@context\":\"https:\/\/schema.org\",\"@graph\":[{\"@type\":\"Article\",\"@id\":\"https:\/\/www.metagal.com.br\/blog\/seguranca-transito-como-evitar-ofuscamento-visao\/#article\",\"isPartOf\":{\"@id\":\"https:\/\/www.metagal.com.br\/blog\/seguranca-transito-como-evitar-ofuscamento-visao\/\"},\"author\":{\"name\":\"Metagal\",\"@id\":\"https:\/\/www.metagal.com.br\/blog\/#\/schema\/person\/86708538b26ec57abb56975e5bc3f3bf\"},\"headline\":\"Seguran\u00e7a no tr\u00e2nsito: como evitar o ofuscamento da vis\u00e3o e dirigir com mais conforto no ver\u00e3o?\",\"datePublished\":\"2026-01-26T14:06:30+00:00\",\"dateModified\":\"2026-01-26T20:40:00+00:00\",\"mainEntityOfPage\":{\"@id\":\"https:\/\/www.metagal.com.br\/blog\/seguranca-transito-como-evitar-ofuscamento-visao\/\"},\"wordCount\":728,\"commentCount\":0,\"publisher\":{\"@id\":\"https:\/\/www.metagal.com.br\/blog\/#organization\"},\"image\":{\"@id\":\"https:\/\/www.metagal.com.br\/blog\/seguranca-transito-como-evitar-ofuscamento-visao\/#primaryimage\"},\"thumbnailUrl\":\"https:\/\/www.metagal.com.br\/blog\/wp-content\/uploads\/2026\/01\/image1.png\",\"keywords\":[\"dire\u00e7\u00e3o confort\u00e1vel\",\"dire\u00e7\u00e3o segura\",\"ofuscamento de vis\u00e3o\",\"seguran\u00e7a automotiva\"],\"articleSection\":[\"Tecnologia\"],\"inLanguage\":\"pt-BR\",\"potentialAction\":[{\"@type\":\"CommentAction\",\"name\":\"Comment\",\"target\":[\"https:\/\/www.metagal.com.br\/blog\/seguranca-transito-como-evitar-ofuscamento-visao\/#respond\"]}]},{\"@type\":\"WebPage\",\"@id\":\"https:\/\/www.metagal.com.br\/blog\/seguranca-transito-como-evitar-ofuscamento-visao\/\",\"url\":\"https:\/\/www.metagal.com.br\/blog\/seguranca-transito-como-evitar-ofuscamento-visao\/\",\"name\":\"Seguran\u00e7a no tr\u00e2nsito: como evitar o ofuscamento da vis\u00e3o?\",\"isPartOf\":{\"@id\":\"https:\/\/www.metagal.com.br\/blog\/#website\"},\"primaryImageOfPage\":{\"@id\":\"https:\/\/www.metagal.com.br\/blog\/seguranca-transito-como-evitar-ofuscamento-visao\/#primaryimage\"},\"image\":{\"@id\":\"https:\/\/www.metagal.com.br\/blog\/seguranca-transito-como-evitar-ofuscamento-visao\/#primaryimage\"},\"thumbnailUrl\":\"https:\/\/www.metagal.com.br\/blog\/wp-content\/uploads\/2026\/01\/image1.png\",\"datePublished\":\"2026-01-26T14:06:30+00:00\",\"dateModified\":\"2026-01-26T20:40:00+00:00\",\"description\":\"Veja por que a luz solar exige aten\u00e7\u00e3o dos motoristas e confira dicas para evitar o ofuscamento da vis\u00e3o para maior seguran\u00e7a no tr\u00e2nsito!\",\"breadcrumb\":{\"@id\":\"https:\/\/www.metagal.com.br\/blog\/seguranca-transito-como-evitar-ofuscamento-visao\/#breadcrumb\"},\"inLanguage\":\"pt-BR\",\"potentialAction\":[{\"@type\":\"ReadAction\",\"target\":[\"https:\/\/www.metagal.com.br\/blog\/seguranca-transito-como-evitar-ofuscamento-visao\/\"]}]},{\"@type\":\"ImageObject\",\"inLanguage\":\"pt-BR\",\"@id\":\"https:\/\/www.metagal.com.br\/blog\/seguranca-transito-como-evitar-ofuscamento-visao\/#primaryimage\",\"url\":\"https:\/\/www.metagal.com.br\/blog\/wp-content\/uploads\/2026\/01\/image1.png\",\"contentUrl\":\"https:\/\/www.metagal.com.br\/blog\/wp-content\/uploads\/2026\/01\/image1.png\",\"width\":1516,\"height\":864},{\"@type\":\"BreadcrumbList\",\"@id\":\"https:\/\/www.metagal.com.br\/blog\/seguranca-transito-como-evitar-ofuscamento-visao\/#breadcrumb\",\"itemListElement\":[{\"@type\":\"ListItem\",\"position\":1,\"name\":\"In\u00edcio\",\"item\":\"https:\/\/www.metagal.com.br\/blog\/\"},{\"@type\":\"ListItem\",\"position\":2,\"name\":\"Seguran\u00e7a no tr\u00e2nsito: como evitar o ofuscamento da vis\u00e3o e dirigir com mais conforto no ver\u00e3o?\"}]},{\"@type\":\"WebSite\",\"@id\":\"https:\/\/www.metagal.com.br\/blog\/#website\",\"url\":\"https:\/\/www.metagal.com.br\/blog\/\",\"name\":\"Blog Metagal\",\"description\":\"Metagal | L\u00edder no desenvolvimento e produ\u00e7\u00e3o de espelhos retrovisores\",\"publisher\":{\"@id\":\"https:\/\/www.metagal.com.br\/blog\/#organization\"},\"potentialAction\":[{\"@type\":\"SearchAction\",\"target\":{\"@type\":\"EntryPoint\",\"urlTemplate\":\"https:\/\/www.metagal.com.br\/blog\/?s={search_term_string}\"},\"query-input\":{\"@type\":\"PropertyValueSpecification\",\"valueRequired\":true,\"valueName\":\"search_term_string\"}}],\"inLanguage\":\"pt-BR\"},{\"@type\":\"Organization\",\"@id\":\"https:\/\/www.metagal.com.br\/blog\/#organization\",\"name\":\"Metagal - L\u00edder em Desenvolvimento e Produ\u00e7\u00e3o de Espelhos Retrovisores\",\"url\":\"https:\/\/www.metagal.com.br\/blog\/\",\"logo\":{\"@type\":\"ImageObject\",\"inLanguage\":\"pt-BR\",\"@id\":\"https:\/\/www.metagal.com.br\/blog\/#\/schema\/logo\/image\/\",\"url\":\"https:\/\/www.metagal.com.br\/blog\/wp-content\/uploads\/2018\/11\/Favicon.png\",\"contentUrl\":\"https:\/\/www.metagal.com.br\/blog\/wp-content\/uploads\/2018\/11\/Favicon.png\",\"width\":100,\"height\":100,\"caption\":\"Metagal - L\u00edder em Desenvolvimento e Produ\u00e7\u00e3o de Espelhos Retrovisores\"},\"image\":{\"@id\":\"https:\/\/www.metagal.com.br\/blog\/#\/schema\/logo\/image\/\"}},{\"@type\":\"Person\",\"@id\":\"https:\/\/www.metagal.com.br\/blog\/#\/schema\/person\/86708538b26ec57abb56975e5bc3f3bf\",\"name\":\"Metagal\",\"image\":{\"@type\":\"ImageObject\",\"inLanguage\":\"pt-BR\",\"@id\":\"https:\/\/www.metagal.com.br\/blog\/#\/schema\/person\/image\/\",\"url\":\"https:\/\/secure.gravatar.com\/avatar\/5b99f1b1706488192643fded2a661508?s=96&d=mm&r=g\",\"contentUrl\":\"https:\/\/secure.gravatar.com\/avatar\/5b99f1b1706488192643fded2a661508?s=96&d=mm&r=g\",\"caption\":\"Metagal\"},\"url\":\"https:\/\/www.metagal.com.br\/blog\/autor\/layerup\/\"}]}<\/script>\n<!-- \/ Yoast SEO plugin. -->","yoast_head_json":{"title":"Seguran\u00e7a no tr\u00e2nsito: como evitar o ofuscamento da vis\u00e3o?","description":"Veja por que a luz solar exige aten\u00e7\u00e3o dos motoristas e confira dicas para evitar o ofuscamento da vis\u00e3o para maior seguran\u00e7a no tr\u00e2nsito!","robots":{"index":"index","follow":"follow","max-snippet":"max-snippet:-1","max-image-preview":"max-image-preview:large","max-video-preview":"max-video-preview:-1"},"canonical":"https:\/\/www.metagal.com.br\/blog\/seguranca-transito-como-evitar-ofuscamento-visao\/","og_locale":"pt_BR","og_type":"article","og_title":"Seguran\u00e7a no tr\u00e2nsito: como evitar o ofuscamento da vis\u00e3o?","og_description":"Veja por que a luz solar exige aten\u00e7\u00e3o dos motoristas e confira dicas para evitar o ofuscamento da vis\u00e3o para maior seguran\u00e7a no tr\u00e2nsito!","og_url":"https:\/\/www.metagal.com.br\/blog\/seguranca-transito-como-evitar-ofuscamento-visao\/","og_site_name":"Blog Metagal","article_published_time":"2026-01-26T14:06:30+00:00","article_modified_time":"2026-01-26T20:40:00+00:00","og_image":[{"width":1516,"height":864,"url":"https:\/\/www.metagal.com.br\/blog\/wp-content\/uploads\/2026\/01\/image1.png","type":"image\/png"}],"author":"Metagal","twitter_card":"summary_large_image","twitter_misc":{"Escrito por":"Metagal","Est. tempo de leitura":"5 minutos"},"schema":{"@context":"https:\/\/schema.org","@graph":[{"@type":"Article","@id":"https:\/\/www.metagal.com.br\/blog\/seguranca-transito-como-evitar-ofuscamento-visao\/#article","isPartOf":{"@id":"https:\/\/www.metagal.com.br\/blog\/seguranca-transito-como-evitar-ofuscamento-visao\/"},"author":{"name":"Metagal","@id":"https:\/\/www.metagal.com.br\/blog\/#\/schema\/person\/86708538b26ec57abb56975e5bc3f3bf"},"headline":"Seguran\u00e7a no tr\u00e2nsito: como evitar o ofuscamento da vis\u00e3o e dirigir com mais conforto no ver\u00e3o?","datePublished":"2026-01-26T14:06:30+00:00","dateModified":"2026-01-26T20:40:00+00:00","mainEntityOfPage":{"@id":"https:\/\/www.metagal.com.br\/blog\/seguranca-transito-como-evitar-ofuscamento-visao\/"},"wordCount":728,"commentCount":0,"publisher":{"@id":"https:\/\/www.metagal.com.br\/blog\/#organization"},"image":{"@id":"https:\/\/www.metagal.com.br\/blog\/seguranca-transito-como-evitar-ofuscamento-visao\/#primaryimage"},"thumbnailUrl":"https:\/\/www.metagal.com.br\/blog\/wp-content\/uploads\/2026\/01\/image1.png","keywords":["dire\u00e7\u00e3o confort\u00e1vel","dire\u00e7\u00e3o segura","ofuscamento de vis\u00e3o","seguran\u00e7a automotiva"],"articleSection":["Tecnologia"],"inLanguage":"pt-BR","potentialAction":[{"@type":"CommentAction","name":"Comment","target":["https:\/\/www.metagal.com.br\/blog\/seguranca-transito-como-evitar-ofuscamento-visao\/#respond"]}]},{"@type":"WebPage","@id":"https:\/\/www.metagal.com.br\/blog\/seguranca-transito-como-evitar-ofuscamento-visao\/","url":"https:\/\/www.metagal.com.br\/blog\/seguranca-transito-como-evitar-ofuscamento-visao\/","name":"Seguran\u00e7a no tr\u00e2nsito: como evitar o ofuscamento da vis\u00e3o?","isPartOf":{"@id":"https:\/\/www.metagal.com.br\/blog\/#website"},"primaryImageOfPage":{"@id":"https:\/\/www.metagal.com.br\/blog\/seguranca-transito-como-evitar-ofuscamento-visao\/#primaryimage"},"image":{"@id":"https:\/\/www.metagal.com.br\/blog\/seguranca-transito-como-evitar-ofuscamento-visao\/#primaryimage"},"thumbnailUrl":"https:\/\/www.metagal.com.br\/blog\/wp-content\/uploads\/2026\/01\/image1.png","datePublished":"2026-01-26T14:06:30+00:00","dateModified":"2026-01-26T20:40:00+00:00","description":"Veja por que a luz solar exige aten\u00e7\u00e3o dos motoristas e confira dicas para evitar o ofuscamento da vis\u00e3o para maior seguran\u00e7a no tr\u00e2nsito!","breadcrumb":{"@id":"https:\/\/www.metagal.com.br\/blog\/seguranca-transito-como-evitar-ofuscamento-visao\/#breadcrumb"},"inLanguage":"pt-BR","potentialAction":[{"@type":"ReadAction","target":["https:\/\/www.metagal.com.br\/blog\/seguranca-transito-como-evitar-ofuscamento-visao\/"]}]},{"@type":"ImageObject","inLanguage":"pt-BR","@id":"https:\/\/www.metagal.com.br\/blog\/seguranca-transito-como-evitar-ofuscamento-visao\/#primaryimage","url":"https:\/\/www.metagal.com.br\/blog\/wp-content\/uploads\/2026\/01\/image1.png","contentUrl":"https:\/\/www.metagal.com.br\/blog\/wp-content\/uploads\/2026\/01\/image1.png","width":1516,"height":864},{"@type":"BreadcrumbList","@id":"https:\/\/www.metagal.com.br\/blog\/seguranca-transito-como-evitar-ofuscamento-visao\/#breadcrumb","itemListElement":[{"@type":"ListItem","position":1,"name":"In\u00edcio","item":"https:\/\/www.metagal.com.br\/blog\/"},{"@type":"ListItem","position":2,"name":"Seguran\u00e7a no tr\u00e2nsito: como evitar o ofuscamento da vis\u00e3o e dirigir com mais conforto no ver\u00e3o?"}]},{"@type":"WebSite","@id":"https:\/\/www.metagal.com.br\/blog\/#website","url":"https:\/\/www.metagal.com.br\/blog\/","name":"Blog Metagal","description":"Metagal | L\u00edder no desenvolvimento e produ\u00e7\u00e3o de espelhos retrovisores","publisher":{"@id":"https:\/\/www.metagal.com.br\/blog\/#organization"},"potentialAction":[{"@type":"SearchAction","target":{"@type":"EntryPoint","urlTemplate":"https:\/\/www.metagal.com.br\/blog\/?s={search_term_string}"},"query-input":{"@type":"PropertyValueSpecification","valueRequired":true,"valueName":"search_term_string"}}],"inLanguage":"pt-BR"},{"@type":"Organization","@id":"https:\/\/www.metagal.com.br\/blog\/#organization","name":"Metagal - L\u00edder em Desenvolvimento e Produ\u00e7\u00e3o de Espelhos Retrovisores","url":"https:\/\/www.metagal.com.br\/blog\/","logo":{"@type":"ImageObject","inLanguage":"pt-BR","@id":"https:\/\/www.metagal.com.br\/blog\/#\/schema\/logo\/image\/","url":"https:\/\/www.metagal.com.br\/blog\/wp-content\/uploads\/2018\/11\/Favicon.png","contentUrl":"https:\/\/www.metagal.com.br\/blog\/wp-content\/uploads\/2018\/11\/Favicon.png","width":100,"height":100,"caption":"Metagal - L\u00edder em Desenvolvimento e Produ\u00e7\u00e3o de Espelhos Retrovisores"},"image":{"@id":"https:\/\/www.metagal.com.br\/blog\/#\/schema\/logo\/image\/"}},{"@type":"Person","@id":"https:\/\/www.metagal.com.br\/blog\/#\/schema\/person\/86708538b26ec57abb56975e5bc3f3bf","name":"Metagal","image":{"@type":"ImageObject","inLanguage":"pt-BR","@id":"https:\/\/www.metagal.com.br\/blog\/#\/schema\/person\/image\/","url":"https:\/\/secure.gravatar.com\/avatar\/5b99f1b1706488192643fded2a661508?s=96&d=mm&r=g","contentUrl":"https:\/\/secure.gravatar.com\/avatar\/5b99f1b1706488192643fded2a661508?s=96&d=mm&r=g","caption":"Metagal"},"url":"https:\/\/www.metagal.com.br\/blog\/autor\/layerup\/"}]}},"_links":{"self":[{"href":"https:\/\/www.metagal.com.br\/blog\/wp-json\/wp\/v2\/posts\/5407","targetHints":{"allow":["GET"]}}],"collection":[{"href":"https:\/\/www.metagal.com.br\/blog\/wp-json\/wp\/v2\/posts"}],"about":[{"href":"https:\/\/www.metagal.com.br\/blog\/wp-json\/wp\/v2\/types\/post"}],"author":[{"embeddable":true,"href":"https:\/\/www.metagal.com.br\/blog\/wp-json\/wp\/v2\/users\/1"}],"replies":[{"embeddable":true,"href":"https:\/\/www.metagal.com.br\/blog\/wp-json\/wp\/v2\/comments?post=5407"}],"version-history":[{"count":7,"href":"https:\/\/www.metagal.com.br\/blog\/wp-json\/wp\/v2\/posts\/5407\/revisions"}],"predecessor-version":[{"id":5423,"href":"https:\/\/www.metagal.com.br\/blog\/wp-json\/wp\/v2\/posts\/5407\/revisions\/5423"}],"wp:featuredmedia":[{"embeddable":true,"href":"https:\/\/www.metagal.com.br\/blog\/wp-json\/wp\/v2\/media\/5408"}],"wp:attachment":[{"href":"https:\/\/www.metagal.com.br\/blog\/wp-json\/wp\/v2\/media?parent=5407"}],"wp:term":[{"taxonomy":"category","embeddable":true,"href":"https:\/\/www.metagal.com.br\/blog\/wp-json\/wp\/v2\/categories?post=5407"},{"taxonomy":"post_tag","embeddable":true,"href":"https:\/\/www.metagal.com.br\/blog\/wp-json\/wp\/v2\/tags?post=5407"}],"curies":[{"name":"wp","href":"https:\/\/api.w.org\/{rel}","templated":true}]}}